{"id":292065,"date":"2025-08-02T19:49:11","date_gmt":"2025-08-02T19:49:11","guid":{"rendered":"https:\/\/www.europesays.com\/fr\/292065\/"},"modified":"2025-08-02T19:49:11","modified_gmt":"2025-08-02T19:49:11","slug":"nouveaux-heurts-lors-de-manifestations-anti-migrants-au-royaume-uni","status":"publish","type":"post","link":"https:\/\/www.europesays.com\/fr\/292065\/","title":{"rendered":"Nouveaux heurts lors de manifestations anti-migrants au Royaume-Uni"},"content":{"rendered":"<p>De nouveaux heurts ont \u00e9clat\u00e9 samedi lors de manifestations anti-immigration au Royaume-Uni, et la police a proc\u00e9d\u00e9 \u00e0 des arrestations.<\/p>\n<p>Des manifestants qui appelaient \u00e0 une \u00ab\u00a0remigration\u00a0\u00bb massive, mais aussi des groupes de militants antiracistes, ont afflu\u00e9 dans le centre de Manchester, dans le nord-ouest de l&rsquo;Angleterre, lors d&rsquo;une marche organis\u00e9e par la formation d&rsquo;extr\u00eame droite \u00ab\u00a0Britain First\u00a0\u00bb (La Grande-Bretagne d&rsquo;abord)<\/p>\n<p>A Londres, manifestants et contre-manifestants ont converg\u00e9 vers un h\u00f4tel h\u00e9bergeant des demandeurs d&rsquo;asile en centre-ville, comme lors de manifestations pr\u00e9c\u00e9dentes qui avaient parfois donn\u00e9 lieu \u00e0 des violences.<\/p>\n<p>A Manchester, les deux groupes se sont affront\u00e9s bri\u00e8vement au d\u00e9but de la manifestation avant que la police ne les s\u00e9pare, selon un journaliste de l&rsquo;AFP qui se trouvait sur les lieux.<\/p>\n<p>\u00ab\u00a0C&rsquo;est une marche pour la re-migration\u00a0\u00bb, a expos\u00e9 Brendan O&rsquo;Reilly, un manifestant de 66 ans.<\/p>\n<p>\u00ab\u00a0Renvoyez-les d&rsquo;o\u00f9 ils viennent, ne les laissez pas entrer &#8211; emp\u00eachez-les simplement d&rsquo;arriver, nous avons des h\u00f4tels pleins de migrants et nous avons nos propres sans-abris qui sont dehors dans la rue, mendiant de la nourriture et sans h\u00e9bergement\u00a0\u00bb, a-t-il ajout\u00e9.<\/p>\n<p>Judy, une contre-manifestante de 60 ans, infirmi\u00e8re \u00e0 la retraite, a de son c\u00f4t\u00e9 dit \u00e0 l&rsquo;AFP \u00eatre l\u00e0 parce qu&rsquo;elle \u00ab\u00a0refuse de voir des gens pleins de haine dans les rues de Manchester\u00a0\u00bb.<\/p>\n<p>\u00ab\u00a0Veulent-ils que tout le monde s&rsquo;en aille ou est-ce seulement les gens de couleur? Je suspecte que ce sont juste les gens de couleurs qu&rsquo;ils veulent voir re-migrer\u00a0\u00bb, a-t-elle ajout\u00e9.<\/p>\n<p>A Londres, des heurts similaires ont \u00e9clat\u00e9 devant l&rsquo;h\u00f4tel du quartier du Barbican, avant que la police n&rsquo;intervienne.<\/p>\n<p>La police de Londres a \u00e9crit sur X que ses agents avaient d\u00e9gag\u00e9 un carrefour o\u00f9 les contre-manifestants s&rsquo;\u00e9taient group\u00e9s.<\/p>\n<p>\u00ab\u00a0Il y a eu neuf interpellations pour l&rsquo;instant, dont sept pour atteinte \u00e0 l&rsquo;ordre public\u00a0\u00bb, a ajout\u00e9 la police.<\/p>\n<p>Plusieurs incidents se sont produits ces derni\u00e8res semaines dans le cadre de ces mobilisations, pour la plupart dans le quartier londonien d&rsquo;Epping.<\/p>\n","protected":false},"excerpt":{"rendered":"De nouveaux heurts ont \u00e9clat\u00e9 samedi lors de manifestations anti-immigration au Royaume-Uni, et la police a proc\u00e9d\u00e9 \u00e0&hellip;\n","protected":false},"author":2,"featured_media":292066,"comment_status":"","ping_status":"","sticky":false,"template":"","format":"standard","meta":{"footnotes":""},"categories":[1588],"tags":[11,1777,674,12,473,1853,1851,1850,1852],"class_list":{"0":"post-292065","1":"post","2":"type-post","3":"status-publish","4":"format-standard","5":"has-post-thumbnail","7":"category-royaume-uni","8":"tag-actualites","9":"tag-eu","10":"tag-europe","11":"tag-news","12":"tag-royaume-uni","13":"tag-royaume-uni-de-grande-bretagne-et-dirlande-du-nord","14":"tag-uk","15":"tag-united-kingdom","16":"tag-united-kingdom-of-great-britain-and-northern-ireland"},"share_on_mastodon":{"url":"https:\/\/pubeurope.com\/@fr\/114960909139983652","error":""},"_links":{"self":[{"href":"https:\/\/www.europesays.com\/fr\/wp-json\/wp\/v2\/posts\/292065","targetHints":{"allow":["GET"]}}],"collection":[{"href":"https:\/\/www.europesays.com\/fr\/wp-json\/wp\/v2\/posts"}],"about":[{"href":"https:\/\/www.europesays.com\/fr\/wp-json\/wp\/v2\/types\/post"}],"author":[{"embeddable":true,"href":"https:\/\/www.europesays.com\/fr\/wp-json\/wp\/v2\/users\/2"}],"replies":[{"embeddable":true,"href":"https:\/\/www.europesays.com\/fr\/wp-json\/wp\/v2\/comments?post=292065"}],"version-history":[{"count":0,"href":"https:\/\/www.europesays.com\/fr\/wp-json\/wp\/v2\/posts\/292065\/revisions"}],"wp:featuredmedia":[{"embeddable":true,"href":"https:\/\/www.europesays.com\/fr\/wp-json\/wp\/v2\/media\/292066"}],"wp:attachment":[{"href":"https:\/\/www.europesays.com\/fr\/wp-json\/wp\/v2\/media?parent=292065"}],"wp:term":[{"taxonomy":"category","embeddable":true,"href":"https:\/\/www.europesays.com\/fr\/wp-json\/wp\/v2\/categories?post=292065"},{"taxonomy":"post_tag","embeddable":true,"href":"https:\/\/www.europesays.com\/fr\/wp-json\/wp\/v2\/tags?post=292065"}],"curies":[{"name":"wp","href":"https:\/\/api.w.org\/{rel}","templated":true}]}}