{"id":292067,"date":"2025-08-02T19:50:11","date_gmt":"2025-08-02T19:50:11","guid":{"rendered":"https:\/\/www.europesays.com\/fr\/292067\/"},"modified":"2025-08-02T19:50:11","modified_gmt":"2025-08-02T19:50:11","slug":"lallemagne-sollicitee-pour-construire-une-mega-usine-la-nouvelle-tribune","status":"publish","type":"post","link":"https:\/\/www.europesays.com\/fr\/292067\/","title":{"rendered":"l\u2019Allemagne sollicit\u00e9e pour construire une m\u00e9ga usine \u2013 La Nouvelle Tribune"},"content":{"rendered":"<p><strong>L\u2019Alg\u00e9rie <\/strong>franchit une nouvelle \u00e9tape dans sa politique de s\u00e9curit\u00e9 alimentaire avec un projet d\u2019ampleur internationale dans le secteur laitier. Le pays vient de confier \u00e0 <strong>l\u2019entreprise allemande GEA <\/strong>la r\u00e9alisation d\u2019une unit\u00e9 de production annonc\u00e9e comme la plus grande laiterie int\u00e9gr\u00e9e au monde. L\u2019information a \u00e9t\u00e9 rapport\u00e9e par le m\u00e9dia <a href=\"https:\/\/www.algerie360.com\/lalgerie-choisit-le-geant-allemand-gea-pour-construire-la-plus-grande-laiterie-au-monde\/?fbclid=IwZXh0bgNhZW0CMTEAAR6dzagLxWnID5JcEKt0T7QDxjnDIoC_0p1LJwfaSWedjMfBrS-lxowINcqv6w_aem_JU7KuRws0qaw7pMSnQK3dw\" rel=\"nofollow noopener\" target=\"_blank\">Algerie360<\/a>. <\/p>\n<p>Le projet s\u2019inscrit dans un partenariat entre <strong>l\u2019Alg\u00e9rie et la soci\u00e9t\u00e9 qatarienne Baladna<\/strong>. Il pr\u00e9voit la mise en place d\u2019une ferme laiti\u00e8re dans la r\u00e9gion d\u2019<strong>Adrar<\/strong>, au sud-ouest du pays, sur une superficie de <strong>117 000 hectares<\/strong>. \u00c0 terme, le site devrait h\u00e9berger environ <strong>270 000 vaches<\/strong>. Les travaux devraient d\u00e9buter au premier trimestre de l\u2019ann\u00e9e 2026.<\/p>\n<p>La future unit\u00e9 vise une production annuelle de <strong>100 000 tonnes <\/strong>de poudre de lait, un volume qui permettrait de r\u00e9duire significativement la d\u00e9pendance du pays aux importations de produits laitiers. Cette initiative entre dans le cadre des efforts d\u00e9ploy\u00e9s pour renforcer l\u2019autonomie alimentaire, un objectif strat\u00e9gique dans un contexte mondial marqu\u00e9 par des tensions sur les cha\u00eenes d\u2019approvisionnement.<\/p>\n<p>Le choix du groupe GEA, reconnu pour son expertise dans les technologies de transformation agroalimentaire, marque une volont\u00e9 d\u2019int\u00e9grer des standards industriels avanc\u00e9s dans la mise en \u0153uvre du projet. Ce partenariat technique devrait jouer un r\u00f4le cl\u00e9 dans la r\u00e9ussite de l\u2019op\u00e9ration.<\/p>\n<p>Ce programme laitier s\u2019inscrit plus largement dans les orientations \u00e9conomiques du pays qui cherchent \u00e0 stimuler l\u2019investissement productif dans les r\u00e9gions sahariennes, tout en misant sur des partenariats internationaux pour assurer le transfert de savoir-faire.<\/p>\n","protected":false},"excerpt":{"rendered":"L\u2019Alg\u00e9rie franchit une nouvelle \u00e9tape dans sa politique de s\u00e9curit\u00e9 alimentaire avec un projet d\u2019ampleur internationale dans le&hellip;\n","protected":false},"author":2,"featured_media":292068,"comment_status":"","ping_status":"","sticky":false,"template":"","format":"standard","meta":{"footnotes":""},"categories":[1587],"tags":[11,672,1804,1805,1803,1777,674,1801,12,1802],"class_list":{"0":"post-292067","1":"post","2":"type-post","3":"status-publish","4":"format-standard","5":"has-post-thumbnail","7":"category-allemagne","8":"tag-actualites","9":"tag-allemagne","10":"tag-bundesrepublik-deutschland","11":"tag-de","12":"tag-deutschland","13":"tag-eu","14":"tag-europe","15":"tag-germany","16":"tag-news","17":"tag-republique-federale-dallemagne"},"share_on_mastodon":{"url":"https:\/\/pubeurope.com\/@fr\/114960913124088116","error":""},"_links":{"self":[{"href":"https:\/\/www.europesays.com\/fr\/wp-json\/wp\/v2\/posts\/292067","targetHints":{"allow":["GET"]}}],"collection":[{"href":"https:\/\/www.europesays.com\/fr\/wp-json\/wp\/v2\/posts"}],"about":[{"href":"https:\/\/www.europesays.com\/fr\/wp-json\/wp\/v2\/types\/post"}],"author":[{"embeddable":true,"href":"https:\/\/www.europesays.com\/fr\/wp-json\/wp\/v2\/users\/2"}],"replies":[{"embeddable":true,"href":"https:\/\/www.europesays.com\/fr\/wp-json\/wp\/v2\/comments?post=292067"}],"version-history":[{"count":0,"href":"https:\/\/www.europesays.com\/fr\/wp-json\/wp\/v2\/posts\/292067\/revisions"}],"wp:featuredmedia":[{"embeddable":true,"href":"https:\/\/www.europesays.com\/fr\/wp-json\/wp\/v2\/media\/292068"}],"wp:attachment":[{"href":"https:\/\/www.europesays.com\/fr\/wp-json\/wp\/v2\/media?parent=292067"}],"wp:term":[{"taxonomy":"category","embeddable":true,"href":"https:\/\/www.europesays.com\/fr\/wp-json\/wp\/v2\/categories?post=292067"},{"taxonomy":"post_tag","embeddable":true,"href":"https:\/\/www.europesays.com\/fr\/wp-json\/wp\/v2\/tags?post=292067"}],"curies":[{"name":"wp","href":"https:\/\/api.w.org\/{rel}","templated":true}]}}