{"id":292071,"date":"2025-08-02T19:52:12","date_gmt":"2025-08-02T19:52:12","guid":{"rendered":"https:\/\/www.europesays.com\/fr\/292071\/"},"modified":"2025-08-02T19:52:12","modified_gmt":"2025-08-02T19:52:12","slug":"guy-parmelin-nous-cherchons-a-comprendre-ou-il-y-a-eu-un-manque","status":"publish","type":"post","link":"https:\/\/www.europesays.com\/fr\/292071\/","title":{"rendered":"Guy Parmelin: \u00abNous cherchons \u00e0 comprendre o\u00f9 il y a eu un manque\u00bb"},"content":{"rendered":"<p class=\"a-paragraph a-paragraph--lead\" data-t-name=\"Paragraph\">\u00abNous cherchons \u00e0 comprendre o\u00f9 il y a eu un manque\u00bb, a d\u00e9clar\u00e9 le conseiller f\u00e9d\u00e9ral Guy Parmelin \u00e0 la RTS samedi apr\u00e8s le \u00abgrand choc\u00bb caus\u00e9 par les surtaxes douani\u00e8res de 39% impos\u00e9es par les Etats-Unis. Il garde l&rsquo;espoir d&rsquo;infl\u00e9chir la d\u00e9cision de Donald Trump.<\/p>\n<p>  <img decoding=\"async\" class=\"m-image-and-caption__image lazyload\" alt=\"Le conseiller f\u00e9d\u00e9ral en charge de l'Economie Guy Parmelin ne d\u00e9sesp\u00e8re pas d'infl\u00e9chir la position am\u00e9ricaine sur les droits de douane.\" src=\"https:\/\/www.europesays.com\/fr\/wp-content\/uploads\/2025\/08\/b689a3b6-6a5f-4e88-baed-d392f5692c30.jpeg\"  data-\/><\/p>\n<p>      Le conseiller f\u00e9d\u00e9ral en charge de l&rsquo;Economie Guy Parmelin ne d\u00e9sesp\u00e8re pas d&rsquo;infl\u00e9chir la position am\u00e9ricaine sur les droits de douane.<\/p>\n<p>        sda\n      <\/p>\n<p class=\"a-paragraph\" data-t-name=\"Paragraph\">\u00abLe Conseil f\u00e9d\u00e9ral peut en tout temps avoir une r\u00e9union, physiquement ou par conf\u00e9rence t\u00e9l\u00e9phonique. Il va tr\u00e8s rapidement prendre connaissance (des d\u00e9tails de la position am\u00e9ricaine, ndlr) pour comprendre de quoi il s&rsquo;agit, quel a \u00e9t\u00e9 le probl\u00e8me \u00e0 l&rsquo;origine de la d\u00e9cision du pr\u00e9sident des Etats-Unis\u00bb, a dit le chef du D\u00e9partement de l&rsquo;Economie dans l&rsquo;\u00e9mission Forum.<\/p>\n<p class=\"a-paragraph\" data-t-name=\"Paragraph\">\u00abNous allons tout essayer pour montrer notre bonne volont\u00e9 et retravailler notre offre\u00bb, a-t-il ajout\u00e9. \u00abL&rsquo;\u00e9tat g\u00e9n\u00e9ral du dossier sera dress\u00e9 tr\u00e8s rapidement.\u00bb<\/p>\n<p class=\"a-paragraph\" data-t-name=\"Paragraph\">Le Conseil f\u00e9d\u00e9ral \u00e9tait confiant en vue d&rsquo;une issue favorable apr\u00e8s le projet de d\u00e9claration d&rsquo;intention convenu entre les deux parties et approuv\u00e9 le 4 juillet par le coll\u00e8ge. Cette d\u00e9claration, obtenue apr\u00e8s des mois de discussions impliquant les d\u00e9partements, avait \u00e9t\u00e9 \u00abn\u00e9goci\u00e9e de bonne foi\u00bb, a encore indiqu\u00e9 M. Parmelin.<\/p>\n<p>\u00abPr\u00eat en tout temps\u00bb<\/p>\n<p class=\"a-paragraph\" data-t-name=\"Paragraph\">Mais au final, la d\u00e9cision se prend au niveau politique \u00abet M. Trump a estim\u00e9 que le deal \u00e9tait trop d\u00e9s\u00e9quilibr\u00e9\u00bb. D&rsquo;o\u00f9 les 39% de taxes douani\u00e8res impos\u00e9es \u00e0 la Suisse pour ses produits export\u00e9s d\u00e8s le 7 ao\u00fbt, sauf revirement de derni\u00e8re minute.<\/p>\n<p class=\"a-paragraph\" data-t-name=\"Paragraph\">A ce sujet, Guy Parmelin garde espoir. Il \u00e9voque une \u00abfuture offre\u00bb aux Etats-Unis \u00abque nous allons pr\u00e9parer\u00bb et se tient pr\u00eat personnellement en tout temps, ainsi que la pr\u00e9sidente de la Conf\u00e9d\u00e9ration Karin Keller-Sutter, \u00e0 se d\u00e9placer outre-Atlantique \u00absi on nous demande d&rsquo;y aller\u00bb. <\/p>\n<p class=\"a-paragraph\" data-t-name=\"Paragraph\">Parmi les ouvertures possibles, le conseiller f\u00e9d\u00e9ral a \u00e9voqu\u00e9 le gaz naturel liqu\u00e9fi\u00e9 que l&rsquo;UE s&rsquo;est engag\u00e9e \u00e0 importer en grande quantit\u00e9 des Etats-Unis (en \u00e9change de taxes \u00abmod\u00e9r\u00e9es\u00bb de 15%). C&rsquo;est une piste \u00e0 laquelle la Suisse r\u00e9fl\u00e9chit car elle en importe aussi.<\/p>\n<p class=\"a-paragraph\" data-t-name=\"Paragraph\">Autre piste possible, celle consistant \u00e0 effectuer des investissements suppl\u00e9mentaires aux Etats-Unis, a conc\u00e9d\u00e9 M. Parmelin. \u00abMais nous devons d&rsquo;abord comprendre exactement ce qu&rsquo;attendent les Etats-Unis\u00bb, a-t-il ajout\u00e9. Les choses devraient \u00eatre clarifi\u00e9es \u00abtr\u00e8s rapidement\u00bb, en d\u00e9but de semaine.<\/p>\n<p class=\"a-paragraph\" data-t-name=\"Paragraph\">A la question \u00abavez-vous \u00e9t\u00e9 trop optimistes?\u00bb, M. Parmelin a r\u00e9pondu: \u00abPeut-\u00eatre, car trois d\u00e9partements pensaient que le texte n\u00e9goci\u00e9 \u00e9tait suffisant. Jusqu&rsquo;aux derni\u00e8res heures, nous n&rsquo;avions aucun signe que cela se terminerait avec une telle punition\u00bb. <\/p>\n<p class=\"a-paragraph\" data-t-name=\"Paragraph\">Il craint en particulier une perte de comp\u00e9titivit\u00e9 de l&rsquo;\u00e9conomie suisse en comparaison avec l&rsquo;UE et la Grande-Bretagne, qui pourrait \u00abavoir des cons\u00e9quences extr\u00eamement graves sur la croissance\u00bb.<\/p>\n<p class=\"a-paragraph\" data-t-name=\"Paragraph\">Le Conseil f\u00e9d\u00e9ral est en outre aussi \u00aben contacts r\u00e9guliers avec les repr\u00e9sentants du secteur de la pharma (auquel les Etats-Unis demandent des baisses de prix), et ces contacts vont s&rsquo;accentuer ces prochains jours\u00bb.<\/p>\n<p>      Karin Keller-Sutter r\u00e9agit aux droits de douane<\/p>\n<p class=\"m-teaser__text js-m-teaser__text\">En ce jour de f\u00eate nationale, Karin Keller-Sutter s&rsquo;est rendue au Gr\u00fctli. Si la pr\u00e9sidente de la Conf\u00e9d\u00e9ration a insist\u00e9 sur le fait que les droits de douane ne devaient pas g\u00e2cher la f\u00eate nationale, elle a pris le temps de r\u00e9pondre aux questions des m\u00e9dias en marge des c\u00e9l\u00e9brations.<\/p>\n<p class=\"m-teaser__lead\">01.08.2025<\/p>\n","protected":false},"excerpt":{"rendered":"\u00abNous cherchons \u00e0 comprendre o\u00f9 il y a eu un manque\u00bb, a d\u00e9clar\u00e9 le conseiller f\u00e9d\u00e9ral Guy Parmelin&hellip;\n","protected":false},"author":2,"featured_media":292072,"comment_status":"","ping_status":"","sticky":false,"template":"","format":"standard","meta":{"footnotes":""},"categories":[1586],"tags":[11,1777,674,1779,1011,27,12,25,1778,364],"class_list":{"0":"post-292071","1":"post","2":"type-post","3":"status-publish","4":"format-standard","5":"has-post-thumbnail","7":"category-europe","8":"tag-actualites","9":"tag-eu","10":"tag-europe","11":"tag-european-union","12":"tag-fr","13":"tag-france","14":"tag-news","15":"tag-republique-francaise","16":"tag-ue","17":"tag-union-europeenne"},"share_on_mastodon":{"url":"https:\/\/pubeurope.com\/@fr\/114960921027247842","error":""},"_links":{"self":[{"href":"https:\/\/www.europesays.com\/fr\/wp-json\/wp\/v2\/posts\/292071","targetHints":{"allow":["GET"]}}],"collection":[{"href":"https:\/\/www.europesays.com\/fr\/wp-json\/wp\/v2\/posts"}],"about":[{"href":"https:\/\/www.europesays.com\/fr\/wp-json\/wp\/v2\/types\/post"}],"author":[{"embeddable":true,"href":"https:\/\/www.europesays.com\/fr\/wp-json\/wp\/v2\/users\/2"}],"replies":[{"embeddable":true,"href":"https:\/\/www.europesays.com\/fr\/wp-json\/wp\/v2\/comments?post=292071"}],"version-history":[{"count":0,"href":"https:\/\/www.europesays.com\/fr\/wp-json\/wp\/v2\/posts\/292071\/revisions"}],"wp:featuredmedia":[{"embeddable":true,"href":"https:\/\/www.europesays.com\/fr\/wp-json\/wp\/v2\/media\/292072"}],"wp:attachment":[{"href":"https:\/\/www.europesays.com\/fr\/wp-json\/wp\/v2\/media?parent=292071"}],"wp:term":[{"taxonomy":"category","embeddable":true,"href":"https:\/\/www.europesays.com\/fr\/wp-json\/wp\/v2\/categories?post=292071"},{"taxonomy":"post_tag","embeddable":true,"href":"https:\/\/www.europesays.com\/fr\/wp-json\/wp\/v2\/tags?post=292071"}],"curies":[{"name":"wp","href":"https:\/\/api.w.org\/{rel}","templated":true}]}}