{"id":292077,"date":"2025-08-02T19:55:15","date_gmt":"2025-08-02T19:55:15","guid":{"rendered":"https:\/\/www.europesays.com\/fr\/292077\/"},"modified":"2025-08-02T19:55:15","modified_gmt":"2025-08-02T19:55:15","slug":"championnats-de-france-dathletisme-la-decima-pour-le-varois-lolassonn-djouhan-au-lancer-du-disque","status":"publish","type":"post","link":"https:\/\/www.europesays.com\/fr\/292077\/","title":{"rendered":"Championnats de France d\u2019athl\u00e9tisme: la decima pour le Varois Lolassonn Djouhan au lancer du disque"},"content":{"rendered":"<p>Son premier lancer \u00e0 61,07m aura suffi \u00e0 Lolassonn Djouhan pour assurer, vendredi \u00e0 Talence (Gironde), son dixi\u00e8me titre (!) de champion de France. \u00ab\u00a0a veut dire que je vieillis, plaisante celui qui a souffl\u00e9 ses 34 bougies en mai. Je suis content de ramener un titre de plus \u00e0 la maison. \u00c0 chaque fois, je veux les gagner.\u00a0\u00bb<\/p>\n<p>Le discobole, qui s\u2019entra\u00eene au Creps Paca de Boulouris, s\u2019est impos\u00e9 devant Marc-Alexandre Delin (59,53m) et son camarade d\u2019entra\u00eenement Jordan Guehaseim (56,11m).<\/p>\n<p>\u00ab\u00a0J\u2019ai fait le taf, commente sobrement le Varois d\u2019adoption. Je ne me suis pas employ\u00e9 car je suis encore un peu g\u00ean\u00e9 \u00e0 l\u2019adducteur. J\u2019ai r\u00e9ussi \u00e0 gagner comme je le souhaitais en menant de bout en bout.\u00a0\u00bb<\/p>\n<p>Le recordman de France (70,25m) a d\u00e9j\u00e0 dans le viseur les championnats du monde \u00e0 Tokyo, du 13 au 21 septembre. \u00ab\u00a0Le but \u00e9tait de prendre confiance en lan\u00e7ant loin d\u00e8s les trois premiers essais, analyse l\u2019Orl\u00e9anais d\u2019origine. L\u2019attitude est l\u00e0.\u00a0\u00bb Au Japon, il sera une nouvelle fois accompagn\u00e9 par Jordan Guehaseim.<\/p>\n<p>\u00a0<\/p>\n","protected":false},"excerpt":{"rendered":"Son premier lancer \u00e0 61,07m aura suffi \u00e0 Lolassonn Djouhan pour assurer, vendredi \u00e0 Talence (Gironde), son dixi\u00e8me&hellip;\n","protected":false},"author":2,"featured_media":292078,"comment_status":"","ping_status":"","sticky":false,"template":"","format":"standard","meta":{"footnotes":""},"categories":[4],"tags":[11,4132,1011,27,12,25,60],"class_list":{"0":"post-292077","1":"post","2":"type-post","3":"status-publish","4":"format-standard","5":"has-post-thumbnail","7":"category-france","8":"tag-actualites","9":"tag-athletisme","10":"tag-fr","11":"tag-france","12":"tag-news","13":"tag-republique-francaise","14":"tag-sports"},"share_on_mastodon":{"url":"https:\/\/pubeurope.com\/@fr\/114960932698621326","error":""},"_links":{"self":[{"href":"https:\/\/www.europesays.com\/fr\/wp-json\/wp\/v2\/posts\/292077","targetHints":{"allow":["GET"]}}],"collection":[{"href":"https:\/\/www.europesays.com\/fr\/wp-json\/wp\/v2\/posts"}],"about":[{"href":"https:\/\/www.europesays.com\/fr\/wp-json\/wp\/v2\/types\/post"}],"author":[{"embeddable":true,"href":"https:\/\/www.europesays.com\/fr\/wp-json\/wp\/v2\/users\/2"}],"replies":[{"embeddable":true,"href":"https:\/\/www.europesays.com\/fr\/wp-json\/wp\/v2\/comments?post=292077"}],"version-history":[{"count":0,"href":"https:\/\/www.europesays.com\/fr\/wp-json\/wp\/v2\/posts\/292077\/revisions"}],"wp:featuredmedia":[{"embeddable":true,"href":"https:\/\/www.europesays.com\/fr\/wp-json\/wp\/v2\/media\/292078"}],"wp:attachment":[{"href":"https:\/\/www.europesays.com\/fr\/wp-json\/wp\/v2\/media?parent=292077"}],"wp:term":[{"taxonomy":"category","embeddable":true,"href":"https:\/\/www.europesays.com\/fr\/wp-json\/wp\/v2\/categories?post=292077"},{"taxonomy":"post_tag","embeddable":true,"href":"https:\/\/www.europesays.com\/fr\/wp-json\/wp\/v2\/tags?post=292077"}],"curies":[{"name":"wp","href":"https:\/\/api.w.org\/{rel}","templated":true}]}}