{"id":292079,"date":"2025-08-02T19:57:12","date_gmt":"2025-08-02T19:57:12","guid":{"rendered":"https:\/\/www.europesays.com\/fr\/292079\/"},"modified":"2025-08-02T19:57:12","modified_gmt":"2025-08-02T19:57:12","slug":"fensco-2025-beach-volley-filles-saint-louis-championne-du-senegal-apres-sa-victoire-sur-ziguinchor","status":"publish","type":"post","link":"https:\/\/www.europesays.com\/fr\/292079\/","title":{"rendered":"FENSCO 2025 &#8211; Beach Volley (Filles) : Saint-Louis championne du S\u00e9n\u00e9gal apr\u00e8s sa victoire sur Ziguinchor"},"content":{"rendered":"<p class=\"p1\">L\u2019Inspection d\u2019acad\u00e9mie de Saint-Louis est sacr\u00e9e championne du S\u00e9n\u00e9gal de Beach Volley apr\u00e8s sa victoire en finale contre Ziguinchor. <\/p>\n<p class=\"p1\">Apr\u00e8s avoir tour \u00e0 tour battue Matam, Pikine- Gu\u00e9diawaye, puis Fatick en matchs de poules l\u2019\u00e9quipe de Saint-Louis a \u00e9limin\u00e9 Thi\u00e8s en quarts de finale (2 sets \u00e0 0).<\/p>\n<p class=\"p1\">En demi-finale elle a \u00e9cart\u00e9 Tambacounda sur le m\u00eame score avant de s\u2019imposer contre Ziguinchor en finale pour s\u2019adjuger le titre de champion du FENSCO 2025 ce samedi au stade Leclerc.<\/p>\n<p class=\"p1\">Notons que le match de classement a \u00e9t\u00e9 remport\u00e9 par Tambacounda devant Kaolack. L\u2019\u00e9quipe du S\u00e9n\u00e9gal Oriental termine donc \u00e0 la troisi\u00e8me marche du podium.<\/p>\n<p class=\"p1\"><strong>Podium Beach Volley (Filles)<\/strong><\/p>\n<p class=\"p1\">1- Saint \u2013 Louis <\/p>\n<p class=\"p1\">2- Ziguinchor <\/p>\n<p class=\"p1\">3- Tambacounda <\/p>\n<p class=\"p1\">Wiwsport.com<\/p>\n","protected":false},"excerpt":{"rendered":"L\u2019Inspection d\u2019acad\u00e9mie de Saint-Louis est sacr\u00e9e championne du S\u00e9n\u00e9gal de Beach Volley apr\u00e8s sa victoire en finale contre&hellip;\n","protected":false},"author":2,"featured_media":292080,"comment_status":"","ping_status":"","sticky":false,"template":"","format":"standard","meta":{"footnotes":""},"categories":[1417],"tags":[1011,27,60,1470,1469],"class_list":{"0":"post-292079","1":"post","2":"type-post","3":"status-publish","4":"format-standard","5":"has-post-thumbnail","7":"category-volley","8":"tag-fr","9":"tag-france","10":"tag-sports","11":"tag-volley","12":"tag-volleyball"},"share_on_mastodon":{"url":"https:\/\/pubeurope.com\/@fr\/114960940700725083","error":""},"_links":{"self":[{"href":"https:\/\/www.europesays.com\/fr\/wp-json\/wp\/v2\/posts\/292079","targetHints":{"allow":["GET"]}}],"collection":[{"href":"https:\/\/www.europesays.com\/fr\/wp-json\/wp\/v2\/posts"}],"about":[{"href":"https:\/\/www.europesays.com\/fr\/wp-json\/wp\/v2\/types\/post"}],"author":[{"embeddable":true,"href":"https:\/\/www.europesays.com\/fr\/wp-json\/wp\/v2\/users\/2"}],"replies":[{"embeddable":true,"href":"https:\/\/www.europesays.com\/fr\/wp-json\/wp\/v2\/comments?post=292079"}],"version-history":[{"count":0,"href":"https:\/\/www.europesays.com\/fr\/wp-json\/wp\/v2\/posts\/292079\/revisions"}],"wp:featuredmedia":[{"embeddable":true,"href":"https:\/\/www.europesays.com\/fr\/wp-json\/wp\/v2\/media\/292080"}],"wp:attachment":[{"href":"https:\/\/www.europesays.com\/fr\/wp-json\/wp\/v2\/media?parent=292079"}],"wp:term":[{"taxonomy":"category","embeddable":true,"href":"https:\/\/www.europesays.com\/fr\/wp-json\/wp\/v2\/categories?post=292079"},{"taxonomy":"post_tag","embeddable":true,"href":"https:\/\/www.europesays.com\/fr\/wp-json\/wp\/v2\/tags?post=292079"}],"curies":[{"name":"wp","href":"https:\/\/api.w.org\/{rel}","templated":true}]}}