{"id":292081,"date":"2025-08-02T19:58:11","date_gmt":"2025-08-02T19:58:11","guid":{"rendered":"https:\/\/www.europesays.com\/fr\/292081\/"},"modified":"2025-08-02T19:58:11","modified_gmt":"2025-08-02T19:58:11","slug":"le-stade-de-france-change-de-main-et-la-ffr-se-frotte-les-mains-explications","status":"publish","type":"post","link":"https:\/\/www.europesays.com\/fr\/292081\/","title":{"rendered":"Le Stade de France change de main et la FFR se frotte les mains ! Explications."},"content":{"rendered":"<p>C\u2019est un tournant majeur pour l\u2019antre embl\u00e9matique du sport fran\u00e7ais. \u00c0 compter du mardi 5 ao\u00fbt, le Stade de France ne sera plus g\u00e9r\u00e9 par le consortium Vinci-Bouygues, qui en d\u00e9tenait la concession depuis son ouverture en 1998, mais par le groupe lyonnais GL Events.<\/p>\n<p>Une r\u00e9volution discr\u00e8te mais strat\u00e9gique, conclue apr\u00e8s deux ans de proc\u00e9dures, de recours et de tractations politiques et \u00e9conomiques.<\/p>\n<p>Propri\u00e9t\u00e9 de l\u2019\u00c9tat, le Stade de France \u00e9tait exploit\u00e9 depuis plus de deux d\u00e9cennies par le bin\u00f4me Vinci-Bouygues. Mais cette domination prend fin apr\u00e8s une proc\u00e9dure d\u2019appel d\u2019offres disput\u00e9e.<\/p>\n<p>\u00ab Compliqu\u00e9 \u00bb, admet une source proche du dossier, tant les recours se sont multipli\u00e9s pour tenter de conserver le contrat juteux. GL Events devra d\u00e9sormais reprendre les r\u00eanes de l\u2019exploitation, incluant notamment une partie du personnel du consortium historique, soit plus d\u2019une centaine de salari\u00e9s.<\/p>\n<p>GL Events, d\u00e9j\u00e0 \u00e0 l\u2019\u0153uvre pour revitaliser l\u2019ancien Stade Gerland \u00e0 Lyon, entend instaurer une nouvelle logique \u00e9conomique. L\u2019entreprise a trouv\u00e9 un terrain d\u2019entente avec la F\u00e9d\u00e9ration fran\u00e7aise de rugby (FFR) et la Ligue nationale de rugby pour accueillir cinq rencontres par an dans des conditions plus abordables.<\/p>\n<p><strong>C\u2019\u00e9tait un point bloquant pour la FFR, longtemps rebut\u00e9e par les co\u00fbts \u00e9lev\u00e9s. Extrait :<\/strong><\/p>\n<p>\u00ab Le prix de location du Stade de France est beaucoup trop haut. Nous, on voudrait \u00e0 l\u2019avenir y jouer quatre matchs par an, ceux qui rempliraient le stade \u00e0 plein. Puis aller en province, ce qui collerait avec notre envie d\u2019ouverture \u00bb<\/p>\n<p>Aujourd\u2019hui, l\u2019accord semble scell\u00e9, et \u00e0 en croire le pr\u00e9sident de la FFR, les nouvelles conditions sont bien plus int\u00e9ressantes.<\/p>\n<p>\u00ab Un accord qui permet 5 \u00e0 6 millions d\u2019euros d\u2019am\u00e9lioration \u00bb, s\u2019est f\u00e9licit\u00e9 Florian Grill aupr\u00e8s de l\u2019AFP rapporte <a href=\"https:\/\/www.rugbypass.com\/fr\/news\/il-y-aura-5-matchs-de-rugby-par-an-au-stade-de-france\/\" rel=\"nofollow noopener\" target=\"_blank\">Rugbypass.<\/a><\/p>\n","protected":false},"excerpt":{"rendered":"C\u2019est un tournant majeur pour l\u2019antre embl\u00e9matique du sport fran\u00e7ais. \u00c0 compter du mardi 5 ao\u00fbt, le Stade&hellip;\n","protected":false},"author":2,"featured_media":292082,"comment_status":"","ping_status":"","sticky":false,"template":"","format":"standard","meta":{"footnotes":""},"categories":[1416],"tags":[1011,27,479,1468,60],"class_list":{"0":"post-292081","1":"post","2":"type-post","3":"status-publish","4":"format-standard","5":"has-post-thumbnail","7":"category-rugby","8":"tag-fr","9":"tag-france","10":"tag-rugby","11":"tag-rugby-football","12":"tag-sports"},"share_on_mastodon":{"url":"https:\/\/pubeurope.com\/@fr\/114960944596935718","error":""},"_links":{"self":[{"href":"https:\/\/www.europesays.com\/fr\/wp-json\/wp\/v2\/posts\/292081","targetHints":{"allow":["GET"]}}],"collection":[{"href":"https:\/\/www.europesays.com\/fr\/wp-json\/wp\/v2\/posts"}],"about":[{"href":"https:\/\/www.europesays.com\/fr\/wp-json\/wp\/v2\/types\/post"}],"author":[{"embeddable":true,"href":"https:\/\/www.europesays.com\/fr\/wp-json\/wp\/v2\/users\/2"}],"replies":[{"embeddable":true,"href":"https:\/\/www.europesays.com\/fr\/wp-json\/wp\/v2\/comments?post=292081"}],"version-history":[{"count":0,"href":"https:\/\/www.europesays.com\/fr\/wp-json\/wp\/v2\/posts\/292081\/revisions"}],"wp:featuredmedia":[{"embeddable":true,"href":"https:\/\/www.europesays.com\/fr\/wp-json\/wp\/v2\/media\/292082"}],"wp:attachment":[{"href":"https:\/\/www.europesays.com\/fr\/wp-json\/wp\/v2\/media?parent=292081"}],"wp:term":[{"taxonomy":"category","embeddable":true,"href":"https:\/\/www.europesays.com\/fr\/wp-json\/wp\/v2\/categories?post=292081"},{"taxonomy":"post_tag","embeddable":true,"href":"https:\/\/www.europesays.com\/fr\/wp-json\/wp\/v2\/tags?post=292081"}],"curies":[{"name":"wp","href":"https:\/\/api.w.org\/{rel}","templated":true}]}}