{"id":292083,"date":"2025-08-02T19:59:11","date_gmt":"2025-08-02T19:59:11","guid":{"rendered":"https:\/\/www.europesays.com\/fr\/292083\/"},"modified":"2025-08-02T19:59:11","modified_gmt":"2025-08-02T19:59:11","slug":"atp-toronto-alexander-zverev-fait-passer-un-message-tres-clair-a-latp-honnetement-je-nai-pas-entendu-un-seul-joueur-dire-quil-aimait-les-masters-1000-sur-deux-semaines-je-ne-pense","status":"publish","type":"post","link":"https:\/\/www.europesays.com\/fr\/292083\/","title":{"rendered":"ATP &#8211; Toronto > Alexander Zverev fait passer un message tr\u00e8s clair \u00e0 l&rsquo;ATP : \u00ab\u00a0Honn\u00eatement, je n&rsquo;ai pas entendu un seul joueur dire qu\u2019il aimait les Masters 1000 sur deux semaines. Je ne pense m\u00eame pas que les fans aiment \u00e7a\u00a0\u00bb"},"content":{"rendered":"<p>Andrea Gaudenzi et le board de l\u2019ATP vont s\u00e9rieu\u00adse\u00adment commencer \u00e0 se gratter la\u00a0t\u00eate.\u00a0<\/p>\n<p>Un an apr\u00e8s le chan\u00adge\u00adment de format de sept des neuf Masters 1000, passant de huit \u00e0 douze jours, personne ne semble convaincu, \u00e0 commencer par les joueurs eux\u2010m\u00eames.\u00a0<\/p>\n<p>Interrog\u00e9 \u00e0 ce sujet lors de son passage sur le podcast Nothing Major, Alexander Zverev s\u2019est montr\u00e9 assez clair \u00e0 ce\u00a0sujet.\u00a0<\/p>\n<blockquote class=\"twitter-tweet\">\n<p lang=\"en\" dir=\"ltr\">Zverev bang on the money about the <a href=\"https:\/\/twitter.com\/atptour?ref_src=twsrc%5Etfw\" data-wpel-link=\"external\" target=\"_blank\" rel=\"nofollow external noopener\">@atptour<\/a> Gaudenzi has killed the tour with all these two week masters.<\/p>\n<p>\ud83c\udfa5<a href=\"https:\/\/twitter.com\/NothingMajorPod?ref_src=twsrc%5Etfw\" data-wpel-link=\"external\" target=\"_blank\" rel=\"nofollow external noopener\">@NothingMajorPod<\/a> <a href=\"https:\/\/t.co\/asEY5rgIGX\" data-wpel-link=\"external\" target=\"_blank\" rel=\"nofollow external noopener\">pic.twitter.com\/asEY5rgIGX<\/a><\/p>\n<p>\u2014 _ (@cfcj_j) <a href=\"https:\/\/twitter.com\/cfcj_j\/status\/1951412416475959400?ref_src=twsrc%5Etfw\" data-wpel-link=\"external\" target=\"_blank\" rel=\"nofollow external noopener\">August 1,\u00a02025<\/a><\/p><\/blockquote>\n<p><strong>\u00ab\u202fMonte\u2010Carlo et Paris\u2010Bercy sont les deux meilleures semaines main\u00adte\u00adnant pour les fans et pour les joueurs. Tu y vas, tu joues tes cinq matches et tu t\u2019en vas. Tu n\u2019a pas besoin de rester, de t\u2019en\u00adtra\u00eener entre les matches. Les Masters 1000 \u00e9taient comme \u00e7a et je crois que tous les joueurs adoraient. C\u2019est un sujet sur lequel l\u2019ATP doit vrai\u00adment se pencher et trouver une solu\u00adtion. Honn\u00eatement, je n\u2019ai pas entendu un seul joueur dire qu\u2019il aimait les Masters 1000 sur deux semaines. Je ne pense m\u00eame pas que les fans aiment \u00e7a.\u202f\u00bb<\/strong><\/p>\n<p class=\"post-published-date\" style=\"color: silver; font-size: 75%; text-align: left;\">Publi\u00e9 le samedi 2 ao\u00fbt 2025 \u00e0 17:17<\/p>\n<p><script async src=\"https:\/\/platform.twitter.com\/widgets.js\" charset=\"utf-8\"><\/script><\/p>\n","protected":false},"excerpt":{"rendered":"Andrea Gaudenzi et le board de l\u2019ATP vont s\u00e9rieu\u00adse\u00adment commencer \u00e0 se gratter la\u00a0t\u00eate.\u00a0 Un an apr\u00e8s le&hellip;\n","protected":false},"author":2,"featured_media":165572,"comment_status":"","ping_status":"","sticky":false,"template":"","format":"standard","meta":{"footnotes":""},"categories":[1415],"tags":[1011,27,60,1467,4542],"class_list":{"0":"post-292083","1":"post","2":"type-post","3":"status-publish","4":"format-standard","5":"has-post-thumbnail","7":"category-tennis","8":"tag-fr","9":"tag-france","10":"tag-sports","11":"tag-tennis","12":"tag-zverev"},"share_on_mastodon":{"url":"https:\/\/pubeurope.com\/@fr\/114960948436790553","error":""},"_links":{"self":[{"href":"https:\/\/www.europesays.com\/fr\/wp-json\/wp\/v2\/posts\/292083","targetHints":{"allow":["GET"]}}],"collection":[{"href":"https:\/\/www.europesays.com\/fr\/wp-json\/wp\/v2\/posts"}],"about":[{"href":"https:\/\/www.europesays.com\/fr\/wp-json\/wp\/v2\/types\/post"}],"author":[{"embeddable":true,"href":"https:\/\/www.europesays.com\/fr\/wp-json\/wp\/v2\/users\/2"}],"replies":[{"embeddable":true,"href":"https:\/\/www.europesays.com\/fr\/wp-json\/wp\/v2\/comments?post=292083"}],"version-history":[{"count":0,"href":"https:\/\/www.europesays.com\/fr\/wp-json\/wp\/v2\/posts\/292083\/revisions"}],"wp:featuredmedia":[{"embeddable":true,"href":"https:\/\/www.europesays.com\/fr\/wp-json\/wp\/v2\/media\/165572"}],"wp:attachment":[{"href":"https:\/\/www.europesays.com\/fr\/wp-json\/wp\/v2\/media?parent=292083"}],"wp:term":[{"taxonomy":"category","embeddable":true,"href":"https:\/\/www.europesays.com\/fr\/wp-json\/wp\/v2\/categories?post=292083"},{"taxonomy":"post_tag","embeddable":true,"href":"https:\/\/www.europesays.com\/fr\/wp-json\/wp\/v2\/tags?post=292083"}],"curies":[{"name":"wp","href":"https:\/\/api.w.org\/{rel}","templated":true}]}}