{"id":292084,"date":"2025-08-02T20:01:25","date_gmt":"2025-08-02T20:01:25","guid":{"rendered":"https:\/\/www.europesays.com\/fr\/292084\/"},"modified":"2025-08-02T20:01:25","modified_gmt":"2025-08-02T20:01:25","slug":"au-coeur-dun-paddock-moto-3-5-avec-mathilde-poncharal-responsable-communication-de-lecurie-francaise-ktm-tech3","status":"publish","type":"post","link":"https:\/\/www.europesays.com\/fr\/292084\/","title":{"rendered":"Au c\u0153ur d&rsquo;un paddock moto (3\/5) : avec Mathilde Poncharal, responsable communication de l&rsquo;\u00e9curie fran\u00e7aise KTM Tech3"},"content":{"rendered":"<p class=\"PopSlotParagraph qg-tx2 qg-xtra-lh svelte-1r0pyek\">La comp\u00e9tition moto est une passion qui peut se transmettre de p\u00e8re en fille\u00a0! La troisi\u00e8me invit\u00e9e de notre s\u00e9rie au coeur d&rsquo;un paddock moto est bien plac\u00e9e pour en parler\u00a0! Mathilde Poncharal est la responsable de la communication et de la presse depuis dix saisons de la seule \u00e9curie fran\u00e7aise du championnat du monde de motoGP\u00a0: KTM Tech3 fond\u00e9e par son p\u00e8re Herv\u00e9. Et c\u2019est gr\u00e2ce \u00e0 lui qu\u2019elle s\u2019est prise de passion pour le monde de la moto. \u00a0\u00bb Quand j&rsquo;\u00e9tais petite, il m&rsquo;a emmen\u00e9 assez tard sur les circuits, je devais avoir 8-9 ans. Mais j&rsquo;ai surtout d\u00e9couvert ce milieu \u00e0 travers les locaux qu&rsquo;on a chez nous \u00e0 Bormes (NDLR\u00a0: l&rsquo;\u00e9quipe de moto tech 3 est bas\u00e9e \u00e0 Bormes-les-Mimosas, commune du Var, depuis la fin de l&rsquo;ann\u00e9e 1989), et quand je suis venue sur un Grand Prix, j&rsquo;ai beaucoup aim\u00e9 cette ambiance, de voir plein de gens et j&rsquo;ai grandi avec \u00e7a et j&rsquo;ai toujours voulu travailler l\u00e0-dedans et c&rsquo;\u00e9tait vraiment mon objectif depuis que je suis toute petite \u00ab\u00a0.<\/p>\n<p> \u00ab\u00a0Il faut vraiment aimer \u00e7a et \u00eatre passionn\u00e9e pour pouvoir tenir toute une saison\u00a0\u00bb<\/p>\n<p class=\"PopSlotParagraph qg-tx2 qg-xtra-lh svelte-1r0pyek\">\u00ab\u00a0On est souvent \u00e0 l&rsquo;\u00e9tranger, on n&rsquo;est pas souvent chez nous parce qu&rsquo;on a 22 Grand Prix et les essais hivernaux donc c&rsquo;est vrai que \u00e7a fait partir beaucoup de temps\u00a0! Il faut vraiment aimer \u00e7a et \u00eatre passionn\u00e9e pour pouvoir tenir toute une saison.\u00a0Les semaines de Grand Prix, c&rsquo;est assez intense donc en fait, on ne s&rsquo;arr\u00eate jamais vraiment.\u00a0\u00bb<\/p>\n<p class=\"qg-sr-only\" role=\"heading\" aria-level=\"3\">Pour voir ce contenu, acceptez les cookies.<\/p>\n<p class=\"ConsentNotice-description qg-tx3 svelte-m9wmt1\">Pour afficher ce contenu Instagram, vous devez accepter les cookies <b>R\u00e9seaux Sociaux<\/b>.<br \/>Ces cookies permettent de partager ou r\u00e9agir directement sur les r\u00e9seaux sociaux auxquels vous \u00eates connect\u00e9s ou d&rsquo;int\u00e9grer du contenu initialement post\u00e9 sur ces r\u00e9seaux sociaux. Ils permettent aussi aux r\u00e9seaux sociaux d&rsquo;utiliser vos visites sur nos sites et applications \u00e0 des fins de personnalisation et de ciblage publicitaire.<\/p>\n<p>  G\u00e9rer mes choix     J&rsquo;autorise  <\/p>\n<p>\u00ab\u00a0Il y a de plus en plus de femmes dans le paddock\u00a0\u00bb<\/p>\n<p class=\"PopSlotParagraph qg-tx2 qg-xtra-lh svelte-1r0pyek\">\u00ab\u00a0On n&rsquo;est pas beaucoup de femmes dans l&rsquo;\u00e9quipe mais on essaie de travailler ensemble et c&rsquo;est assez sympa d&rsquo;avoir des femmes avec soi. Mais il y a de plus en plus de femmes dans le paddock, qui travaillent dans la partie technique, notamment des ing\u00e9nieures, donc c&rsquo;est sympa parce que \u00e7a change un peu. Dans le public, on voit aussi plus de femmes qu&rsquo;avant, donc c&rsquo;est cool.\u00a0\u00bb<\/p>\n","protected":false},"excerpt":{"rendered":"La comp\u00e9tition moto est une passion qui peut se transmettre de p\u00e8re en fille\u00a0! La troisi\u00e8me invit\u00e9e de&hellip;\n","protected":false},"author":2,"featured_media":292085,"comment_status":"","ping_status":"","sticky":false,"template":"","format":"standard","meta":{"footnotes":""},"categories":[1413],"tags":[1011,27,1457,1456,60],"class_list":{"0":"post-292084","1":"post","2":"type-post","3":"status-publish","4":"format-standard","5":"has-post-thumbnail","7":"category-moto","8":"tag-fr","9":"tag-france","10":"tag-moto","11":"tag-motocycle","12":"tag-sports"},"share_on_mastodon":{"url":"https:\/\/pubeurope.com\/@fr\/114960956314002092","error":""},"_links":{"self":[{"href":"https:\/\/www.europesays.com\/fr\/wp-json\/wp\/v2\/posts\/292084","targetHints":{"allow":["GET"]}}],"collection":[{"href":"https:\/\/www.europesays.com\/fr\/wp-json\/wp\/v2\/posts"}],"about":[{"href":"https:\/\/www.europesays.com\/fr\/wp-json\/wp\/v2\/types\/post"}],"author":[{"embeddable":true,"href":"https:\/\/www.europesays.com\/fr\/wp-json\/wp\/v2\/users\/2"}],"replies":[{"embeddable":true,"href":"https:\/\/www.europesays.com\/fr\/wp-json\/wp\/v2\/comments?post=292084"}],"version-history":[{"count":0,"href":"https:\/\/www.europesays.com\/fr\/wp-json\/wp\/v2\/posts\/292084\/revisions"}],"wp:featuredmedia":[{"embeddable":true,"href":"https:\/\/www.europesays.com\/fr\/wp-json\/wp\/v2\/media\/292085"}],"wp:attachment":[{"href":"https:\/\/www.europesays.com\/fr\/wp-json\/wp\/v2\/media?parent=292084"}],"wp:term":[{"taxonomy":"category","embeddable":true,"href":"https:\/\/www.europesays.com\/fr\/wp-json\/wp\/v2\/categories?post=292084"},{"taxonomy":"post_tag","embeddable":true,"href":"https:\/\/www.europesays.com\/fr\/wp-json\/wp\/v2\/tags?post=292084"}],"curies":[{"name":"wp","href":"https:\/\/api.w.org\/{rel}","templated":true}]}}