{"id":292088,"date":"2025-08-02T20:03:21","date_gmt":"2025-08-02T20:03:21","guid":{"rendered":"https:\/\/www.europesays.com\/fr\/292088\/"},"modified":"2025-08-02T20:03:21","modified_gmt":"2025-08-02T20:03:21","slug":"cyclisme-criterium-colmar-entre-dans-lhistoire-le-1er-criterium-pro-feminin-le-4-aout","status":"publish","type":"post","link":"https:\/\/www.europesays.com\/fr\/292088\/","title":{"rendered":"Cyclisme. Crit\u00e9rium &#8211; Colmar entre dans l\u2019Histoire&#8230; le 1er Crit\u00e9rium Pro F\u00e9minin le 4 ao\u00fbt"},"content":{"rendered":"<p><strong>\u00c9v\u00e9nement exceptionnel<\/strong>\u00a0pour la\u00a0<strong>troisi\u00e8me \u00e9dition du Crit\u00e9rium de Colmar<\/strong>, qui s\u2019annonce plus grand, plus fort et plus spectaculaire que jamais ! Ce\u00a0<strong>lundi 4 ao\u00fbt \u00e0 partir de 14h<\/strong>, la\u00a0<strong>place Rapp<\/strong>\u00a0se transformera en\u00a0<strong>v\u00e9ritable ar\u00e8ne cycliste<\/strong>, ouverte \u00e0 toutes et tous, gratuitement, pour une apr\u00e8s-midi festive m\u00ealant\u00a0<strong>ambiance estivale, animations, stars du peloton et grande premi\u00e8re nationale<\/strong>.\u00a0<strong>Colmar <\/strong>entre dans l\u2019Histoire, le 1er<strong> Crit\u00e9rium Pro F\u00e9minin de France <\/strong>d\u00e9barque place Rapp ce lundi 4 ao\u00fbt.\u00a0Pour votre rappel et information, l&rsquo;<strong><a href=\"https:\/\/www.acpfcriteriums.fr\/\" target=\"_blank\" rel=\"nofollow noopener\">Association des Crit\u00e9riums Professionnel Fran\u00e7ais<\/a>\u00a0(<a href=\"https:\/\/www.acpfcriteriums.fr\/\" target=\"_blank\" rel=\"nofollow noopener\">ACPF<\/a>)\u00a0<\/strong>organise chaque ann\u00e9e les diff\u00e9rents\u00a0<strong>Crit\u00e9riums<\/strong>\u00a0en France d&rsquo;apr\u00e8s<strong>\u00a0Tour de France<\/strong>.\u00a0\u00ab\u00a0C\u2019est avec une grande impatience que nous vous attendons ces Crit\u00e9riums Cyclistes Professionnels qui se d\u00e9rouleront apr\u00e8s le\u00a0<strong>Tour de<\/strong>\u00a0<strong>France 2025<\/strong>, explique l<a href=\"https:\/\/www.acpfcriteriums.fr\/\" target=\"_blank\" rel=\"nofollow noopener\">&lsquo;ACPF<\/a>.\u00a0On a d\u00e9sormais a \u00e9tabli un partenariat strat\u00e9gique avec\u00a0<a href=\"https:\/\/www.cyclismactu.net\/..\/\" target=\"_blank\" rel=\"nofollow noopener\">Cyclism\u2019Actu<\/a>. Cette \u00e9dition 2025, riche en \u00e9v\u00e9nements, comptera\u00a0<strong>14 \u00e9preuves<\/strong>\u00a0captivantes \u00e0 travers la France, offrant aux cyclistes l\u2019occasion de briller sur des parcours vari\u00e9s et de mettre en avant leurs talents et d\u2019\u00eatre au plus proche des spectateurs. Cette ann\u00e9e vient s\u2019inscrire un nouveau au calendrier baptis\u00e9e\u00a0<strong>Crit\u00e9rium de<\/strong>\u00a0<strong>Bretagne<\/strong>\u00a0qui se d\u00e9roule \u00e0\u00a0<strong>Javen\u00e9<\/strong>, r\u00e9gion plus repr\u00e9sent\u00e9e depuis l\u2019arr\u00eat de Camors en 2022. Malheureusement, cette p\u00e9riode de renouveau s\u2019accompagne \u00e9galement de l\u2019arr\u00eat d&rsquo;un Crit\u00e9rium embl\u00e9matiques :<strong>\u00a0Vayrac<\/strong>.\u00a0\u00bb<\/p>\n<p>Vid\u00e9o &#8211; Guillaume Martin-Guyonnet au micro de Cyclism&rsquo;Actu ! Lire la suite de l&rsquo;article&#13;<\/p>\n<p>\u00a0<\/p>\n<p>&#13;<br \/>\n<strong>Un moment historique pour le cyclisme f\u00e9minin<\/strong>&#13;<\/p>\n<p>Pour la\u00a0<strong>premi\u00e8re fois en France<\/strong>, un\u00a0<strong>crit\u00e9rium professionnel f\u00e9minin<\/strong>\u00a0sera organis\u00e9\u00a0<strong>au lendemain du Tour de France Femmes<\/strong>. Colmar devient ainsi\u00a0<strong>ville pionni\u00e8re<\/strong>\u00a0en accueillant cette course d\u2019\u00e9lite aux c\u00f4t\u00e9s de l\u2019\u00e9preuve masculine d\u00e9j\u00e0 bien ancr\u00e9e dans le paysage.<\/p>\n<p>&#13;<\/p>\n<p>\u00a0<strong>\u00c0 l\u2019affiche c\u00f4t\u00e9 femmes :<\/strong><\/p>\n<p>&#13;<\/p>\n<p><strong>\u00a0<\/strong><strong>&#8211; Victoire Berteau<\/strong>, championne de France 2023, figure combative et explosive de l\u2019\u00e9quipe Cofidis<\/p>\n<p>&#13;<\/p>\n<p><strong>&#8211; Jade Wiel<\/strong>, championne de France 2019, talentueuse et redoutable finisseuse<\/p>\n<p>&#13;<\/p>\n<p><strong>&#8211; Eug\u00e9nie Duval<\/strong>, 4e de Paris-Roubaix Femmes 2023, experte des parcours techniques et exigeants<\/p>\n<p>&#13;<\/p>\n<p><strong>&#8211; H\u00e9l\u00e8ne Clauzel<\/strong>, double championne de France de cyclo-cross, qui viendra prouver qu\u2019elle est aussi rapide sur route<\/p>\n<p>&#13;<\/p>\n<p>\u00a0<\/p>\n<p>&#13;<\/p>\n<p><strong>Et chez les hommes, du tr\u00e8s, tr\u00e8s lourd !<\/strong><\/p>\n<p>&#13;<\/p>\n<p><strong>\u00a0<\/strong><strong>&#8211; Georg Zimmermann<\/strong>, puncheur spectaculaire de l\u2019\u00e9quipe Intermarch\u00e9-Wanty, fra\u00eechement sorti du Tour de France<\/p>\n<p>&#13;<\/p>\n<p>&#8211; <strong>Jonas Rutsch<\/strong>, sp\u00e9cialiste des classiques flandriennes<\/p>\n<p>&#13;<\/p>\n<p><strong>&#8211; Filippo Conca<\/strong>, champion d\u2019italie 2025<\/p>\n<p>&#13;<\/p>\n<p><strong>&#8211; Guillaume Martin<\/strong>, intellectuel du peloton et attaquant hors pair<\/p>\n<p>&#13;<\/p>\n<p><strong>&#8211; Romain Debord<\/strong>, enfant du pays, pr\u00eat \u00e0 briller devant son public<\/p>\n<p>&#13;<\/p>\n<p>\u00a0<\/p>\n<p>&#13;<br \/>\n<strong>Animations, spectacle et surprises toute l\u2019apr\u00e8s-midi !<\/strong>&#13;<\/p>\n<p>Rendez-vous d\u00e8s 14h sur la place Rapp, au c\u0153ur de Colmar, pour vivre un moment unique :<\/p>\n<p>&#13;<\/p>\n<p>&#8211;\u00a0Village partenaires &amp; animations<\/p>\n<p>&#13;<\/p>\n<p>&#8211; Pr\u00e9sentations des coureurs et coureuses<\/p>\n<p>&#13;<\/p>\n<p>&#8211; Buvette et restauration<\/p>\n<p>&#13;<\/p>\n<p>&#8211; Surprises exclusives le jour J<\/p>\n<p>&#13;<\/p>\n<p><strong>Entr\u00e9e libre \u2013 Tous publics \u2013 Ambiance garantie.\u00a0<\/strong>Le <strong>Crit\u00e9rium de Colmar 2025<\/strong>&#8230; l\u00e0 o\u00f9 le cyclisme \u00e9crit une nouvelle page de son histoire. Ne ratez pas ce rendez-vous inoubliable !<\/p>\n","protected":false},"excerpt":{"rendered":"\u00c9v\u00e9nement exceptionnel\u00a0pour la\u00a0troisi\u00e8me \u00e9dition du Crit\u00e9rium de Colmar, qui s\u2019annonce plus grand, plus fort et plus spectaculaire que&hellip;\n","protected":false},"author":2,"featured_media":292089,"comment_status":"","ping_status":"","sticky":false,"template":"","format":"standard","meta":{"footnotes":""},"categories":[1411],"tags":[42572,1154,207,211,1011,27,209,60,210,212,208,213],"class_list":{"0":"post-292088","1":"post","2":"type-post","3":"status-publish","4":"format-standard","5":"has-post-thumbnail","7":"category-cyclisme","8":"tag-criterium","9":"tag-cycling","10":"tag-cyclisme","11":"tag-ffc","12":"tag-fr","13":"tag-france","14":"tag-route","15":"tag-sports","16":"tag-tour-de-france","17":"tag-uci","18":"tag-velo","19":"tag-world-tour"},"share_on_mastodon":{"url":"https:\/\/pubeurope.com\/@fr\/114960964234398282","error":""},"_links":{"self":[{"href":"https:\/\/www.europesays.com\/fr\/wp-json\/wp\/v2\/posts\/292088","targetHints":{"allow":["GET"]}}],"collection":[{"href":"https:\/\/www.europesays.com\/fr\/wp-json\/wp\/v2\/posts"}],"about":[{"href":"https:\/\/www.europesays.com\/fr\/wp-json\/wp\/v2\/types\/post"}],"author":[{"embeddable":true,"href":"https:\/\/www.europesays.com\/fr\/wp-json\/wp\/v2\/users\/2"}],"replies":[{"embeddable":true,"href":"https:\/\/www.europesays.com\/fr\/wp-json\/wp\/v2\/comments?post=292088"}],"version-history":[{"count":0,"href":"https:\/\/www.europesays.com\/fr\/wp-json\/wp\/v2\/posts\/292088\/revisions"}],"wp:featuredmedia":[{"embeddable":true,"href":"https:\/\/www.europesays.com\/fr\/wp-json\/wp\/v2\/media\/292089"}],"wp:attachment":[{"href":"https:\/\/www.europesays.com\/fr\/wp-json\/wp\/v2\/media?parent=292088"}],"wp:term":[{"taxonomy":"category","embeddable":true,"href":"https:\/\/www.europesays.com\/fr\/wp-json\/wp\/v2\/categories?post=292088"},{"taxonomy":"post_tag","embeddable":true,"href":"https:\/\/www.europesays.com\/fr\/wp-json\/wp\/v2\/tags?post=292088"}],"curies":[{"name":"wp","href":"https:\/\/api.w.org\/{rel}","templated":true}]}}