{"id":292092,"date":"2025-08-02T20:05:10","date_gmt":"2025-08-02T20:05:10","guid":{"rendered":"https:\/\/www.europesays.com\/fr\/292092\/"},"modified":"2025-08-02T20:05:10","modified_gmt":"2025-08-02T20:05:10","slug":"veronique-genest-a-quoi-ressemble-sa-superbe-maison-avec-piscine-et-vue-sur-la-mediterranee","status":"publish","type":"post","link":"https:\/\/www.europesays.com\/fr\/292092\/","title":{"rendered":"V\u00e9ronique Genest : \u00e0 quoi ressemble sa superbe maison avec piscine et vue sur la M\u00e9diterran\u00e9e ?"},"content":{"rendered":"<p>Vous souvenez-vous de la publicit\u00e9 pour Madrange ? \u00ab Il a<br \/>\ntant de caract\u00e8re, il est si tendre, et cette chaire ros\u00e9e comme il<br \/>\nfaut, enfin vous voyez ! \u00bb Non ? V\u00e9ronique Genest, elle, s&rsquo;en<br \/>\nsouvient tr\u00e8s bien. En 1995, bien que sa participation \u00e0 cette<br \/>\npublicit\u00e9 pour la marque de jambon ait \u00e9t\u00e9 courte, elle lui a \u00e9t\u00e9<br \/>\nextr\u00eamement b\u00e9n\u00e9fique. C&rsquo;est gr\u00e2ce \u00e0 ce spot qu&rsquo;elle a pu acheter<br \/>\nune maison avec vue sur la mer en Corse.<\/p>\n<p>Invit\u00e9e <a href=\"https:\/\/www.closermag.fr\/people\/une-bouteille-de-whisky-cest-une-entree-jean-pierre-castaldi-cash-sur-sa-consommation-dalcool-3500850\" target=\"_blank\" rel=\"noopener\"><br \/>\nchez Jordan<\/a> le 12 d\u00e9cembre, la star de Julie Lescaut a indiqu\u00e9<br \/>\nqu\u2019elle \u00e9tait largement millionnaire du point de vue patrimonial.<br \/>\n\u00ab\u00a0Bah, un million d\u2019euros, c\u2019est rien\u00a0!\u00a0\u00bb<br \/>\ns\u2019est-elle exclam\u00e9e. Et pour cause\u00a0: elle poss\u00e8de plusieurs<br \/>\nbiens, si bien qu\u2019elle ne sait m\u00eame pas de quoi l\u2019on parle quand on<br \/>\nlui demande combien vaut sa maison. \u00ab\u00a0Ma maison, non mais<br \/>\nquelle maison\u00a0?!\u00a0\u00bb a-t-elle ainsi demand\u00e9 \u00e0 Jordan,<br \/>\ntroubl\u00e9e, apr\u00e8s sa question.<\/p>\n<p>\u00ab\u00a0Puisque je te dis que je l\u2019ai achet\u00e9 avec ma pub que<br \/>\nj\u2019ai tourn\u00e9e\u00a0!\u00a0\u00bb<\/p>\n<p>Si elle a vendu son appartement de 180 m\u00e8tres carr\u00e9s \u00e0 Paris,<br \/>\nV\u00e9ronique Genest a conserv\u00e9 sa tr\u00e8s belle maison en Corse. Il ne<br \/>\nvaudrait en effet mieux pas se d\u00e9faire de ce bien exceptionnel ! \u00c0<br \/>\ncombien est-il estim\u00e9 ? Le sp\u00e9cialiste du scoop a cherch\u00e9 \u00e0 le<br \/>\nsavoir, mais <a href=\"https:\/\/www.closermag.fr\/people\/je-ferai-ca-cette-operation-de-chirurgie-esthetique-dans-les-projets-de-veronique-genest-3501845\" target=\"_blank\" rel=\"noopener\"><br \/>\nla com\u00e9dienne<\/a> a bott\u00e9 en touche :\u00ab en Corse, \u00e7a va vite,<br \/>\nd\u00e8s que tu as une piscine, un jardin, et une vue sur la mer\u2026<br \/>\n\u00bb<\/p>\n<p>Quand elle l\u2019a achet\u00e9, son bien ne \u00ab valait rien \u00bb,<br \/>\ngarantit-elle. \u00ab\u00a0Puisque je te dis que je l\u2019ai achet\u00e9 avec<br \/>\nma pub que j\u2019ai tourn\u00e9e\u00a0!\u00a0\u00bb a-t-elle ensuite assur\u00e9<br \/>\n\u00e0 Jordan. Mais aujourd\u2019hui, puisqu&rsquo;il y a \u00e9t\u00e9 fait<br \/>\n\u00ab\u00a0\u00e9norm\u00e9ment de travaux\u00a0\u00bb, la maison vaudrait<br \/>\nplus de 4 millions d\u2019euros !<\/p>\n<p>Les b\u00e9n\u00e9fices de la pub Madrange<\/p>\n<p>La publicit\u00e9 pour Madrange a d\u00e9cid\u00e9ment \u00e9t\u00e9 un beau contrat dans<br \/>\nla vie de <a href=\"https:\/\/www.closermag.fr\/people\/veronique-genest-quelques-petits-soucis-pourquoi-elle-a-longtemps-avoisine-les-100-kilos-3501783\" target=\"_blank\" rel=\"noopener\"><br \/>\nV\u00e9ronique Genest<\/a>. Aupr\u00e8s de Jordan, elle s\u2019est souvenue avec<br \/>\n\u00e9motion de tout ce qu\u2019elle a pu obtenir gr\u00e2ce \u00e0 la famille Madrange<br \/>\n: d\u2019immenses colis de charcuterie, notamment, \u00e0 No\u00ebl, chaque<br \/>\nann\u00e9e.<\/p>\n<p>Mais l&rsquo;actrice n\u2019a pas seulement \u00e9t\u00e9 pay\u00e9e en jambon. Si elle<br \/>\nn\u2019a pas voulu d\u00e9voiler pr\u00e9cis\u00e9ment la somme touch\u00e9e pour sa<br \/>\npr\u00e9sence dans la pub, elle a conc\u00e9d\u00e9 qu\u2019elle avait fait augmenter<br \/>\nles ench\u00e8res d\u2019ann\u00e9e en ann\u00e9e, tant et si bien qu\u2019elle avait un<br \/>\njour eu assez d\u2019argent pour faire l\u2019acquisition de son fameux<br \/>\nmorceaux de paradis sur l\u2019\u00eele de beaut\u00e9. Une tranche en or !<\/p>\n","protected":false},"excerpt":{"rendered":"Vous souvenez-vous de la publicit\u00e9 pour Madrange ? \u00ab Il a tant de caract\u00e8re, il est si tendre,&hellip;\n","protected":false},"author":2,"featured_media":292093,"comment_status":"","ping_status":"","sticky":false,"template":"","format":"standard","meta":{"footnotes":""},"categories":[1359],"tags":[548,19647,58,59,1011,27,973,6055,729],"class_list":{"0":"post-292092","1":"post","2":"type-post","3":"status-publish","4":"format-standard","5":"has-post-thumbnail","7":"category-people","8":"tag-article-simple","9":"tag-chez-jordan","10":"tag-divertissement","11":"tag-entertainment","12":"tag-fr","13":"tag-france","14":"tag-people","15":"tag-republishing","16":"tag-yout_video"},"share_on_mastodon":{"url":"https:\/\/pubeurope.com\/@fr\/114960972103036685","error":""},"_links":{"self":[{"href":"https:\/\/www.europesays.com\/fr\/wp-json\/wp\/v2\/posts\/292092","targetHints":{"allow":["GET"]}}],"collection":[{"href":"https:\/\/www.europesays.com\/fr\/wp-json\/wp\/v2\/posts"}],"about":[{"href":"https:\/\/www.europesays.com\/fr\/wp-json\/wp\/v2\/types\/post"}],"author":[{"embeddable":true,"href":"https:\/\/www.europesays.com\/fr\/wp-json\/wp\/v2\/users\/2"}],"replies":[{"embeddable":true,"href":"https:\/\/www.europesays.com\/fr\/wp-json\/wp\/v2\/comments?post=292092"}],"version-history":[{"count":0,"href":"https:\/\/www.europesays.com\/fr\/wp-json\/wp\/v2\/posts\/292092\/revisions"}],"wp:featuredmedia":[{"embeddable":true,"href":"https:\/\/www.europesays.com\/fr\/wp-json\/wp\/v2\/media\/292093"}],"wp:attachment":[{"href":"https:\/\/www.europesays.com\/fr\/wp-json\/wp\/v2\/media?parent=292092"}],"wp:term":[{"taxonomy":"category","embeddable":true,"href":"https:\/\/www.europesays.com\/fr\/wp-json\/wp\/v2\/categories?post=292092"},{"taxonomy":"post_tag","embeddable":true,"href":"https:\/\/www.europesays.com\/fr\/wp-json\/wp\/v2\/tags?post=292092"}],"curies":[{"name":"wp","href":"https:\/\/api.w.org\/{rel}","templated":true}]}}