{"id":292094,"date":"2025-08-02T20:06:11","date_gmt":"2025-08-02T20:06:11","guid":{"rendered":"https:\/\/www.europesays.com\/fr\/292094\/"},"modified":"2025-08-02T20:06:11","modified_gmt":"2025-08-02T20:06:11","slug":"guer-concours-photos-de-lutl-le-laureat-disqualifie-presente-ses-excuses","status":"publish","type":"post","link":"https:\/\/www.europesays.com\/fr\/292094\/","title":{"rendered":"Guer. Concours photos de l&rsquo;UTL: le laur\u00e9at disqualifi\u00e9 pr\u00e9sente ses excuses"},"content":{"rendered":"<p class=\"main-default-container__main-cat\"><a href=\"https:\/\/www.lesinfosdupaysgallo.com\/category\/oust-a-broceliande\/\" rel=\"nofollow noopener\" target=\"_blank\">Oust \u00e0 Broc\u00e9liande<\/a><\/p>\n<p class=\"main-default-container__date\">Publi\u00e9 le 2 ao\u00fbt 2025<\/p>\n<p><img fetchpriority=\"high\" decoding=\"async\" width=\"820\" height=\"615\" src=\"https:\/\/www.europesays.com\/fr\/wp-content\/uploads\/2025\/08\/IMG_7095-820x615.jpeg\" alt=\"\" class=\"wp-image-236689\"  \/><\/p>\n<p>Nous avons relat\u00e9 l\u2019enqu\u00eate que nous avons men\u00e9e, gr\u00e2ce \u00e0 la pr\u00e9sence d\u2019esprit d\u2019une de nos lectrices -que nous remercions d\u2019ailleurs de sa vigilance et de son courage- ce qu\u2019il convient d\u2019appeler \u00ab\u00a0l\u2019affaire du concours photos de l\u2019UTL\u00a0\u00bb. Pour m\u00e9moire, nous avons d\u00e9couvert que la photo laur\u00e9ate \u00e9tait en fait un photomontage et surtout que le clich\u00e9 n\u2019avait pas \u00e9t\u00e9 r\u00e9alis\u00e9 par Michel Blanchard, le gagnant officiel du concours (<a href=\"https:\/\/www.lesinfosdupaysgallo.com\/2025\/07\/31\/guer-lincroyable-bourde-du-laureat-du-concours-photo-de-lutl\/\" rel=\"nofollow noopener\" target=\"_blank\"><strong>voir notre article en cliquant ici<\/strong><\/a>). L\u2019affaire fait grand bruit \u00e0 Guer et, comme nous l\u2019indiquions, un bandeau a \u00e9t\u00e9 appliqu\u00e9 sur la photo litigieuse par la m\u00e9diath\u00e8que pour pr\u00e9venir que celle-ci sera supprim\u00e9e et remplac\u00e9e lors de la 3\u00e8 semaine d\u2019ao\u00fbt. Ce samedi matin, Michel Blanchard, le laur\u00e9at incrimin\u00e9 nous adresse un communiqu\u00e9 dans lequel il pr\u00e9sente ses excuses et que nous publions int\u00e9gralement ci-dessous. Le nouveau classement du concours photo sera annonc\u00e9 en milieu de semaine.<\/p>\n<p>\u00ab\u00a0Je viens de lire votre article concernant ma \u00ab\u00a0bourde\u00a0\u00bb comme vous la nommez. J\u2019assume mon erreur et redis que j\u2019ai particip\u00e9 \u00e0 ce concours pour partager la beaut\u00e9 d\u2019une photo que je pensais avoir prise, qui s\u2019est gliss\u00e9e dans ma phototh\u00e8que, et non dans un esprit de \u00ab\u00a0gagne \u00e0 tout prix\u00a0\u00bb<\/p>\n<p>Je pr\u00e9sente mes excuses \u00e0 l\u2019UTL pour les torts que cela lui cause, au personnel de la m\u00e9diath\u00e8que de Guer pour les g\u00eanes que cela entraine et surtout aux autres candidats et en particulier au second pour avoir pris une place qui lui revient de droit.<\/p>\n<p>Je pr\u00e9sente \u00e9galement mes excuses \u00e0 tous ceux que cette b\u00e9vue a choqu\u00e9s et remercie ceux qui ont cru en ma r\u00e9elle bonne foi.<\/p>\n<p>M. Blanchard\u00a0\u00bb<\/p>\n","protected":false},"excerpt":{"rendered":"Oust \u00e0 Broc\u00e9liande Publi\u00e9 le 2 ao\u00fbt 2025 Nous avons relat\u00e9 l\u2019enqu\u00eate que nous avons men\u00e9e, gr\u00e2ce \u00e0&hellip;\n","protected":false},"author":2,"featured_media":292095,"comment_status":"","ping_status":"","sticky":false,"template":"","format":"standard","meta":{"footnotes":""},"categories":[1358],"tags":[1348,1384,1385,1386,58,59,1011,27],"class_list":{"0":"post-292094","1":"post","2":"type-post","3":"status-publish","4":"format-standard","5":"has-post-thumbnail","7":"category-arts-et-design","8":"tag-arts","9":"tag-arts-and-design","10":"tag-arts-et-design","11":"tag-design","12":"tag-divertissement","13":"tag-entertainment","14":"tag-fr","15":"tag-france"},"share_on_mastodon":{"url":"https:\/\/pubeurope.com\/@fr\/114960976040125403","error":""},"_links":{"self":[{"href":"https:\/\/www.europesays.com\/fr\/wp-json\/wp\/v2\/posts\/292094","targetHints":{"allow":["GET"]}}],"collection":[{"href":"https:\/\/www.europesays.com\/fr\/wp-json\/wp\/v2\/posts"}],"about":[{"href":"https:\/\/www.europesays.com\/fr\/wp-json\/wp\/v2\/types\/post"}],"author":[{"embeddable":true,"href":"https:\/\/www.europesays.com\/fr\/wp-json\/wp\/v2\/users\/2"}],"replies":[{"embeddable":true,"href":"https:\/\/www.europesays.com\/fr\/wp-json\/wp\/v2\/comments?post=292094"}],"version-history":[{"count":0,"href":"https:\/\/www.europesays.com\/fr\/wp-json\/wp\/v2\/posts\/292094\/revisions"}],"wp:featuredmedia":[{"embeddable":true,"href":"https:\/\/www.europesays.com\/fr\/wp-json\/wp\/v2\/media\/292095"}],"wp:attachment":[{"href":"https:\/\/www.europesays.com\/fr\/wp-json\/wp\/v2\/media?parent=292094"}],"wp:term":[{"taxonomy":"category","embeddable":true,"href":"https:\/\/www.europesays.com\/fr\/wp-json\/wp\/v2\/categories?post=292094"},{"taxonomy":"post_tag","embeddable":true,"href":"https:\/\/www.europesays.com\/fr\/wp-json\/wp\/v2\/tags?post=292094"}],"curies":[{"name":"wp","href":"https:\/\/api.w.org\/{rel}","templated":true}]}}