{"id":292096,"date":"2025-08-02T20:07:11","date_gmt":"2025-08-02T20:07:11","guid":{"rendered":"https:\/\/www.europesays.com\/fr\/292096\/"},"modified":"2025-08-02T20:07:11","modified_gmt":"2025-08-02T20:07:11","slug":"decrochages-et-un-petit-boulot","status":"publish","type":"post","link":"https:\/\/www.europesays.com\/fr\/292096\/","title":{"rendered":"\u201cD\u00e9crochages\u201d et \u201cUn petit boulot\u201d"},"content":{"rendered":"<p><strong>Cette semaine, dans votre rubrique litt\u00e9raire, d\u00e9couvrez deux romans o\u00f9 les h\u00e9ros c\u00f4toient l\u2019enfer :\u00a0\u201cD\u00e9crochages\u201d de Julien Fyot et\u00a0\u201cUn petit boulot\u201d de Iain Levison.<\/strong><\/p>\n<p>\u201cD\u00e9crochages\u201d de Julien Fyot, paru aux \u00e9ditions Viviane Hamy, est un roman poignant qui met en sc\u00e8ne le mal \u00eatre en milieu scolaire, celui des enfants et celui d\u2019un enseignant confront\u00e9 un jour \u00e0 une situation qui le d\u00e9passe. Une fiction nourrie par l\u2019exp\u00e9rience de l\u2019auteur, Julien Fyot, professeur des \u00e9coles dans le domaine de l\u2019\u00e9ducation prioritaire et qui manifeste, pour ce premier roman, un vrai talent dans sa fa\u00e7on de mener l\u2019intrigue \u201caussi prenante qu\u2019ing\u00e9nieuse\u201d.<\/p>\n<p>Le personnage principal est un enseignant de CM2 que l\u2019auteur d\u00e9signe par la lettre \u201cJ\u201d. Il est tr\u00e8s appr\u00e9ci\u00e9 de tous, soucieux de la qualit\u00e9 de son travail, \u00e0 l\u2019\u00e9coute de ses \u00e9l\u00e8ves et des parents et, de surcroit, habile dans la gestion des \u00e9l\u00e8ves dits \u201cdifficiles\u201d, sachant doser savamment patience et autorit\u00e9. Un vrai challenge quelquefois quand il faut supporter en outre les mesquineries de ses coll\u00e8gues, les tracasseries administratives\u201d et une ambiance tendue \u00e0 la maison depuis la naissance d\u2019un b\u00e9b\u00e9 asthmatique qui vous prive de sommeil. Un \u00e9quilibre fragile remis en question chaque jour.<\/p>\n<p>Le grain de sable de cette belle m\u00e9canique huil\u00e9e arrive avec Brayan, \u00e9l\u00e8ve turbulent, en grande difficult\u00e9, rejet\u00e9 de plusieurs \u00e9tablissements, rebelle \u00e0 toutes les formes d\u2019aide et qu\u2019on confie \u00e0 \u201cJ\u201d car \u201cIl sait y faire\u201d ! Peu \u00e0 peu Brayan remet en cause toutes les certitudes du ma\u00eetre dont il use la patience : \u00ab Une classe avec Brayan, c\u2019est mille petites gouttes qui feront d\u00e9border puis exploser le vase. Rien ne s\u2019anticipe. Rien ne se contr\u00f4le \u00bb. \u201cJ\u201d est mis en \u00e9chec et tout d\u00e9rape.<\/p>\n<p>Les \u00e9ditions Viviane Hamy s\u2019attachent \u00e0 d\u00e9couvrir de nouvelles voix : ce premier roman est un des livres prometteurs de la rentr\u00e9e litt\u00e9raire.<\/p>\n<p>\u201cUn petit boulot\u201d de Iain Levison est la r\u00e9\u00e9dition chez Liana Levi d\u2019un livre \u00e0 grand succ\u00e8s qui a fait conna\u00eetre en France cet auteur am\u00e9ricain d\u2019origine \u00e9cossaise. Un roman \u00e0 la fois noir et loufoque qui emporte le lecteur dans une aventure \u00e9mouvante et d\u00e9jant\u00e9e.<\/p>\n<p>Nous sommes dans une petite ville am\u00e9ricaine du Wisconsin, ravag\u00e9e par la fermeture de son unique usine. Les hommes sont d\u00e9s\u0153uvr\u00e9s, chacun cherchant d\u00e9sesp\u00e9r\u00e9ment des exp\u00e9dients pour gagner un peu d\u2019argent et retrouver une vie \u201cnormale\u201d. Le narrateur, Jake Skowran, a tout perdu : son travail et sa femme qui est partie avec un vendeur de voitures. Sans ressources, il a accumul\u00e9 les dettes aupr\u00e8s d\u2019un bookmaker, Ken Gardocki, qui ne manque pas de le lui rappeler r\u00e9guli\u00e8rement. Il est au bord du gouffre et pr\u00eat \u00e0 tout quand son cr\u00e9ancier lui propose \u201cun petit boulot\u201d bien pay\u00e9.\u00a0Il suffit de tuer sa femme infid\u00e8le en toute discr\u00e9tion ! Accul\u00e9, Jake va-t-il accepter ?<\/p>\n<p>Un petit roman \u00e0 l\u2019humour caustique qui dresse le portrait d\u2019une soci\u00e9t\u00e9 am\u00e9ricaine rurale, r\u00e9sign\u00e9e et en plein marasme \u00e9conomique, Iain Levison aimant \u00e9crire sur \u00ab la vie des petites gens et les injustices sociales \u00bb.<\/p>\n<p><strong>De notre correspondante<\/strong><\/p>\n<p><strong>Fran\u00e7oise Ramillon<\/strong><\/p>\n<ul class=\"splide__list\">\n<li class=\"splide__slide\">\n                    <img decoding=\"async\" src=\"https:\/\/www.europesays.com\/fr\/wp-content\/uploads\/2025\/08\/910521.HR_.jpg\" alt=\"\"\/><br \/>\n                                            \u201cUn petit boulot\u201d de Iain Levison, aux \u00e9ditions Liana Levi.\n                                    <\/li>\n<\/ul>\n<ul class=\"splide__list\">\n<li class=\"splide__slide\">\n                    <img decoding=\"async\" src=\"https:\/\/www.europesays.com\/fr\/wp-content\/uploads\/2025\/08\/910521.HR_-150x150.jpg\" alt=\"\"\/>\n                <\/li>\n<\/ul>\n","protected":false},"excerpt":{"rendered":"Cette semaine, dans votre rubrique litt\u00e9raire, d\u00e9couvrez deux romans o\u00f9 les h\u00e9ros c\u00f4toient l\u2019enfer :\u00a0\u201cD\u00e9crochages\u201d de Julien Fyot&hellip;\n","protected":false},"author":2,"featured_media":292097,"comment_status":"","ping_status":"","sticky":false,"template":"","format":"standard","meta":{"footnotes":""},"categories":[1357],"tags":[1379,58,59,1011,27,1380],"class_list":{"0":"post-292096","1":"post","2":"type-post","3":"status-publish","4":"format-standard","5":"has-post-thumbnail","7":"category-livres","8":"tag-books","9":"tag-divertissement","10":"tag-entertainment","11":"tag-fr","12":"tag-france","13":"tag-livres"},"share_on_mastodon":{"url":"https:\/\/pubeurope.com\/@fr\/114960980075750870","error":""},"_links":{"self":[{"href":"https:\/\/www.europesays.com\/fr\/wp-json\/wp\/v2\/posts\/292096","targetHints":{"allow":["GET"]}}],"collection":[{"href":"https:\/\/www.europesays.com\/fr\/wp-json\/wp\/v2\/posts"}],"about":[{"href":"https:\/\/www.europesays.com\/fr\/wp-json\/wp\/v2\/types\/post"}],"author":[{"embeddable":true,"href":"https:\/\/www.europesays.com\/fr\/wp-json\/wp\/v2\/users\/2"}],"replies":[{"embeddable":true,"href":"https:\/\/www.europesays.com\/fr\/wp-json\/wp\/v2\/comments?post=292096"}],"version-history":[{"count":0,"href":"https:\/\/www.europesays.com\/fr\/wp-json\/wp\/v2\/posts\/292096\/revisions"}],"wp:featuredmedia":[{"embeddable":true,"href":"https:\/\/www.europesays.com\/fr\/wp-json\/wp\/v2\/media\/292097"}],"wp:attachment":[{"href":"https:\/\/www.europesays.com\/fr\/wp-json\/wp\/v2\/media?parent=292096"}],"wp:term":[{"taxonomy":"category","embeddable":true,"href":"https:\/\/www.europesays.com\/fr\/wp-json\/wp\/v2\/categories?post=292096"},{"taxonomy":"post_tag","embeddable":true,"href":"https:\/\/www.europesays.com\/fr\/wp-json\/wp\/v2\/tags?post=292096"}],"curies":[{"name":"wp","href":"https:\/\/api.w.org\/{rel}","templated":true}]}}