{"id":292100,"date":"2025-08-02T20:09:11","date_gmt":"2025-08-02T20:09:11","guid":{"rendered":"https:\/\/www.europesays.com\/fr\/292100\/"},"modified":"2025-08-02T20:09:11","modified_gmt":"2025-08-02T20:09:11","slug":"on-nest-pas-des-fans-hysteriques-au-stade-de-france-une-communaute-solidaire-attend-le-show-des-blackpink","status":"publish","type":"post","link":"https:\/\/www.europesays.com\/fr\/292100\/","title":{"rendered":"\u00ab\u00a0On n\u2019est pas des fans hyst\u00e9riques\u00a0\u00bb\u00a0: au Stade de France, une communaut\u00e9 solidaire attend le show des Blackpink"},"content":{"rendered":"<p class=\"paragraph text_align_left lp-f-body-02\">Sacs en toile \u00e0 l\u2019effigie du groupe, autocollants, porte-cl\u00e9s\u2026 Les cartons dispos\u00e9s sur le sol contiennent pr\u00e8s de 34 illustrations, toutes imagin\u00e9es par des fans du groupe. \u00ab On a fait appel \u00e0 deux graphistes pour les banni\u00e8res et les packs \u00bb, explique Khey, 21 ans, \u00e9tudiante en commerce internationale, qui d\u00e9tient un compte X (ex-Twitter) sur les Blackpink depuis 2020. Avec deux autres titulaires de profils d\u00e9di\u00e9s au groupe sur les r\u00e9seaux sociaux, elle a organis\u00e9 une distribution gratuite de banni\u00e8res.<\/p>\n","protected":false},"excerpt":{"rendered":"Sacs en toile \u00e0 l\u2019effigie du groupe, autocollants, porte-cl\u00e9s\u2026 Les cartons dispos\u00e9s sur le sol contiennent pr\u00e8s de&hellip;\n","protected":false},"author":2,"featured_media":292101,"comment_status":"","ping_status":"","sticky":false,"template":"","format":"standard","meta":{"footnotes":""},"categories":[1355],"tags":[872,58,59,1011,27,1361,873],"class_list":{"0":"post-292100","1":"post","2":"type-post","3":"status-publish","4":"format-standard","5":"has-post-thumbnail","7":"category-musique","8":"tag-culture-et-loisirs","9":"tag-divertissement","10":"tag-entertainment","11":"tag-fr","12":"tag-france","13":"tag-music","14":"tag-musique"},"share_on_mastodon":{"url":"https:\/\/pubeurope.com\/@fr\/114960988157347723","error":""},"_links":{"self":[{"href":"https:\/\/www.europesays.com\/fr\/wp-json\/wp\/v2\/posts\/292100","targetHints":{"allow":["GET"]}}],"collection":[{"href":"https:\/\/www.europesays.com\/fr\/wp-json\/wp\/v2\/posts"}],"about":[{"href":"https:\/\/www.europesays.com\/fr\/wp-json\/wp\/v2\/types\/post"}],"author":[{"embeddable":true,"href":"https:\/\/www.europesays.com\/fr\/wp-json\/wp\/v2\/users\/2"}],"replies":[{"embeddable":true,"href":"https:\/\/www.europesays.com\/fr\/wp-json\/wp\/v2\/comments?post=292100"}],"version-history":[{"count":0,"href":"https:\/\/www.europesays.com\/fr\/wp-json\/wp\/v2\/posts\/292100\/revisions"}],"wp:featuredmedia":[{"embeddable":true,"href":"https:\/\/www.europesays.com\/fr\/wp-json\/wp\/v2\/media\/292101"}],"wp:attachment":[{"href":"https:\/\/www.europesays.com\/fr\/wp-json\/wp\/v2\/media?parent=292100"}],"wp:term":[{"taxonomy":"category","embeddable":true,"href":"https:\/\/www.europesays.com\/fr\/wp-json\/wp\/v2\/categories?post=292100"},{"taxonomy":"post_tag","embeddable":true,"href":"https:\/\/www.europesays.com\/fr\/wp-json\/wp\/v2\/tags?post=292100"}],"curies":[{"name":"wp","href":"https:\/\/api.w.org\/{rel}","templated":true}]}}