{"id":292114,"date":"2025-08-02T20:16:12","date_gmt":"2025-08-02T20:16:12","guid":{"rendered":"https:\/\/www.europesays.com\/fr\/292114\/"},"modified":"2025-08-02T20:16:12","modified_gmt":"2025-08-02T20:16:12","slug":"comment-dmitri-medvedev-lex-president-russe-devenu-aboyeur-du-parti-de-la-guerre-a-fini-par-faire-sortir-donald-trump-de-ses-gonds","status":"publish","type":"post","link":"https:\/\/www.europesays.com\/fr\/292114\/","title":{"rendered":"Comment Dmitri Medvedev, l\u2019ex-pr\u00e9sident russe devenu aboyeur du \u00abParti de la guerre\u00bb a fini par faire sortir Donald Trump de ses gonds"},"content":{"rendered":"<p>Apr\u00e8s avoir grandi en politique sous l\u2019aile de Vladimir Poutine, il a connu une brutale d\u00e9convenue. Ses outrances ne cessent d\u2019interroger tant elles d\u00e9tonnent avec le politicien consid\u00e9r\u00e9 alors comme un \u00abr\u00e9formateur lib\u00e9ral\u00bb.<\/p>\n<p class=\"fig-paragraph\">Ses provocations n\u2019\u00e9tonnaient plus vraiment, tant il en a abus\u00e9 depuis l\u2019invasion de l\u2019Ukraine, en 2022. Les vitup\u00e9rations de l\u2019ancien pr\u00e9sident Dmitri Medvedev auront tout de m\u00eame fini par\u00a0<a href=\"http:\/\/www.lefigaro.fr\/international\/donald-trump-ordonne-l-envoi-de-deux-sous-marins-nucleaires-apres-des-commentaires-russes-provocateurs-20250801\" data-fig-type=\"NewsFlash\" data-gtm-custom-categorie=\"navigation\" data-gtm-custom-action=\"crossclick\" data-gtm-custom-label=\"Contextuel\" data-gtm-event=\"customEventSPE\" data-fig-domain=\"LEFIGARO\" target=\"_blank\" rel=\"noopener\">faire sortir Donald Trump de ses gonds<\/a>. Le pr\u00e9sident am\u00e9ricain a annonc\u00e9 vendredi le \u00ab d\u00e9ploiement de deux sous-marins nucl\u00e9aires (\u2026) dans les zones appropri\u00e9es\u00a0\u00bb, en r\u00e9ponse \u00e0 des \u00ab d\u00e9clarations idiotes et incendiaires\u00a0\u00bb de Medvedev sur les r\u00e9seaux sociaux. Le 28 juillet, l\u2019ex-pr\u00e9sident russe (2008-2012) et premier ministre (2008-2020) s\u2019en \u00e9tait vivement pris sur sa cha\u00eene Telegram \u00e0 Donald Trump et \u00e0 son ultimatum lanc\u00e9 \u00e0 Vladimir Poutine pour conclure un cessez-le-feu en Ukraine dans un d\u00e9lai de cinquante jours, ramen\u00e9 ensuite \u00e0 dix.<\/p>\n<p class=\"fig-paragraph\">\u00ab Chaque ultimatum ult\u00e9rieur est une menace et un pas vers la guerre\u00a0\u00bb, avait-il pris \u00e0 partie Donald Trump. Celui-ci l\u2019avait trait\u00e9 en retour, le 31 juillet, de \u00abpr\u00e9sident rat\u00e9 qui se prend toujours pour un pr\u00e9sident\u00a0\u00bb et qui, de surcro\u00eet, \u00abs\u2019aventure\u2026<\/p>\n<p class=\"fig-premium-paywall__infos\">\n        Cet article est r\u00e9serv\u00e9 aux abonn\u00e9s.        Il vous reste 85% \u00e0 d\u00e9couvrir.\n    <\/p>\n<p>                <img  data- alt=\"Le Figaro\" class=\"fig-img--complete fig-img\"\/><\/p>\n<p class=\"fig-premium-paywall__title\">Vous avez envie de lire la suite ?<\/p>\n<p class=\"fig-premium-paywall__subtitle\">D\u00e9bloquez tous les articles imm\u00e9diatement.<\/p>\n<p class=\"fig-premium-paywall__connect\">\n                D\u00e9j\u00e0 abonn\u00e9\u00a0?                <a class=\"fig-premium-paywall__connect-link\" href=\"https:\/\/connect.lefigaro.fr\/login?client=horizon_web&amp;type=main&amp;redirect_uri=https%3A%2F%2Fwww.lefigaro.fr%2Finternational%2Fcomment-dmitri-medvedev-l-ex-president-russe-devenu-aboyeur-du-parti-de-la-guerre-a-fini-par-faire-sortir-donald-trump-de-ses-gonds-20250802\" data-js-gtm=\"{&quot;customCategorie&quot;: &quot;conversion&quot;, &quot;customAction&quot;: &quot;before_Landing_Connexion_paywall_auto&quot;, &quot;customLabel&quot;: &quot;bGVmaWdhcm8uZnJfXzFmMDZmYzhjLWFlYmUtNjJmYS04ZGUzLWQzYWFhNjFjNmY1M19fQXJ0aWNsZQ==_Comment Dmitri Medvedev, l\u2019ex-pr\u00e9sident russe devenu aboyeur du \u00abParti de la guerre\u00bb a fini par faire sortir Donald Trump de ses gonds_257&quot;, &quot;customIDSPE&quot;: &quot;bGVmaWdhcm8uZnJfXzFmMDZmYzhjLWFlYmUtNjJmYS04ZGUzLWQzYWFhNjFjNmY1M19fQXJ0aWNsZQ==&quot;, &quot;event&quot;: &quot;customEventSPE&quot;}\" target=\"_blank\" rel=\"noopener\"><br \/>\n                    Connectez-vous<br \/>\n                <\/a>\n            <\/p>\n","protected":false},"excerpt":{"rendered":"Apr\u00e8s avoir grandi en politique sous l\u2019aile de Vladimir Poutine, il a connu une brutale d\u00e9convenue. Ses outrances&hellip;\n","protected":false},"author":2,"featured_media":292115,"comment_status":"","ping_status":"","sticky":false,"template":"","format":"standard","meta":{"footnotes":""},"categories":[5],"tags":[11,39407,1011,27,14,12,135,28],"class_list":{"0":"post-292114","1":"post","2":"type-post","3":"status-publish","4":"format-standard","5":"has-post-thumbnail","7":"category-international","8":"tag-actualites","9":"tag-dmitri-medvedev","10":"tag-fr","11":"tag-france","12":"tag-international","13":"tag-news","14":"tag-vladimir-poutine","15":"tag-world"},"share_on_mastodon":{"url":"https:\/\/pubeurope.com\/@fr\/114961015445109821","error":""},"_links":{"self":[{"href":"https:\/\/www.europesays.com\/fr\/wp-json\/wp\/v2\/posts\/292114","targetHints":{"allow":["GET"]}}],"collection":[{"href":"https:\/\/www.europesays.com\/fr\/wp-json\/wp\/v2\/posts"}],"about":[{"href":"https:\/\/www.europesays.com\/fr\/wp-json\/wp\/v2\/types\/post"}],"author":[{"embeddable":true,"href":"https:\/\/www.europesays.com\/fr\/wp-json\/wp\/v2\/users\/2"}],"replies":[{"embeddable":true,"href":"https:\/\/www.europesays.com\/fr\/wp-json\/wp\/v2\/comments?post=292114"}],"version-history":[{"count":0,"href":"https:\/\/www.europesays.com\/fr\/wp-json\/wp\/v2\/posts\/292114\/revisions"}],"wp:featuredmedia":[{"embeddable":true,"href":"https:\/\/www.europesays.com\/fr\/wp-json\/wp\/v2\/media\/292115"}],"wp:attachment":[{"href":"https:\/\/www.europesays.com\/fr\/wp-json\/wp\/v2\/media?parent=292114"}],"wp:term":[{"taxonomy":"category","embeddable":true,"href":"https:\/\/www.europesays.com\/fr\/wp-json\/wp\/v2\/categories?post=292114"},{"taxonomy":"post_tag","embeddable":true,"href":"https:\/\/www.europesays.com\/fr\/wp-json\/wp\/v2\/tags?post=292114"}],"curies":[{"name":"wp","href":"https:\/\/api.w.org\/{rel}","templated":true}]}}