{"id":292118,"date":"2025-08-02T20:19:18","date_gmt":"2025-08-02T20:19:18","guid":{"rendered":"https:\/\/www.europesays.com\/fr\/292118\/"},"modified":"2025-08-02T20:19:18","modified_gmt":"2025-08-02T20:19:18","slug":"saint-just-saint-rambert-plus-de-16-000-personnes-pour-les-quatre-evenements-des-mercredis-en-fete","status":"publish","type":"post","link":"https:\/\/www.europesays.com\/fr\/292118\/","title":{"rendered":"Saint-Just-Saint-Rambert. Plus de 16\u00a0000 personnes pour les quatre \u00e9v\u00e9nements des Mercredis en f\u00eate"},"content":{"rendered":"<p>Cet \u00e9t\u00e9, les Mercredis en f\u00eate ont \u00e9t\u00e9 une r\u00e9ussite comme l\u2019explique J\u00e9r\u00f4me Sagnard, conseiller d\u00e9l\u00e9gu\u00e9 \u00e0 la communication et \u00e0 l\u2019animation de la ville. \u00ab\u00a0Pour cette \u00e9dition 2025, les <a href=\"https:\/\/www.leprogres.fr\/culture-loisirs\/2025\/07\/19\/une-soiree-guinguette-pour-clore-les-mercredis-de-l-ete\" target=\"_blank\" rel=\"noopener\">Mercredis en f\u00eate<\/a> ont r\u00e9uni pr\u00e8s de 16\u00a0000 personnes lors des quatre manifestations ouvertes \u00e0 toutes les g\u00e9n\u00e9rations\u00a0\u00bb, entame le conseiller.<\/p>\n<p>  Un chanteur a failli \u00eatre absent au dernier moment<\/p>\n<p>Et malgr\u00e9 la canicule du premier concert, la m\u00e9t\u00e9o a \u00e9t\u00e9 ensuite plut\u00f4t cl\u00e9mente. En effet, le 2\u00a0juillet, les For\u00e9ziens ont accueilli, le chanteur Joseph Kamel. D\u2019ailleurs ce dernier a bien failli ne pas venir\u00a0nous raconte J\u00e9r\u00f4me Sagnard.<\/p>\n<p>\u00ab\u00a0Cela a \u00e9t\u00e9 tr\u00e8s compliqu\u00e9 pour lui car il venait en train. Et ses deux trains ont \u00e9t\u00e9 annul\u00e9s. Il \u00e9tait \u00e0 l\u2019heure, mais il n\u2019a pas eu le temps de faire ses balances. Il les a faites lors de sa premi\u00e8re chanson. Le lendemain matin, il partait \u00e0 5 heures du matin, pour un autre concert\u00a0\u00bb. Ce soir-l\u00e0, avec DJ Notrax, ils \u00e9taient plus de 6\u00a0200 spectateurs pour une jauge de 8\u00a0000 personnes.<\/p>\n<p>Le 9\u00a0juillet, les spectateurs ont pu assister \u00e0 la soir\u00e9e mix party avec DJ Alex Wat. \u00ab\u00a0Lui, il vit pour l\u2019instant \u00e0 Chypre. Devant plus de 5\u00a0000 personnes il a expliqu\u00e9 qu\u2019il est parti de Chypre le jour m\u00eame \u00e0 6 heures du matin pour rejoindre Saint-Just-Saint-Rambert\u00a0\u00bb pr\u00e9cise le conseiller d\u00e9l\u00e9gu\u00e9 \u00e0 l\u2019animation de la ville.<\/p>\n<p>Ce contenu est bloqu\u00e9 car vous n&rsquo;avez pas accept\u00e9 les cookies et autres traceurs.<\/p>\n<p>En cliquant sur \u00ab J\u2019accepte \u00bb, les cookies et autres traceurs seront d\u00e9pos\u00e9s et vous pourrez visualiser les contenus  (<a href=\"\" class=\"consentModule_policy\" target=\"_blank\" title=\"Consulter la politique de protection des donn\u00e9es du fournisseur\">plus d&rsquo;informations<\/a>).<\/p>\n<p>En cliquant sur \u00ab J\u2019accepte tous les cookies \u00bb, vous autorisez des d\u00e9p\u00f4ts de cookies et autres traceurs pour le stockage de vos donn\u00e9es sur nos sites et applications \u00e0 des fins de personnalisation et de ciblage publicitaire.<\/p>\n<p class=\"consentModule_secondaryText\">Vous gardez la possibilit\u00e9 de retirer votre consentement \u00e0 tout moment en consultant notre <a href=\"https:\/\/www.leprogres.fr\/protection-des-donnees\" target=\"_blank\" title=\"Consulter notre politique de protection des donn\u00e9es\" rel=\"noopener\">politique de protection des donn\u00e9es<\/a>. <br \/>&#13;<br \/>\n            <a href=\"https:\/\/www.leprogres.fr\/culture-loisirs\/2025\/08\/02\/javascript:Didomi.notice.show()\" class=\"consentModule_cmp\" target=\"_blank\" rel=\"noopener\">G\u00e9rer mes choix<\/a>&#13;\n        <\/p>\n<p>&#13;<br \/>\n                        J&rsquo;accepte&#13;<br \/>\n            J&rsquo;accepte tous les cookies&#13;\n        <\/p>\n<p>Quant \u00e0 la journ\u00e9e sport et jeux du mercredi 16\u00a0juillet, en partenariat avec le CROM\u2019S Auvergne-Rh\u00f4ne-Alpes (N.D.L.R. Comit\u00e9 r\u00e9gional des offices municipaux du sport), elle a rassembl\u00e9 2\u00a0000 parents et enfants.<\/p>\n<p>  2\u00a0400 danseurs pour la soir\u00e9e guinguette<\/p>\n<p>Le dernier Mercredi en f\u00eate a eu le 23\u00a0juillet et cette fois-ci, les entr\u00e9es \u00e9taient un peu moins importantes.<\/p>\n<p>\u00ab\u00a0Oui, la m\u00e9t\u00e9o annon\u00e7ait des orages et je pense que cela a d\u00fb jouer. Au final, nous avons accueilli 2\u00a0400 danseurs pour la soir\u00e9e guinguette et nous n\u2019avons pas eu d\u2019orages.\u00a0\u00bb<\/p>\n<p>Quant aux buvettes, neuf associations ont particip\u00e9 pour vendre des centaines de kilos de frites, de saucisses, de cr\u00eapes\u2026 Et lorsqu\u2019on l\u2019interroge \u00e0 propos de la saison prochaine, J\u00e9r\u00f4me Sagnard lance\u00a0: \u00ab\u00a0Nous n\u2019avons pas encore r\u00e9fl\u00e9chi et puis il va falloir qu\u2019on soit \u00e9lus avant\u00a0\u00bb conclut-il.<\/p>\n","protected":false},"excerpt":{"rendered":"Cet \u00e9t\u00e9, les Mercredis en f\u00eate ont \u00e9t\u00e9 une r\u00e9ussite comme l\u2019explique J\u00e9r\u00f4me Sagnard, conseiller d\u00e9l\u00e9gu\u00e9 \u00e0 la&hellip;\n","protected":false},"author":2,"featured_media":292119,"comment_status":"","ping_status":"","sticky":false,"template":"","format":"standard","meta":{"footnotes":""},"categories":[9653],"tags":[1111,11,2430,1687,7359,1777,674,3326,1011,27,12,4043,25,4001,20524,20525,953],"class_list":{"0":"post-292118","1":"post","2":"type-post","3":"status-publish","4":"format-standard","5":"has-post-thumbnail","7":"category-saint-etienne","8":"tag-actu","9":"tag-actualites","10":"tag-auvergne-rhone-alpes","11":"tag-culture-loisirs","12":"tag-edition-loire-centre","13":"tag-eu","14":"tag-europe","15":"tag-fete-locale","16":"tag-fr","17":"tag-france","18":"tag-news","19":"tag-repas-et-the-dansant","20":"tag-republique-francaise","21":"tag-saint-etienne","22":"tag-saint-just-saint-rambert","23":"tag-saint-just-saint-rambert-ville","24":"tag-soiree"},"share_on_mastodon":{"url":"https:\/\/pubeurope.com\/@fr\/114961027162623702","error":""},"_links":{"self":[{"href":"https:\/\/www.europesays.com\/fr\/wp-json\/wp\/v2\/posts\/292118","targetHints":{"allow":["GET"]}}],"collection":[{"href":"https:\/\/www.europesays.com\/fr\/wp-json\/wp\/v2\/posts"}],"about":[{"href":"https:\/\/www.europesays.com\/fr\/wp-json\/wp\/v2\/types\/post"}],"author":[{"embeddable":true,"href":"https:\/\/www.europesays.com\/fr\/wp-json\/wp\/v2\/users\/2"}],"replies":[{"embeddable":true,"href":"https:\/\/www.europesays.com\/fr\/wp-json\/wp\/v2\/comments?post=292118"}],"version-history":[{"count":0,"href":"https:\/\/www.europesays.com\/fr\/wp-json\/wp\/v2\/posts\/292118\/revisions"}],"wp:featuredmedia":[{"embeddable":true,"href":"https:\/\/www.europesays.com\/fr\/wp-json\/wp\/v2\/media\/292119"}],"wp:attachment":[{"href":"https:\/\/www.europesays.com\/fr\/wp-json\/wp\/v2\/media?parent=292118"}],"wp:term":[{"taxonomy":"category","embeddable":true,"href":"https:\/\/www.europesays.com\/fr\/wp-json\/wp\/v2\/categories?post=292118"},{"taxonomy":"post_tag","embeddable":true,"href":"https:\/\/www.europesays.com\/fr\/wp-json\/wp\/v2\/tags?post=292118"}],"curies":[{"name":"wp","href":"https:\/\/api.w.org\/{rel}","templated":true}]}}