{"id":292122,"date":"2025-08-02T20:21:39","date_gmt":"2025-08-02T20:21:39","guid":{"rendered":"https:\/\/www.europesays.com\/fr\/292122\/"},"modified":"2025-08-02T20:21:39","modified_gmt":"2025-08-02T20:21:39","slug":"une-promenade-instructive-dans-la-nef-de-la-basilique","status":"publish","type":"post","link":"https:\/\/www.europesays.com\/fr\/292122\/","title":{"rendered":"Une promenade instructive dans la nef de la basilique"},"content":{"rendered":"<p>L\u2019association Connaissance et renaissance de la basilique de Saint-Nicolas-de-Port propose une visite guid\u00e9e de la nef. Il est \u00e9galement possible de monter dans les tours de la basilique mais attention, plus de 300 marches sont \u00e0 gravir pour parvenir \u00e0 leurs sommets.<\/p>\n<p class=\"note\">Les dimanches 3 et 17\u00a0ao\u00fbt, \u00e0 15\u00a0h, \u00e0 la basilique, rue Simon-Moycet, \u00e0 Saint-Nicolas-de-Port. Tarif\u00a0: 5\u00a0\u20ac. R\u00e9servation au 03\u00a083\u00a046\u00a081\u00a050.<\/p>\n","protected":false},"excerpt":{"rendered":"L\u2019association Connaissance et renaissance de la basilique de Saint-Nicolas-de-Port propose une visite guid\u00e9e de la nef. Il est&hellip;\n","protected":false},"author":2,"featured_media":292123,"comment_status":"","ping_status":"","sticky":false,"template":"","format":"standard","meta":{"footnotes":""},"categories":[9635],"tags":[1111,11,9652,1687,1704,1777,674,1011,27,775,1702,12,2661,25,9651],"class_list":{"0":"post-292122","1":"post","2":"type-post","3":"status-publish","4":"format-standard","5":"has-post-thumbnail","7":"category-nancy","8":"tag-actu","9":"tag-actualites","10":"tag-cc-des-pays-du-sel-et-du-vermois-54b","11":"tag-culture-loisirs","12":"tag-edition-nancy-et-agglomeration","13":"tag-eu","14":"tag-europe","15":"tag-fr","16":"tag-france","17":"tag-grand-est","18":"tag-nancy","19":"tag-news","20":"tag-patrimoine-culturel","21":"tag-republique-francaise","22":"tag-saint-nicolas-de-port"},"share_on_mastodon":{"url":"https:\/\/pubeurope.com\/@fr\/114961034946246592","error":""},"_links":{"self":[{"href":"https:\/\/www.europesays.com\/fr\/wp-json\/wp\/v2\/posts\/292122","targetHints":{"allow":["GET"]}}],"collection":[{"href":"https:\/\/www.europesays.com\/fr\/wp-json\/wp\/v2\/posts"}],"about":[{"href":"https:\/\/www.europesays.com\/fr\/wp-json\/wp\/v2\/types\/post"}],"author":[{"embeddable":true,"href":"https:\/\/www.europesays.com\/fr\/wp-json\/wp\/v2\/users\/2"}],"replies":[{"embeddable":true,"href":"https:\/\/www.europesays.com\/fr\/wp-json\/wp\/v2\/comments?post=292122"}],"version-history":[{"count":0,"href":"https:\/\/www.europesays.com\/fr\/wp-json\/wp\/v2\/posts\/292122\/revisions"}],"wp:featuredmedia":[{"embeddable":true,"href":"https:\/\/www.europesays.com\/fr\/wp-json\/wp\/v2\/media\/292123"}],"wp:attachment":[{"href":"https:\/\/www.europesays.com\/fr\/wp-json\/wp\/v2\/media?parent=292122"}],"wp:term":[{"taxonomy":"category","embeddable":true,"href":"https:\/\/www.europesays.com\/fr\/wp-json\/wp\/v2\/categories?post=292122"},{"taxonomy":"post_tag","embeddable":true,"href":"https:\/\/www.europesays.com\/fr\/wp-json\/wp\/v2\/tags?post=292122"}],"curies":[{"name":"wp","href":"https:\/\/api.w.org\/{rel}","templated":true}]}}