{"id":292124,"date":"2025-08-02T20:24:11","date_gmt":"2025-08-02T20:24:11","guid":{"rendered":"https:\/\/www.europesays.com\/fr\/292124\/"},"modified":"2025-08-02T20:24:11","modified_gmt":"2025-08-02T20:24:11","slug":"le-toulonnais-damien-joly-passe-en-finale-du-1-500-m-aux-mondiaux-de-natation","status":"publish","type":"post","link":"https:\/\/www.europesays.com\/fr\/292124\/","title":{"rendered":"Le Toulonnais Damien Joly passe en finale du 1.500 m aux Mondiaux de natation"},"content":{"rendered":"<p>Contrat rempli pour Damien Joly. Le Toulonnais de 33 ans s\u2019est qualifi\u00e9 hier pour la finale du 1.500m nage libre des championnats du monde \u00e0 Singapour. L\u2019objectif que le capitaine de l\u2019\u00e9quipe de France s\u2019\u00e9tait fix\u00e9 en arrivant en Asie.<\/p>\n<p>Le natif d\u2019Ollioules a termin\u00e9 5e de la s\u00e9rie la plus relev\u00e9e, en 14\u201951\u2019\u201906. Soit le huiti\u00e8me temps, synonyme de dernier ticket pour la finale.<\/p>\n<p>\u00ab\u00a0Je suis satisfait d\u2019avoir retranscrit ce que je fais \u00e0 l\u2019entra\u00eenement, r\u00e9agissait-il aupr\u00e8s de la F\u00e9d\u00e9ration fran\u00e7aise de natation. Je suis content. Je pars en contr\u00f4le, j\u2019essaie d\u2019acc\u00e9l\u00e9rer mais j\u2019ai du mal \u00e0 changer de braquet. L\u2019Australien (Samuel Short, 4e de la s\u00e9rie en 14\u201946\u2019\u201924), quand il revient fort, j\u2019ai du mal \u00e0 le suivre. J\u2019ai essay\u00e9 de me donner \u00e0 1.000% pour passer. Malgr\u00e9 le fait que j\u2019en ai pas mal donn\u00e9, je me suis bien senti. Je vais bien r\u00e9cup\u00e9rer pour nager sur une nouvelle finale et prendre du plaisir.\u00a0\u00bb<\/p>\n<p>L\u2019Allemand Florian Wellbrock a quant \u00e0 lui sign\u00e9 le meilleur chrono en 14\u201944\u2019\u201981.<\/p>\n<p>\u00ab\u00a0J\u2019ai encore envie de m\u2019arracher\u00a0\u00bb<\/p>\n<p>Le Varois va pouvoir nager rel\u00e2ch\u00e9 et essayer d\u2019aller chercher la meilleure place possible: \u00ab\u00a0Ce sont mes septi\u00e8mes championnats du monde. Et cette comp\u00e9tition n\u2019est pas celle qui me r\u00e9ussit le plus en grand bain. J\u2019ai fait beaucoup de neuvi\u00e8mes et dixi\u00e8mes places qui restent am\u00e8res. L\u00e0, huit, c\u2019est bon, c\u2019est pass\u00e9 et je suis content d\u2019\u00eatre dans cette finale apr\u00e8s toutes ces ann\u00e9es. J\u2019ai encore envie de m\u2019arracher et faire mes meilleurs temps.\u00a0\u00bb<\/p>\n<p>Il s\u2019\u00e9lancera ce dimanche \u00e0 13h31.<\/p>\n<p>\u00a0<\/p>\n","protected":false},"excerpt":{"rendered":"Contrat rempli pour Damien Joly. Le Toulonnais de 33 ans s\u2019est qualifi\u00e9 hier pour la finale du 1.500m&hellip;\n","protected":false},"author":2,"featured_media":292125,"comment_status":"","ping_status":"","sticky":false,"template":"","format":"standard","meta":{"footnotes":""},"categories":[9619],"tags":[1111,11,1777,674,1011,27,5216,12,882,25,60,2310],"class_list":{"0":"post-292124","1":"post","2":"type-post","3":"status-publish","4":"format-standard","5":"has-post-thumbnail","7":"category-toulon","8":"tag-actu","9":"tag-actualites","10":"tag-eu","11":"tag-europe","12":"tag-fr","13":"tag-france","14":"tag-natation","15":"tag-news","16":"tag-provence-alpes-cote-dazur","17":"tag-republique-francaise","18":"tag-sports","19":"tag-toulon"},"share_on_mastodon":{"url":"https:\/\/pubeurope.com\/@fr\/114961046769076083","error":""},"_links":{"self":[{"href":"https:\/\/www.europesays.com\/fr\/wp-json\/wp\/v2\/posts\/292124","targetHints":{"allow":["GET"]}}],"collection":[{"href":"https:\/\/www.europesays.com\/fr\/wp-json\/wp\/v2\/posts"}],"about":[{"href":"https:\/\/www.europesays.com\/fr\/wp-json\/wp\/v2\/types\/post"}],"author":[{"embeddable":true,"href":"https:\/\/www.europesays.com\/fr\/wp-json\/wp\/v2\/users\/2"}],"replies":[{"embeddable":true,"href":"https:\/\/www.europesays.com\/fr\/wp-json\/wp\/v2\/comments?post=292124"}],"version-history":[{"count":0,"href":"https:\/\/www.europesays.com\/fr\/wp-json\/wp\/v2\/posts\/292124\/revisions"}],"wp:featuredmedia":[{"embeddable":true,"href":"https:\/\/www.europesays.com\/fr\/wp-json\/wp\/v2\/media\/292125"}],"wp:attachment":[{"href":"https:\/\/www.europesays.com\/fr\/wp-json\/wp\/v2\/media?parent=292124"}],"wp:term":[{"taxonomy":"category","embeddable":true,"href":"https:\/\/www.europesays.com\/fr\/wp-json\/wp\/v2\/categories?post=292124"},{"taxonomy":"post_tag","embeddable":true,"href":"https:\/\/www.europesays.com\/fr\/wp-json\/wp\/v2\/tags?post=292124"}],"curies":[{"name":"wp","href":"https:\/\/api.w.org\/{rel}","templated":true}]}}