{"id":292126,"date":"2025-08-02T20:25:16","date_gmt":"2025-08-02T20:25:16","guid":{"rendered":"https:\/\/www.europesays.com\/fr\/292126\/"},"modified":"2025-08-02T20:25:16","modified_gmt":"2025-08-02T20:25:16","slug":"seule-en-scene-coline-serreau-devoile-les-coulisses-de-son-art","status":"publish","type":"post","link":"https:\/\/www.europesays.com\/fr\/292126\/","title":{"rendered":"Seule en sc\u00e8ne, Coline Serreau d\u00e9voile les coulisses de son art"},"content":{"rendered":"<p>les joies de la cr\u00e9ation, mais aussi ses difficult\u00e9s, ses al\u00e9as et son apprentissage. Coline Serreau, que l\u2019on conna\u00eet notamment au cin\u00e9ma pour son travail d\u2019actrice et r\u00e9alisatrice, sc\u00e9nariste et dialoguiste, est mont\u00e9e seule sur sc\u00e8ne face au public du Festival des Tragos. Son spectacle La Belle Histoire de Coline Serreau explore de multiples facettes de cette artiste libre, dont le travail n\u2019a rien d\u2019unidimensionnel. \u00ab\u00a0Les gens me connaissent surtout au cin\u00e9ma, mais ils ne savent pas \u00e0 quel point j\u2019ai fait d\u2019autres choses, raconte-t-elle. J\u2019ai \u00e9t\u00e9 musicienne, circassienne et j\u2019ai fait \u00e9norm\u00e9ment de th\u00e9\u00e2tre, \u00e9videmment, mais j\u2019ai aussi beaucoup \u00e9crit et dirig\u00e9 des op\u00e9ras. Ce spectacle, c\u2019est un peu pour dire tout \u00e7a, et c\u2019est aussi l\u2019envie de partager des moments de joies et de critiques, en filigrane.\u00a0\u00bb <\/p>\n<p>Cet itin\u00e9raire artistique foisonnant commence d\u00e8s ses plus jeunes ann\u00e9es. Il y a sa famille, \u00ab\u00a0tr\u00e8s cultiv\u00e9e, mais fauch\u00e9e\u00a0\u00bb et sa scolarit\u00e9 heureuse \u00e0 l\u2019\u00e9cole de Beauvallon, lanc\u00e9e par Marguerite Soubeyrand en 1929, une pionni\u00e8re de la p\u00e9dagogie active. \u00ab\u00a0Ces gens \u00e9taient formidables et leur philosophie m\u2019a beaucoup inspir\u00e9e.\u00a0\u00bb Dans son spectacle, Coline Serreau se souvient avec tendresse des \u00ab\u00a0cinq minutes de cultures\u00a0\u00bb propos\u00e9es chaque matin pour d\u00e9couvrir une \u0153uvre. \u00ab\u00a0C\u2019est ce qui reste aujourd\u2019hui\u00a0\u00bb, affirme-t-elle sur sc\u00e8ne, pour elle et pour nombre d\u2019anciens \u00e9l\u00e8ves, qui avaient aussi la libert\u00e9 de faire entendre leurs voix d\u00e9mocratiquement, de jouer pieds nus et de grimper aux arbres, en pleine nature. Ce go\u00fbt pour la hauteur des cimes lui a donn\u00e9 la force physique n\u00e9cessaire pour progresser ensuite dans sa passion du trap\u00e8ze lorsqu\u2019elle entre \u00e0 l\u2019\u00c9cole nationale de cirque en 1977, fond\u00e9e par Annie Fratellini et Pierre \u00c9taix en 1974. Une \u00e9tape qui, parmi bien d\u2019autres, marquera son appr\u00e9hension du jeu et de l\u2019\u00e9criture, travers\u00e9e par un go\u00fbt pour l\u2019humour et le m\u00e9lange des genres, comme lorsqu\u2019elle travaille avec des danseurs de hip-hop pour des spectacles sous le chapiteau d\u2019un cirque ou \u00e0 l\u2019op\u00e9ra Bastille. Elle en montre d\u2019ailleurs des extraits vid\u00e9o au public, qui s\u2019\u00e9grainent parmi d\u2019autres moments film\u00e9s sur les coulisses de ses tournages au fil de son seule en sc\u00e8ne.<\/p>\n<p>\u00ab\u00a0Chaque art est l\u00e0 pour dire quelque chose. Il y a des choses qu\u2019on peut dire avec un art, et d\u2019autres qu\u2019on peut dire avec un autre. Moi, je n\u2019ai jamais accept\u00e9 de me limiter \u00e0 quelque chose\u00a0\u00bb, tranche l\u2019artiste.<\/p>\n<p><strong>\u00ab\u00a0Le public m\u2019apprend mon m\u00e9tier\u00a0\u00bb<\/strong><\/p>\n<p>S\u2019il s\u2019articule entre la parole, le geste et la vid\u00e9o, le spectacle \u00ab\u00a0est tout le temps en \u00e9volution, explique Coline Serreau. Avec le public, c\u2019est au quart de ton pr\u00e8s, je m\u2019ajuste en fonction de la mani\u00e8re dont il r\u00e9agit, non pas pour simplement lui plaire, mais pour le toucher le mieux possible. Le public m\u2019apprend mon m\u00e9tier, c\u2019est lui qui m\u2019apporte. Le spectacle vivant est irrempla\u00e7able. Au cin\u00e9ma, on apprend une fois tous les trois ans mais quand on joue, on apprend tous les soirs.\u00a0\u00bb<\/p>\n<p>Ce que cherche avant tout l\u2019artiste, c\u2019est relier sa vie avec celle des gens \u00ab\u00a0par l\u2019humour, par l\u2019autod\u00e9rision. Il y a une philosophie derri\u00e8re tout \u00e7a, qui n\u2019est pas verbalis\u00e9e. Les gens la sentent ensuite ou ne la sentent pas\u00a0\u00bb.<\/p>\n<p>Si Coline Serreau nous montre les crises de fous rires sur les plateaux de cin\u00e9ma ou raconte une repr\u00e9sentation rat\u00e9e d\u2019Othello de fa\u00e7on d\u00e9sopilante, les choix qu\u2019elle op\u00e8re dans le \u00ab\u00a0mat\u00e9riau \u00e9norme\u00a0\u00bb de son exp\u00e9rience, comme elle l\u2019appelle, tiennent souvent d\u2019une perspective critique sous-jacente.<\/p>\n<p>Pour l\u2019extrait vid\u00e9o du num\u00e9ro de trap\u00e8ze qu\u2019elle r\u00e9alise dans La Belle Verte (1996) et dont elle montre un passage sous diff\u00e9rents axes dans le spectacle \u00ab\u00a0j\u2019avais 48 ans, se souvient-elle. C\u2019est donc aussi int\u00e9ressant de voir qu\u2019on peut tout \u00e0 fait \u00eatre une athl\u00e8te. La vie ne s\u2019arr\u00eate pas, comme c\u2019est le cas parfois pour les danseurs et les sportifs, \u00e0 30 ans. Ce qui est beau, c\u2019est de faire travailler son corps dans le plaisir, dans l\u2019harmonie. C\u2019est \u00e7a, qui est beau.\u00a0\u00bb<\/p>\n<p>D\u2019autres th\u00e9matiques sociales qui lui sont ch\u00e8res innervent le spectacle: l\u2019artificialisation des sols et l\u2019appauvrissement de la terre, mais aussi les questions de charges mentales, de carcans viriles et d\u2019autonomie revendiqu\u00e9e, comme lorsqu\u2019elle reprend la tirade de Maria Pac\u00f4me dans La Crise (1992), pour le plus grand bonheur du public. S\u2019il ne reviendra pas dans le Sud, le spectacle voyagera pour une grande tourn\u00e9e jusqu\u2019\u00e0 2027, ce qui laisse l\u2019opportunit\u00e9 de le d\u00e9couvrir au d\u00e9tour d\u2019un voyage.<\/p>\n","protected":false},"excerpt":{"rendered":"les joies de la cr\u00e9ation, mais aussi ses difficult\u00e9s, ses al\u00e9as et son apprentissage. Coline Serreau, que l\u2019on&hellip;\n","protected":false},"author":2,"featured_media":292127,"comment_status":"","ping_status":"","sticky":false,"template":"","format":"standard","meta":{"footnotes":""},"categories":[9619],"tags":[1111,11,251,1777,674,1011,27,12,882,25,2310],"class_list":{"0":"post-292126","1":"post","2":"type-post","3":"status-publish","4":"format-standard","5":"has-post-thumbnail","7":"category-toulon","8":"tag-actu","9":"tag-actualites","10":"tag-culture","11":"tag-eu","12":"tag-europe","13":"tag-fr","14":"tag-france","15":"tag-news","16":"tag-provence-alpes-cote-dazur","17":"tag-republique-francaise","18":"tag-toulon"},"share_on_mastodon":{"url":"https:\/\/pubeurope.com\/@fr\/114961050669964859","error":""},"_links":{"self":[{"href":"https:\/\/www.europesays.com\/fr\/wp-json\/wp\/v2\/posts\/292126","targetHints":{"allow":["GET"]}}],"collection":[{"href":"https:\/\/www.europesays.com\/fr\/wp-json\/wp\/v2\/posts"}],"about":[{"href":"https:\/\/www.europesays.com\/fr\/wp-json\/wp\/v2\/types\/post"}],"author":[{"embeddable":true,"href":"https:\/\/www.europesays.com\/fr\/wp-json\/wp\/v2\/users\/2"}],"replies":[{"embeddable":true,"href":"https:\/\/www.europesays.com\/fr\/wp-json\/wp\/v2\/comments?post=292126"}],"version-history":[{"count":0,"href":"https:\/\/www.europesays.com\/fr\/wp-json\/wp\/v2\/posts\/292126\/revisions"}],"wp:featuredmedia":[{"embeddable":true,"href":"https:\/\/www.europesays.com\/fr\/wp-json\/wp\/v2\/media\/292127"}],"wp:attachment":[{"href":"https:\/\/www.europesays.com\/fr\/wp-json\/wp\/v2\/media?parent=292126"}],"wp:term":[{"taxonomy":"category","embeddable":true,"href":"https:\/\/www.europesays.com\/fr\/wp-json\/wp\/v2\/categories?post=292126"},{"taxonomy":"post_tag","embeddable":true,"href":"https:\/\/www.europesays.com\/fr\/wp-json\/wp\/v2\/tags?post=292126"}],"curies":[{"name":"wp","href":"https:\/\/api.w.org\/{rel}","templated":true}]}}