{"id":292130,"date":"2025-08-02T20:30:18","date_gmt":"2025-08-02T20:30:18","guid":{"rendered":"https:\/\/www.europesays.com\/fr\/292130\/"},"modified":"2025-08-02T20:30:18","modified_gmt":"2025-08-02T20:30:18","slug":"concert-concert-de-harpe-a-labbaye-de-fontaine-guerard-a-rouen-2025-radepont-places-billetterie-dates-reservations","status":"publish","type":"post","link":"https:\/\/www.europesays.com\/fr\/292130\/","title":{"rendered":"Concert Concert de Harpe \u00e0 l&rsquo;Abbaye de Fontaine-Gu\u00e9rard \u00e0 Rouen 2025 Radepont : places, billetterie, dates, r\u00e9servations&#8230;"},"content":{"rendered":"<p class=\"fw-bold font-size-16 my-1\"> Le 02\/08\/2025<\/p>\n<p class=\"fw-bold font-size-16 my-1\"> D714 | <a href=\"https:\/\/www.jds.fr\/rouen\/radepont-14984_V\" rel=\"nofollow noopener\" target=\"_blank\">Radepont<\/a><\/p>\n<p class=\"fw-bold font-size-16 my-1\"> NC <\/p>\n<p>Originaire de Limoges, Alice Cissokho participe depuis son arriv\u00e9e en Normandie \u00e0 la vie des orchestres et ensembles locaux.<br \/>Une grande partie de son travail est consacr\u00e9e \u00e0 la musique de chambre. Elle a fond\u00e9 \u00e0 Lyon le Trio des Canuts (fl\u00fbte, alto et harpe), qui explore les r\u00e9pertoires impressionnistes du d\u00e9but du XX\u00e8me si\u00e8cle, la musique contemporaine et les cr\u00e9ations.<br \/>Au Havre, elle d\u00e9veloppe des projets combinant la harpe avec de nombreux instruments dans des r\u00e9pertoires \u00e9clectiques, notamment avec Kouchyar Shahroudi (fl\u00fbte), les musiciens de l&rsquo;Op\u00e9ra de Rouen, et avec Saffia Azzoug (saxophone).<br \/>Elle s\u2019int\u00e9resse aussi aux musiques du monde, et de sa rencontre avec la kora (harpe africaine) de Pape Cissokho sont issus deux projets autour des musiques du monde\u00a0: le duo Afrocelte (harpe et kora) et l&rsquo;ensemble Khaps (harpe, kora et percussions).<br \/>Elle pr\u00e9sentera \u00e0 l\u2019abbaye un r\u00e9pertoire vari\u00e9 et \u00e9clectique, m\u00ealant musiques de chambre, de cin\u00e9ma, du monde\u2026<\/p>\n<p><strong>Concert suivi d\u2019un verre de l\u2019amiti\u00e9\u00a0:<\/strong> adulte 15\u20ac, 7-17 ans 5\u20ac<\/p>\n<p class=\"text-italic font-size-12\">Cet \u00e9v\u00e9nement a \u00e9t\u00e9 renseign\u00e9 par un organisme institutionnel (Office de Tourisme Lyons Andelle). Date de derni\u00e8re mise \u00e0 jour le 11\/06\/2025.<\/p>\n<p>            Renseignements<\/p>\n<p><strong class=\"font-size-18\">O\u00f9\u00a0:<\/strong><br \/> D714<a class=\"mt-1 d-block ps-4\" href=\"https:\/\/www.jds.fr\/rouen\/radepont-14984_V\" rel=\"nofollow noopener\" target=\"_blank\"> 27380 Radepont<\/a><\/p>\n<p>Dates et horaires\u00a0: <\/p>\n<ul class=\"liste-dates list-unstyled\" id=\"liste-dates-688d39b728a1a\">\n<li>Samedi 2 Ao\u00fbt 2025 \u00e0 20h<\/li>\n<\/ul>\n<p>Tarifs\u00a0:  <\/p>\n<p>Dans la m\u00eame rubrique<\/p>\n<ul class=\"mt-3 list-unstyled list-articles-v2\">\n<li class=\"col-12 pt-4\" data-view-id-type=\"1\" data-view-id=\"1033728\" data-view-bc=\"0\"><a class=\"d-block titre text-black mb-1 mb-md-2\" href=\"https:\/\/www.jds.fr\/rouen\/concerts\/rock\/ko-ko-mo-striped-tour-tournee-1033728_A\" rel=\"nofollow noopener\" target=\"_blank\">Ko Ko Mo &#8211; Striped Tour Tourn\u00e9e<\/a>Le 19\/09\/2025<a href=\"https:\/\/www.jds.fr\/rouen\/salle-de-concert\/le-106-16700_L\" class=\"lieu font-size-14 text-gray-700 d-block lh-sm my-1\" rel=\"nofollow noopener\" target=\"_blank\"> Le 106 &#8211; Rouen<\/a>Ko Ko Mo &#8211; Striped Tour Tourn\u00e9e en concert \u00e0 Rouen (Le 106 ), le 19 septembre 2025. Toutes les informations pratiques (tarifs, billetterie, plan de salle) pour ce concert sont \u00e0 [\u2026]<a class=\"image\" href=\"https:\/\/www.jds.fr\/rouen\/concerts\/rock\/ko-ko-mo-striped-tour-tournee-1033728_A\" rel=\"nofollow noopener\" target=\"_blank\"><img decoding=\"async\" loading=\"lazy\" src=\"https:\/\/www.europesays.com\/fr\/wp-content\/uploads\/2025\/08\/1754166607_917_\" width=\"180\" height=\"180\" alt=\"Ko Ko Mo - Striped Tour Tourn\u00e9e\"\/><\/a><\/li>\n<li class=\"col-12 pt-4\" data-view-id-type=\"1\" data-view-id=\"724441\" data-view-bc=\"0\"><a class=\"d-block titre text-black mb-1 mb-md-2\" href=\"https:\/\/www.jds.fr\/rouen\/concerts\/lamomali-tournee-724441_A\" rel=\"nofollow noopener\" target=\"_blank\">Lamomali &#8211; Tourn\u00e9e<\/a>Le 25\/09\/2025<a href=\"https:\/\/www.jds.fr\/rouen\/le-grand-quevilly\/salle-de-concert\/zenith-de-rouen-15867_L\" class=\"lieu font-size-14 text-gray-700 d-block lh-sm my-1\" rel=\"nofollow noopener\" target=\"_blank\"> Z\u00e9nith de Rouen &#8211; Le Grand-Quevilly<\/a>Lamomali &#8211; Tourn\u00e9e en concert \u00e0 Rouen (Z\u00e9nith de Rouen Le Grand-Quevilly), le 25 septembre 2025. Toutes les informations pratiques (tarifs, billetterie, plan de salle) pour ce [\u2026]<a class=\"image\" href=\"https:\/\/www.jds.fr\/rouen\/concerts\/lamomali-tournee-724441_A\" rel=\"nofollow noopener\" target=\"_blank\"><img decoding=\"async\" loading=\"lazy\" src=\"https:\/\/www.europesays.com\/fr\/wp-content\/uploads\/2025\/08\/1754166607_856_\" width=\"180\" height=\"180\" alt=\"Lamomali - Tourn\u00e9e\"\/><\/a><\/li>\n<li class=\"li_gp_div\">\n<\/li>\n<li class=\"col-12 pt-4\" data-view-id-type=\"1\" data-view-id=\"956060\" data-view-bc=\"0\"><a class=\"d-block titre text-black mb-1 mb-md-2\" href=\"https:\/\/www.jds.fr\/rouen\/concerts\/reggae\/enchantee-julia-956060_A\" rel=\"nofollow noopener\" target=\"_blank\">Enchant\u00e9e Julia<\/a>Le 25\/09\/2025<a href=\"https:\/\/www.jds.fr\/rouen\/salle-de-concert\/le-106-16700_L\" class=\"lieu font-size-14 text-gray-700 d-block lh-sm my-1\" rel=\"nofollow noopener\" target=\"_blank\"> Le 106 &#8211; Rouen<\/a>Enchant\u00e9e Julia en concert \u00e0 Rouen (Le 106 ), le 25 septembre 2025. Toutes les informations pratiques (tarifs, billetterie, plan de salle) pour ce concert sont \u00e0 retrouver sur [\u2026]<a class=\"image\" href=\"https:\/\/www.jds.fr\/rouen\/concerts\/reggae\/enchantee-julia-956060_A\" rel=\"nofollow noopener\" target=\"_blank\"><img decoding=\"async\" loading=\"lazy\" src=\"https:\/\/www.europesays.com\/fr\/wp-content\/uploads\/2025\/08\/1754166608_635_\" width=\"180\" height=\"180\" alt=\"Enchant\u00e9e Julia\"\/><\/a><\/li>\n<li class=\"col-12 pt-4\" data-view-id-type=\"1\" data-view-id=\"494429\" data-view-bc=\"0\"><a class=\"d-block titre text-black mb-1 mb-md-2\" href=\"https:\/\/www.jds.fr\/rouen\/concerts\/rap\/soprano-freedom-tour-494429_A\" rel=\"nofollow noopener\" target=\"_blank\">Soprano &#8211; Freedom Tour<\/a>Du 26\/09\/2025 au 28\/09\/2025<a href=\"https:\/\/www.jds.fr\/rouen\/le-grand-quevilly\/salle-de-concert\/zenith-de-rouen-15867_L\" class=\"lieu font-size-14 text-gray-700 d-block lh-sm my-1\" rel=\"nofollow noopener\" target=\"_blank\"> Z\u00e9nith de Rouen &#8211; Le Grand-Quevilly<\/a>Soprano &#8211; Freedom Tour en concert \u00e0 Rouen (Z\u00e9nith de Rouen Le Grand-Quevilly), du 26 septembre 2025 au 28 septembre 2025. Toutes les informations pratiques (tarifs, billetterie, [\u2026]<a class=\"image\" href=\"https:\/\/www.jds.fr\/rouen\/concerts\/rap\/soprano-freedom-tour-494429_A\" rel=\"nofollow noopener\" target=\"_blank\"><img decoding=\"async\" loading=\"lazy\" src=\"https:\/\/www.europesays.com\/fr\/wp-content\/uploads\/2025\/08\/1754166609_300_\" width=\"180\" height=\"180\" alt=\"Soprano - Freedom Tour\"\/><\/a><\/li>\n<li class=\"col-12 pt-4\" data-view-id-type=\"1\" data-view-id=\"983750\" data-view-bc=\"0\"><a class=\"d-block titre text-black mb-1 mb-md-2\" href=\"https:\/\/www.jds.fr\/rouen\/concerts\/pop-folk\/kids-return-983750_A\" rel=\"nofollow noopener\" target=\"_blank\">Kids Return<\/a>Le 26\/09\/2025<a href=\"https:\/\/www.jds.fr\/rouen\/salle-de-concert\/le-106-16700_L\" class=\"lieu font-size-14 text-gray-700 d-block lh-sm my-1\" rel=\"nofollow noopener\" target=\"_blank\"> Le 106 &#8211; Rouen<\/a>Kids Return en concert \u00e0 Rouen (Le 106 ), le 26 septembre 2025. Toutes les informations pratiques (tarifs, billetterie, plan de salle) pour ce concert sont \u00e0 retrouver sur cette [\u2026]<a class=\"image\" href=\"https:\/\/www.jds.fr\/rouen\/concerts\/pop-folk\/kids-return-983750_A\" rel=\"nofollow noopener\" target=\"_blank\"><img decoding=\"async\" loading=\"lazy\" src=\"https:\/\/www.europesays.com\/fr\/wp-content\/uploads\/2025\/08\/1754166609_484_\" width=\"180\" height=\"180\" alt=\"Kids Return\"\/><\/a><\/li>\n<li class=\"li_gp_div li_gp_div_infeed\"\/>\n<li class=\"col-12 pt-4\" data-view-id-type=\"1\" data-view-id=\"983659\" data-view-bc=\"0\"><a class=\"d-block titre text-black mb-1 mb-md-2\" href=\"https:\/\/www.jds.fr\/rouen\/concerts\/reggae\/lettuce-983659_A\" rel=\"nofollow noopener\" target=\"_blank\">Lettuce<\/a>Le 02\/10\/2025<a href=\"https:\/\/www.jds.fr\/rouen\/salle-de-concert\/le-106-16700_L\" class=\"lieu font-size-14 text-gray-700 d-block lh-sm my-1\" rel=\"nofollow noopener\" target=\"_blank\"> Le 106 &#8211; Rouen<\/a>Lettuce en concert \u00e0 Rouen (Le 106 ), le 2 octobre 2025. Toutes les informations pratiques (tarifs, billetterie, plan de salle) pour ce concert sont \u00e0 retrouver sur cette page. [\u2026]<a class=\"image\" href=\"https:\/\/www.jds.fr\/rouen\/concerts\/reggae\/lettuce-983659_A\" rel=\"nofollow noopener\" target=\"_blank\"><img decoding=\"async\" loading=\"lazy\" src=\"https:\/\/www.europesays.com\/fr\/wp-content\/uploads\/2025\/08\/1754166610_431_\" width=\"180\" height=\"180\" alt=\"Lettuce\"\/><\/a><\/li>\n<li class=\"col-12 pt-4\" data-view-id-type=\"1\" data-view-id=\"364044\" data-view-bc=\"0\"><a href=\"https:\/\/www.jds.fr\/rouen\/agenda\/chanson-francaise-136_B\" class=\"lh-sm\" rel=\"nofollow noopener\" target=\"_blank\">Chanson fran\u00e7aise \u00e0 Rouen<\/a><a class=\"d-block titre text-black mb-1 mb-md-2\" href=\"https:\/\/www.jds.fr\/rouen\/concerts\/chanson-francaise\/julien-dore-364044_A\" rel=\"nofollow noopener\" target=\"_blank\">Julien Dor\u00e9<\/a>Du 04\/10\/2025 au 21\/03\/2026<a href=\"https:\/\/www.jds.fr\/rouen\/le-grand-quevilly\/salle-de-concert\/zenith-de-rouen-15867_L\" class=\"lieu font-size-14 text-gray-700 d-block lh-sm my-1\" rel=\"nofollow noopener\" target=\"_blank\"> Z\u00e9nith de Rouen &#8211; Le Grand-Quevilly<\/a>Julien Dor\u00e9 en concert \u00e0 Rouen (Z\u00e9nith de Rouen Le Grand-Quevilly), les 4 octobre 2025 et 21 mars 2026. Toutes les informations pratiques (tarifs, billetterie, plan de salle) [\u2026]<a class=\"image\" href=\"https:\/\/www.jds.fr\/rouen\/concerts\/chanson-francaise\/julien-dore-364044_A\" rel=\"nofollow noopener\" target=\"_blank\"><img decoding=\"async\" loading=\"lazy\" src=\"https:\/\/www.europesays.com\/fr\/wp-content\/uploads\/2025\/08\/1754166611_964_\" width=\"180\" height=\"180\" alt=\"Julien Dor\u00e9\"\/><\/a><\/li>\n<li class=\"col-12 pt-4\" data-view-id-type=\"1\" data-view-id=\"395193\" data-view-bc=\"0\"><a href=\"https:\/\/www.jds.fr\/rouen\/agenda\/chanson-francaise-136_B\" class=\"lh-sm\" rel=\"nofollow noopener\" target=\"_blank\">Chanson fran\u00e7aise \u00e0 Rouen<\/a><a class=\"d-block titre text-black mb-1 mb-md-2\" href=\"https:\/\/www.jds.fr\/rouen\/concerts\/chanson-francaise\/lara-fabian-395193_A\" rel=\"nofollow noopener\" target=\"_blank\">Lara Fabian<\/a>Le 07\/10\/2025<a href=\"https:\/\/www.jds.fr\/rouen\/le-grand-quevilly\/salle-de-concert\/zenith-de-rouen-15867_L\" class=\"lieu font-size-14 text-gray-700 d-block lh-sm my-1\" rel=\"nofollow noopener\" target=\"_blank\"> Z\u00e9nith de Rouen &#8211; Le Grand-Quevilly<\/a>Lara Fabian en concert \u00e0 Rouen (Z\u00e9nith de Rouen Le Grand-Quevilly), le 7 octobre 2025. Toutes les informations pratiques (tarifs, billetterie, plan de salle) pour ce concert sont [\u2026]<a class=\"image\" href=\"https:\/\/www.jds.fr\/rouen\/concerts\/chanson-francaise\/lara-fabian-395193_A\" rel=\"nofollow noopener\" target=\"_blank\"><img decoding=\"async\" loading=\"lazy\" src=\"https:\/\/www.europesays.com\/fr\/wp-content\/uploads\/2025\/08\/1754166611_941_\" width=\"180\" height=\"180\" alt=\"Lara Fabian\"\/><\/a><\/li>\n<li class=\"col-12 pt-4\" data-view-id-type=\"1\" data-view-id=\"934054\" data-view-bc=\"0\"><a class=\"d-block titre text-black mb-1 mb-md-2\" href=\"https:\/\/www.jds.fr\/rouen\/concerts\/jazz\/avishai-cohen-quartet-ben-lamar-gay-en-934054_A\" rel=\"nofollow noopener\" target=\"_blank\">Avishai Cohen Quartet + Ben Lamar Gay En<\/a>Le 08\/10\/2025<a href=\"https:\/\/www.jds.fr\/rouen\/salle-de-concert\/le-106-16700_L\" class=\"lieu font-size-14 text-gray-700 d-block lh-sm my-1\" rel=\"nofollow noopener\" target=\"_blank\"> Le 106 &#8211; Rouen<\/a>Avishai Cohen Quartet + Ben Lamar Gay En en concert \u00e0 Rouen (Le 106 ), le 8 octobre 2025. Toutes les informations pratiques (tarifs, billetterie, plan de salle) pour ce concert [\u2026]<a class=\"image\" href=\"https:\/\/www.jds.fr\/rouen\/concerts\/jazz\/avishai-cohen-quartet-ben-lamar-gay-en-934054_A\" rel=\"nofollow noopener\" target=\"_blank\"><img decoding=\"async\" loading=\"lazy\" src=\"https:\/\/www.europesays.com\/fr\/wp-content\/uploads\/2025\/08\/1754166612_957_\" width=\"180\" height=\"180\" alt=\"Avishai Cohen Quartet + Ben Lamar Gay En\"\/><\/a><\/li>\n<li class=\"li_gp_div li_gp_div_infeed\"\/>\n<li class=\"col-12 pt-4\" data-view-id-type=\"1\" data-view-id=\"599069\" data-view-bc=\"0\"><a href=\"https:\/\/www.jds.fr\/rouen\/agenda\/chanson-francaise-136_B\" class=\"lh-sm\" rel=\"nofollow noopener\" target=\"_blank\">Chanson fran\u00e7aise \u00e0 Rouen<\/a><a class=\"d-block titre text-black mb-1 mb-md-2\" href=\"https:\/\/www.jds.fr\/rouen\/concerts\/chanson-francaise\/l-heritage-goldman-2-599069_A\" rel=\"nofollow noopener\" target=\"_blank\">L&rsquo;H\u00e9ritage Goldman\u00a02<\/a>Le 09\/10\/2025<a href=\"https:\/\/www.jds.fr\/rouen\/le-grand-quevilly\/salle-de-concert\/zenith-de-rouen-15867_L\" class=\"lieu font-size-14 text-gray-700 d-block lh-sm my-1\" rel=\"nofollow noopener\" target=\"_blank\"> Z\u00e9nith de Rouen &#8211; Le Grand-Quevilly<\/a>L&rsquo;H\u00e9ritage Goldman 2 en concert \u00e0 Rouen (Z\u00e9nith de Rouen Le Grand-Quevilly), le 9 octobre 2025. Toutes les informations pratiques (tarifs, billetterie, plan de salle) pour ce [\u2026]<a class=\"image\" href=\"https:\/\/www.jds.fr\/rouen\/concerts\/chanson-francaise\/l-heritage-goldman-2-599069_A\" rel=\"nofollow noopener\" target=\"_blank\"><img decoding=\"async\" loading=\"lazy\" src=\"https:\/\/www.europesays.com\/fr\/wp-content\/uploads\/2025\/08\/1754166612_460_\" width=\"180\" height=\"180\" alt=\"L'H\u00e9ritage Goldman 2\"\/><\/a><\/li>\n<li class=\"col-12 pt-4\" data-view-id-type=\"1\" data-view-id=\"686375\" data-view-bc=\"0\"><a href=\"https:\/\/www.jds.fr\/rouen\/agenda\/chanson-francaise-136_B\" class=\"lh-sm\" rel=\"nofollow noopener\" target=\"_blank\">Chanson fran\u00e7aise \u00e0 Rouen<\/a><a class=\"d-block titre text-black mb-1 mb-md-2\" href=\"https:\/\/www.jds.fr\/rouen\/concerts\/chanson-francaise\/helldebert-enfantillages-666-tournee-686375_A\" rel=\"nofollow noopener\" target=\"_blank\">Helldebert &#8211; Enfantillages 666 &#8211; Tourn\u00e9e<\/a>Le 10\/10\/2025<a href=\"https:\/\/www.jds.fr\/rouen\/le-grand-quevilly\/salle-de-concert\/zenith-de-rouen-15867_L\" class=\"lieu font-size-14 text-gray-700 d-block lh-sm my-1\" rel=\"nofollow noopener\" target=\"_blank\"> Z\u00e9nith de Rouen &#8211; Le Grand-Quevilly<\/a>Helldebert &#8211; Enfantillages 666 &#8211; Tourn\u00e9e en concert \u00e0 Rouen (Z\u00e9nith de Rouen Le Grand-Quevilly), le 10 octobre 2025. Toutes les informations pratiques (tarifs, billetterie, plan [\u2026]<a class=\"image\" href=\"https:\/\/www.jds.fr\/rouen\/concerts\/chanson-francaise\/helldebert-enfantillages-666-tournee-686375_A\" rel=\"nofollow noopener\" target=\"_blank\"><img decoding=\"async\" loading=\"lazy\" src=\"https:\/\/www.europesays.com\/fr\/wp-content\/uploads\/2025\/08\/1754166613_589_\" width=\"180\" height=\"180\" alt=\"Helldebert - Enfantillages 666 - Tourn\u00e9e\"\/><\/a><\/li>\n<li class=\"col-12 pt-4\" data-view-id-type=\"1\" data-view-id=\"983642\" data-view-bc=\"0\"><a class=\"d-block titre text-black mb-1 mb-md-2\" href=\"https:\/\/www.jds.fr\/rouen\/concerts\/electro\/mezerg-tournee-983642_A\" rel=\"nofollow noopener\" target=\"_blank\">Mezerg &#8211; Tourn\u00e9e<\/a>Le 11\/10\/2025<a href=\"https:\/\/www.jds.fr\/rouen\/salle-de-concert\/le-106-16700_L\" class=\"lieu font-size-14 text-gray-700 d-block lh-sm my-1\" rel=\"nofollow noopener\" target=\"_blank\"> Le 106 &#8211; Rouen<\/a>Mezerg &#8211; Tourn\u00e9e en concert \u00e0 Rouen (Le 106 ), le 11 octobre 2025. Toutes les informations pratiques (tarifs, billetterie, plan de salle) pour ce concert sont \u00e0 retrouver sur [\u2026]<a class=\"image\" href=\"https:\/\/www.jds.fr\/rouen\/concerts\/electro\/mezerg-tournee-983642_A\" rel=\"nofollow noopener\" target=\"_blank\"><img decoding=\"async\" loading=\"lazy\" src=\"https:\/\/www.europesays.com\/fr\/wp-content\/uploads\/2025\/08\/1754166614_282_\" width=\"180\" height=\"180\" alt=\"Mezerg - Tourn\u00e9e\"\/><\/a><\/li>\n<li class=\"col-12 pt-4\" data-view-id-type=\"1\" data-view-id=\"650783\" data-view-bc=\"0\"><a class=\"d-block titre text-black mb-1 mb-md-2\" href=\"https:\/\/www.jds.fr\/rouen\/concerts\/pop-folk\/mania-the-abba-tribute-tournee-650783_A\" rel=\"nofollow noopener\" target=\"_blank\">Mania, The Abba Tribute &#8211; Tourn\u00e9e<\/a>Le 15\/10\/2025<a href=\"https:\/\/www.jds.fr\/rouen\/le-grand-quevilly\/salle-de-concert\/zenith-de-rouen-15867_L\" class=\"lieu font-size-14 text-gray-700 d-block lh-sm my-1\" rel=\"nofollow noopener\" target=\"_blank\"> Z\u00e9nith de Rouen &#8211; Le Grand-Quevilly<\/a>Mania, The Abba Tribute &#8211; Tourn\u00e9e en concert \u00e0 Rouen (Z\u00e9nith de Rouen Le Grand-Quevilly), le 15 octobre 2025. Toutes les informations pratiques (tarifs, billetterie, plan de [\u2026]<a class=\"image\" href=\"https:\/\/www.jds.fr\/rouen\/concerts\/pop-folk\/mania-the-abba-tribute-tournee-650783_A\" rel=\"nofollow noopener\" target=\"_blank\"><img decoding=\"async\" loading=\"lazy\" src=\"https:\/\/www.europesays.com\/fr\/wp-content\/uploads\/2025\/08\/1754166614_317_\" width=\"180\" height=\"180\" alt=\"Mania, The Abba Tribute - Tourn\u00e9e\"\/><\/a><\/li>\n<li class=\"li_gp_div li_gp_div_infeed\"\/>\n<li class=\"col-12 pt-4\" data-view-id-type=\"1\" data-view-id=\"988804\" data-view-bc=\"0\"><a class=\"d-block titre text-black mb-1 mb-md-2\" href=\"https:\/\/www.jds.fr\/rouen\/concerts\/reggae\/brittany-davis-988804_A\" rel=\"nofollow noopener\" target=\"_blank\">Brittany Davis<\/a>Le 17\/10\/2025<a href=\"https:\/\/www.jds.fr\/rouen\/salle-de-concert\/le-106-16700_L\" class=\"lieu font-size-14 text-gray-700 d-block lh-sm my-1\" rel=\"nofollow noopener\" target=\"_blank\"> Le 106 &#8211; Rouen<\/a>Brittany Davis en concert \u00e0 Rouen (Le 106 ), le 17 octobre 2025. Toutes les informations pratiques (tarifs, billetterie, plan de salle) pour ce concert sont \u00e0 retrouver sur cette [\u2026]<a class=\"image\" href=\"https:\/\/www.jds.fr\/rouen\/concerts\/reggae\/brittany-davis-988804_A\" rel=\"nofollow noopener\" target=\"_blank\"><img decoding=\"async\" loading=\"lazy\" src=\"https:\/\/www.europesays.com\/fr\/wp-content\/uploads\/2025\/08\/1754166615_733_\" width=\"180\" height=\"180\" alt=\"Brittany Davis\"\/><\/a><\/li>\n<li class=\"col-12 pt-4\" data-view-id-type=\"1\" data-view-id=\"1020590\" data-view-bc=\"0\"><a class=\"d-block titre text-black mb-1 mb-md-2\" href=\"https:\/\/www.jds.fr\/rouen\/concerts\/pop-folk\/gyasi-the-5-6-7-8-s-1020590_A\" rel=\"nofollow noopener\" target=\"_blank\">Gyasi + The 5,6,7,8&rsquo;S<\/a>Le 18\/10\/2025<a href=\"https:\/\/www.jds.fr\/rouen\/salle-de-concert\/le-106-16700_L\" class=\"lieu font-size-14 text-gray-700 d-block lh-sm my-1\" rel=\"nofollow noopener\" target=\"_blank\"> Le 106 &#8211; Rouen<\/a>Gyasi + The 5,6,7,8&rsquo;S en concert \u00e0 Rouen (Le 106 ), le 18 octobre 2025. Toutes les informations pratiques (tarifs, billetterie, plan de salle) pour ce concert sont \u00e0 retrouver [\u2026]<a class=\"image\" href=\"https:\/\/www.jds.fr\/rouen\/concerts\/pop-folk\/gyasi-the-5-6-7-8-s-1020590_A\" rel=\"nofollow noopener\" target=\"_blank\"><img decoding=\"async\" loading=\"lazy\" src=\"https:\/\/www.europesays.com\/fr\/wp-content\/uploads\/2025\/08\/1754166616_561_\" width=\"180\" height=\"180\" alt=\"Gyasi + The 5,6,7,8'S\"\/><\/a><\/li>\n<li class=\"col-12 pt-4\" data-view-id-type=\"1\" data-view-id=\"633307\" data-view-bc=\"0\"><a href=\"https:\/\/www.jds.fr\/rouen\/agenda\/chanson-francaise-136_B\" class=\"lh-sm\" rel=\"nofollow noopener\" target=\"_blank\">Chanson fran\u00e7aise \u00e0 Rouen<\/a><a class=\"d-block titre text-black mb-1 mb-md-2\" href=\"https:\/\/www.jds.fr\/rouen\/concerts\/chanson-francaise\/amir-c-tour-tournee-633307_A\" rel=\"nofollow noopener\" target=\"_blank\">Amir &#8211; C Tour &#8211; Tourn\u00e9e<\/a>Le 23\/10\/2025<a href=\"https:\/\/www.jds.fr\/rouen\/le-grand-quevilly\/salle-de-concert\/zenith-de-rouen-15867_L\" class=\"lieu font-size-14 text-gray-700 d-block lh-sm my-1\" rel=\"nofollow noopener\" target=\"_blank\"> Z\u00e9nith de Rouen &#8211; Le Grand-Quevilly<\/a>Amir &#8211; C Tour &#8211; Tourn\u00e9e en concert \u00e0 Rouen (Z\u00e9nith de Rouen Le Grand-Quevilly), le 23 octobre 2025. Toutes les informations pratiques (tarifs, billetterie, plan de salle) pour [\u2026]<a class=\"image\" href=\"https:\/\/www.jds.fr\/rouen\/concerts\/chanson-francaise\/amir-c-tour-tournee-633307_A\" rel=\"nofollow noopener\" target=\"_blank\"><img decoding=\"async\" loading=\"lazy\" src=\"https:\/\/www.europesays.com\/fr\/wp-content\/uploads\/2025\/08\/1754166617_854_\" width=\"180\" height=\"180\" alt=\"Amir - C Tour - Tourn\u00e9e\"\/><\/a><\/li>\n<li class=\"col-12 pt-4\" data-view-id-type=\"1\" data-view-id=\"1015661\" data-view-bc=\"0\"><a class=\"d-block titre text-black mb-1 mb-md-2\" href=\"https:\/\/www.jds.fr\/rouen\/concerts\/reggae\/monophonics-1015661_A\" rel=\"nofollow noopener\" target=\"_blank\">Monophonics<\/a>Le 24\/10\/2025<a href=\"https:\/\/www.jds.fr\/rouen\/salle-de-concert\/le-106-16700_L\" class=\"lieu font-size-14 text-gray-700 d-block lh-sm my-1\" rel=\"nofollow noopener\" target=\"_blank\"> Le 106 &#8211; Rouen<\/a>Monophonics en concert \u00e0 Rouen (Le 106 ), le 24 octobre 2025. Toutes les informations pratiques (tarifs, billetterie, plan de salle) pour ce concert sont \u00e0 retrouver sur cette [\u2026]<a class=\"image\" href=\"https:\/\/www.jds.fr\/rouen\/concerts\/reggae\/monophonics-1015661_A\" rel=\"nofollow noopener\" target=\"_blank\"><img decoding=\"async\" loading=\"lazy\" src=\"https:\/\/www.europesays.com\/fr\/wp-content\/uploads\/2025\/08\/1754166617_253_\" width=\"180\" height=\"180\" alt=\"Monophonics\"\/><\/a><\/li>\n<li class=\"li_gp_div li_gp_div_infeed\"\/>\n<li class=\"col-12 pt-4\" data-view-id-type=\"1\" data-view-id=\"995580\" data-view-bc=\"0\"><a class=\"d-block titre text-black mb-1 mb-md-2\" href=\"https:\/\/www.jds.fr\/rouen\/concerts\/pop-folk\/the-boo-radleys-995580_A\" rel=\"nofollow noopener\" target=\"_blank\">The Boo Radleys<\/a>Le 30\/10\/2025<a href=\"https:\/\/www.jds.fr\/rouen\/salle-de-concert\/le-106-16700_L\" class=\"lieu font-size-14 text-gray-700 d-block lh-sm my-1\" rel=\"nofollow noopener\" target=\"_blank\"> Le 106 &#8211; Rouen<\/a>The Boo Radleys en concert \u00e0 Rouen (Le 106 ), le 30 octobre 2025. Toutes les informations pratiques (tarifs, billetterie, plan de salle) pour ce concert sont \u00e0 retrouver sur [\u2026]<a class=\"image\" href=\"https:\/\/www.jds.fr\/rouen\/concerts\/pop-folk\/the-boo-radleys-995580_A\" rel=\"nofollow noopener\" target=\"_blank\"><img decoding=\"async\" loading=\"lazy\" src=\"https:\/\/www.europesays.com\/fr\/wp-content\/uploads\/2025\/08\/1754166618_508_\" width=\"180\" height=\"180\" alt=\"The Boo Radleys\"\/><\/a><\/li>\n<\/ul>\n<p class=\"font-size-30 fw-bold lh-1 mt-0 mb-4\">Je trouve les meilleures sorties dans ma ville<\/p>\n<p class=\"mt-0 mb-3 h2\">Newsletter JDS Rouen<\/p>\n<p class=\"font-size-18 fw-normal lh-sm\">Pr\u00eat pour un week-end de folie\u00a0? Chaque jeudi tous les bons plans sorties<\/p>\n","protected":false},"excerpt":{"rendered":"Le 02\/08\/2025 D714 | Radepont NC Originaire de Limoges, Alice Cissokho participe depuis son arriv\u00e9e en Normandie \u00e0&hellip;\n","protected":false},"author":2,"featured_media":40537,"comment_status":"","ping_status":"","sticky":false,"template":"","format":"standard","meta":{"footnotes":""},"categories":[9587],"tags":[1111,11,1777,674,1011,27,12,5161,25,9590],"class_list":{"0":"post-292130","1":"post","2":"type-post","3":"status-publish","4":"format-standard","5":"has-post-thumbnail","7":"category-rouen","8":"tag-actu","9":"tag-actualites","10":"tag-eu","11":"tag-europe","12":"tag-fr","13":"tag-france","14":"tag-news","15":"tag-normandie","16":"tag-republique-francaise","17":"tag-rouen"},"share_on_mastodon":{"url":"https:\/\/pubeurope.com\/@fr\/114961070897378563","error":""},"_links":{"self":[{"href":"https:\/\/www.europesays.com\/fr\/wp-json\/wp\/v2\/posts\/292130","targetHints":{"allow":["GET"]}}],"collection":[{"href":"https:\/\/www.europesays.com\/fr\/wp-json\/wp\/v2\/posts"}],"about":[{"href":"https:\/\/www.europesays.com\/fr\/wp-json\/wp\/v2\/types\/post"}],"author":[{"embeddable":true,"href":"https:\/\/www.europesays.com\/fr\/wp-json\/wp\/v2\/users\/2"}],"replies":[{"embeddable":true,"href":"https:\/\/www.europesays.com\/fr\/wp-json\/wp\/v2\/comments?post=292130"}],"version-history":[{"count":0,"href":"https:\/\/www.europesays.com\/fr\/wp-json\/wp\/v2\/posts\/292130\/revisions"}],"wp:featuredmedia":[{"embeddable":true,"href":"https:\/\/www.europesays.com\/fr\/wp-json\/wp\/v2\/media\/40537"}],"wp:attachment":[{"href":"https:\/\/www.europesays.com\/fr\/wp-json\/wp\/v2\/media?parent=292130"}],"wp:term":[{"taxonomy":"category","embeddable":true,"href":"https:\/\/www.europesays.com\/fr\/wp-json\/wp\/v2\/categories?post=292130"},{"taxonomy":"post_tag","embeddable":true,"href":"https:\/\/www.europesays.com\/fr\/wp-json\/wp\/v2\/tags?post=292130"}],"curies":[{"name":"wp","href":"https:\/\/api.w.org\/{rel}","templated":true}]}}