{"id":292139,"date":"2025-08-02T20:36:12","date_gmt":"2025-08-02T20:36:12","guid":{"rendered":"https:\/\/www.europesays.com\/fr\/292139\/"},"modified":"2025-08-02T20:36:12","modified_gmt":"2025-08-02T20:36:12","slug":"strasbourg-une-manifestation-propalestinienne-interdite-dans-un-quartier-abritant-une-importante-communaute-juive","status":"publish","type":"post","link":"https:\/\/www.europesays.com\/fr\/292139\/","title":{"rendered":"Strasbourg : une manifestation propalestinienne interdite dans un quartier abritant une importante communaut\u00e9 juive"},"content":{"rendered":"<p class=\"p2\">Pr\u00e9vue dans un quartier abritant <a href=\"https:\/\/www.valeursactuelles.com\/regions\/grand-est\/bas-rhin\/strasbourg\/societe\/antisemitisme-la-licra-suspend-toutes-ses-actions-en-lien-avec-strasbourg-en-raison-des-positions-de-sa-maire-ecologiste-jeanne-barseghian\" target=\"_blank\" rel=\"noopener\">une importante communaut\u00e9 juive<\/a>, la <a href=\"https:\/\/www.valeursactuelles.com\/regions\/occitanie\/haute-garonne\/toulouse\/faits-divers\/tour-de-france-un-militant-pro-palestinien-interpelle-apres-avoir-perturbe-larrivee-a-toulouse\" target=\"_blank\" rel=\"noopener\">manifestation propalestinienne<\/a> pr\u00e9vue ce samedi 2 ao\u00fbt <a href=\"https:\/\/www.valeursactuelles.com\/regions\/grand-est\/bas-rhin\/strasbourg\/faits-divers\/info-va-strasbourg-un-afghan-poignarde-la-fille-de-15-ans-de-son-ex-conjointe-qui-saute-par-la-fenetre\" target=\"_blank\" rel=\"noopener\">\u00e0 Strasbourg<\/a>\u00a0a \u00e9t\u00e9 interdite de parcours par arr\u00eat\u00e9 pr\u00e9fectoral pour des raisons de s\u00e9curit\u00e9, rapporte <a href=\"https:\/\/www.20minutes.fr\/strasbourg\/4166406-20250802-gaza-manifestation-propalestinienne-interdite-quartier-vit-importante-communaute-juive\" target=\"_blank\" rel=\"nofollow noopener\">20 Minutes<\/a>. Saisie en r\u00e9f\u00e9r\u00e9, la justice administrative a confirm\u00e9 l\u2019interdiction. Le tribunal a jug\u00e9 la d\u00e9cision \u00ab\u202fproportionn\u00e9e\u202f\u00bb et estim\u00e9 qu\u2019elle \u00ab\u202fn\u2019a pas port\u00e9 une atteinte grave et manifestement ill\u00e9gale aux libert\u00e9s invoqu\u00e9es\u202f\u00bb.<\/p>\n<p><a href=\"https:\/\/www.valeursactuelles.com\/societe\/je-suis-daccord-pour-tuer-les-juifs-comme-hitler-la-fait-un-nouveau-palestinien-refugie-en-france-accuse-dantisemitisme\" class=\"h-flex h-align-items-center h-border-tb h-ptb-15\" target=\"_blank\" rel=\"noopener\">A\u00a0LIRE\u00a0\u00ab Je suis d\u2019accord pour tuer les juifs comme Hitler l\u2019a fait \u00bb : un nouveau Palestinien r\u00e9fugi\u00e9 en France accus\u00e9 d\u2019antis\u00e9mitisme<\/a><\/p>\n<p>Retrouvez-nous sur :<\/p>\n<blockquote class=\"wp-embedded-content\" data-secret=\"Bsv1Ttj0IE\">\n<p><a href=\"https:\/\/www.valeursactuelles.com\/\" target=\"_blank\" rel=\"noopener\">Accueil<\/a><\/p>\n<\/blockquote>\n<p>\u2013 Facebook :<\/p>\n<p>https:\/\/www.facebook.com\/valeursactuelles.page\u00a0\u00bb&gt;<\/p>\n<p>\u00a0<\/p>\n<p class=\"p2\">Requalifi\u00e9e en rassemblement statique, la mobilisation s\u2019est tenue place Broglie, r\u00e9unissant quelque 250 participants selon la police. Les organisateurs ont exprim\u00e9 leur frustration face \u00e0 ce qu\u2019ils consid\u00e8rent comme une atteinte \u00e0 la libert\u00e9 d\u2019expression. \u00ab\u202fNous refusons qu\u2019il y ait des quartiers de Strasbourg dans lesquels il est interdit de manifester son soutien au peuple palestinien\u202f\u00bb, insiste Herv\u00e9 Gourvitch aupr\u00e8s de 20 Minutes.<\/p>\n<p>Un contexte local tendu et des d\u00e9gradations r\u00e9centes<\/p>\n<p class=\"p2\">Dans sa d\u00e9cision, le juge des r\u00e9f\u00e9r\u00e9s a soulign\u00e9 que le parcours envisag\u00e9 traversait \u00ab\u202fun quartier dans lequel r\u00e9side une forte proportion de personnes membres de la communaut\u00e9 juive\u202f\u00bb, avec un risque de \u00ab\u202fd\u00e9bordements\u202f\u00bb en raison des tensions internationales. Deux itin\u00e9raires alternatifs avaient \u00e9t\u00e9 propos\u00e9s par la pr\u00e9fecture, mais les organisateurs les ont refus\u00e9s.<\/p>\n","protected":false},"excerpt":{"rendered":"Pr\u00e9vue dans un quartier abritant une importante communaut\u00e9 juive, la manifestation propalestinienne pr\u00e9vue ce samedi 2 ao\u00fbt \u00e0&hellip;\n","protected":false},"author":2,"featured_media":292140,"comment_status":"","ping_status":"","sticky":false,"template":"","format":"standard","meta":{"footnotes":""},"categories":[2820],"tags":[1111,11,1777,674,1011,27,775,17198,2088,12,7621,25,640],"class_list":{"0":"post-292139","1":"post","2":"type-post","3":"status-publish","4":"format-standard","5":"has-post-thumbnail","7":"category-strasbourg","8":"tag-actu","9":"tag-actualites","10":"tag-eu","11":"tag-europe","12":"tag-fr","13":"tag-france","14":"tag-grand-est","15":"tag-juifs","16":"tag-manifestation","17":"tag-news","18":"tag-palestiniens","19":"tag-republique-francaise","20":"tag-strasbourg"},"share_on_mastodon":{"url":"https:\/\/pubeurope.com\/@fr\/114961094072823847","error":""},"_links":{"self":[{"href":"https:\/\/www.europesays.com\/fr\/wp-json\/wp\/v2\/posts\/292139","targetHints":{"allow":["GET"]}}],"collection":[{"href":"https:\/\/www.europesays.com\/fr\/wp-json\/wp\/v2\/posts"}],"about":[{"href":"https:\/\/www.europesays.com\/fr\/wp-json\/wp\/v2\/types\/post"}],"author":[{"embeddable":true,"href":"https:\/\/www.europesays.com\/fr\/wp-json\/wp\/v2\/users\/2"}],"replies":[{"embeddable":true,"href":"https:\/\/www.europesays.com\/fr\/wp-json\/wp\/v2\/comments?post=292139"}],"version-history":[{"count":0,"href":"https:\/\/www.europesays.com\/fr\/wp-json\/wp\/v2\/posts\/292139\/revisions"}],"wp:featuredmedia":[{"embeddable":true,"href":"https:\/\/www.europesays.com\/fr\/wp-json\/wp\/v2\/media\/292140"}],"wp:attachment":[{"href":"https:\/\/www.europesays.com\/fr\/wp-json\/wp\/v2\/media?parent=292139"}],"wp:term":[{"taxonomy":"category","embeddable":true,"href":"https:\/\/www.europesays.com\/fr\/wp-json\/wp\/v2\/categories?post=292139"},{"taxonomy":"post_tag","embeddable":true,"href":"https:\/\/www.europesays.com\/fr\/wp-json\/wp\/v2\/tags?post=292139"}],"curies":[{"name":"wp","href":"https:\/\/api.w.org\/{rel}","templated":true}]}}