{"id":29214,"date":"2025-04-16T12:33:14","date_gmt":"2025-04-16T12:33:14","guid":{"rendered":"https:\/\/www.europesays.com\/fr\/29214\/"},"modified":"2025-04-16T12:33:14","modified_gmt":"2025-04-16T12:33:14","slug":"vosges-un-week-end-entierement-dedie-au-velo-a-thaon-les-vosges","status":"publish","type":"post","link":"https:\/\/www.europesays.com\/fr\/29214\/","title":{"rendered":"Vosges. Un week-end enti\u00e8rement d\u00e9di\u00e9 au v\u00e9lo \u00e0 Thaon-les-Vosges"},"content":{"rendered":"<p>Le week-end pascal verra la bicyclette mise \u00e0 l\u2019honneur sur la commune avec deux \u00e9v\u00e8nements autour du v\u00e9lo. Le samedi matin, 19\u00a0avril, \u00e0 partir de 9\u00a0h\u00a030, le <a href=\"https:\/\/www.vosgesmatin.fr\/sport\/2025\/01\/18\/marie-christine-hacquard-reconduite-dans-ses-fonctions-de-presidente-du-comite-des-vosges\" target=\"_blank\" rel=\"noopener\">comit\u00e9 d\u00e9partemental de cyclisme<\/a> invite les \u00e9lus, enseignants, curieux \u00e0 une rencontre d\u00e9di\u00e9e au \u201cSavoir Rouler \u00e0 V\u00e9lo\u201d, un programme essentiel pour favoriser l\u2019apprentissage du v\u00e9lo chez les enfants et d\u00e9velopper la mobilit\u00e9 active d\u00e8s le plus jeune \u00e2ge.<\/p>\n<p>Ce contenu est bloqu\u00e9 car vous n&rsquo;avez pas accept\u00e9 les cookies et autres traceurs.<\/p>\n<p>En cliquant sur \u00ab J\u2019accepte \u00bb, les cookies et autres traceurs seront d\u00e9pos\u00e9s et vous pourrez visualiser les contenus  (<a href=\"\" class=\"consentModule_policy\" target=\"_blank\" title=\"Consulter la politique de protection des donn\u00e9es du fournisseur\">plus d&rsquo;informations<\/a>).<\/p>\n<p>En cliquant sur \u00ab J\u2019accepte tous les cookies \u00bb, vous autorisez des d\u00e9p\u00f4ts de cookies et autres traceurs pour le stockage de vos donn\u00e9es sur nos sites et applications \u00e0 des fins de personnalisation et de ciblage publicitaire.<\/p>\n<p class=\"consentModule_secondaryText\">Vous gardez la possibilit\u00e9 de retirer votre consentement \u00e0 tout moment en consultant notre <a href=\"https:\/\/www.vosgesmatin.fr\/protection-des-donnees\" target=\"_blank\" title=\"Consulter notre politique de protection des donn\u00e9es\" rel=\"noopener\">politique de protection des donn\u00e9es<\/a>. <br \/>&#13;<br \/>\n            <a href=\"https:\/\/www.vosgesmatin.fr\/transport\/2025\/04\/14\/javascript:Didomi.notice.show()\" class=\"consentModule_cmp\" target=\"_blank\" rel=\"noopener\">G\u00e9rer mes choix<\/a>&#13;\n        <\/p>\n<p>&#13;<br \/>\n                        J&rsquo;accepte&#13;<br \/>\n            J&rsquo;accepte tous les cookies&#13;\n        <\/p>\n<p>Et le dimanche matin, le premier Festi\u2019Gravel Vosges proposera 3 parcours aux amateurs de v\u00e9lo Gravel et de sensations fortes. Ces deux \u00e9v\u00e8nements se d\u00e9rouleront au <a href=\"https:\/\/www.vosgesmatin.fr\/culture-loisirs\/2023\/12\/05\/le-cafe-velo-l-echappee-bleue-recoit-le-label-accueil-velo\" target=\"_blank\" rel=\"noopener\">caf\u00e9 v\u00e9lo L\u2019\u00c9chapp\u00e9e Bleue<\/a> , un lieu qui souhaite accompagner le d\u00e9veloppement de la pratique du v\u00e9lo et des mobilit\u00e9s douces. Le programme \u00ab\u00a0Savoir Rouler \u00e0 v\u00e9lo\u00a0\u00bb r\u00e9pond aux enjeux li\u00e9s \u00e0 la s\u00e9curit\u00e9 et \u00e0 l\u2019autonomie des \u00e9l\u00e8ves dans leurs d\u00e9placements quotidiens.<\/p>\n<p>Une solution concr\u00e8te<\/p>\n<p>Aujourd\u2019hui, la pratique du v\u00e9lo repr\u00e9sente une solution concr\u00e8te pour r\u00e9pondre aux d\u00e9fis <a href=\"https:\/\/www.vosgesmatin.fr\/culture-loisirs\/2024\/08\/19\/tourisme-le-velo-continue-de-grimper-dans-le-departement\" target=\"_blank\" rel=\"noopener\">de mobilit\u00e9 durable<\/a> , d\u2019\u00e9ducation \u00e0 la s\u00e9curit\u00e9 routi\u00e8re et de promotion de l\u2019activit\u00e9 physique. De quoi toucher les \u00e9lus, les parents et le personnel enseignant qui peuvent d\u00e9cliner ce programme dans leurs communes ou leurs \u00e9tablissements.<\/p>\n<p>Ce contenu est bloqu\u00e9 car vous n&rsquo;avez pas accept\u00e9 les cookies et autres traceurs.<\/p>\n<p>En cliquant sur \u00ab J\u2019accepte \u00bb, les cookies et autres traceurs seront d\u00e9pos\u00e9s et vous pourrez visualiser les contenus  (<a href=\"\" class=\"consentModule_policy\" target=\"_blank\" title=\"Consulter la politique de protection des donn\u00e9es du fournisseur\">plus d&rsquo;informations<\/a>).<\/p>\n<p>En cliquant sur \u00ab J\u2019accepte tous les cookies \u00bb, vous autorisez des d\u00e9p\u00f4ts de cookies et autres traceurs pour le stockage de vos donn\u00e9es sur nos sites et applications \u00e0 des fins de personnalisation et de ciblage publicitaire.<\/p>\n<p class=\"consentModule_secondaryText\">Vous gardez la possibilit\u00e9 de retirer votre consentement \u00e0 tout moment en consultant notre <a href=\"https:\/\/www.vosgesmatin.fr\/protection-des-donnees\" target=\"_blank\" title=\"Consulter notre politique de protection des donn\u00e9es\" rel=\"noopener\">politique de protection des donn\u00e9es<\/a>. <br \/>&#13;<br \/>\n            <a href=\"https:\/\/www.vosgesmatin.fr\/transport\/2025\/04\/14\/javascript:Didomi.notice.show()\" class=\"consentModule_cmp\" target=\"_blank\" rel=\"noopener\">G\u00e9rer mes choix<\/a>&#13;\n        <\/p>\n<p>&#13;<br \/>\n                        J&rsquo;accepte&#13;<br \/>\n            J&rsquo;accepte tous les cookies&#13;\n        <\/p>\n<p>La matin\u00e9e d\u2019\u00e9change permettra de d\u00e9tailler les trois \u00e9tapes d\u2019apprentissage du programme et d\u2019aborder les nombreux b\u00e9n\u00e9fices pour les \u00e9tablissements scolaires et les collectivit\u00e9s, notamment l\u2019am\u00e9lioration de la s\u00e9curit\u00e9, la r\u00e9duction de la s\u00e9dentarit\u00e9 et le d\u00e9veloppement d\u2019une mobilit\u00e9 plus respectueuse de l\u2019environnement. Les professionnels pr\u00e9sents proposeront des solutions concr\u00e8tes pour la mise en place du dispositif dans les \u00e9coles, avec des outils p\u00e9dagogiques adapt\u00e9s et un accompagnement personnalis\u00e9.<\/p>\n<p class=\"note\">Inscription et renseignements\u00a0: maelsavignard@ffcvosges.com<\/p>\n<p>  Festi\u2019Gravel Vosges\u00a0: 3 parcours dimanche 20\u00a0avril<\/p>\n<p>Avec trois parcours de randonn\u00e9e &#8211; le familial de 18\u00a0km, l\u2019aventuri\u00e8re de 43\u00a0km et l\u2019ambitieuse de 78\u00a0km \u2013 qui seront propos\u00e9s au d\u00e9part de la commune, le comit\u00e9 d\u00e9partemental entend toucher un public de sportif mais aussi de curieux et les familles qui pourront ainsi pratiquer la bicyclette dans un cadre qui m\u00e9lange routes, chemins et sentiers. Une pratique nouvelle qui s\u00e9duit de plus en plus d\u2019adeptes. D\u00e9parts \u00e0 partir de 8\u00a0h, inscriptions possibles sur place. 10\u00a0\u20ac pour les non-licenci\u00e9s et 7\u00a0\u20ac pour les licenci\u00e9s FFC.<\/p>\n","protected":false},"excerpt":{"rendered":"Le week-end pascal verra la bicyclette mise \u00e0 l\u2019honneur sur la commune avec deux \u00e9v\u00e8nements autour du v\u00e9lo.&hellip;\n","protected":false},"author":2,"featured_media":29215,"comment_status":"","ping_status":"","sticky":false,"template":"","format":"standard","meta":{"footnotes":""},"categories":[1411],"tags":[10220,1687,1154,207,1796,436,107,1011,27,60,10219,2803,774],"class_list":{"0":"post-29214","1":"post","2":"type-post","3":"status-publish","4":"format-standard","5":"has-post-thumbnail","7":"category-cyclisme","8":"tag-ca-depinal-88a2","9":"tag-culture-loisirs","10":"tag-cycling","11":"tag-cyclisme","12":"tag-edition-epinal","13":"tag-environnement","14":"tag-fil-info","15":"tag-fr","16":"tag-france","17":"tag-sports","18":"tag-thaon-les-vosges","19":"tag-transport","20":"tag-vosges"},"share_on_mastodon":{"url":"https:\/\/pubeurope.com\/@fr\/114347665264487900","error":""},"_links":{"self":[{"href":"https:\/\/www.europesays.com\/fr\/wp-json\/wp\/v2\/posts\/29214","targetHints":{"allow":["GET"]}}],"collection":[{"href":"https:\/\/www.europesays.com\/fr\/wp-json\/wp\/v2\/posts"}],"about":[{"href":"https:\/\/www.europesays.com\/fr\/wp-json\/wp\/v2\/types\/post"}],"author":[{"embeddable":true,"href":"https:\/\/www.europesays.com\/fr\/wp-json\/wp\/v2\/users\/2"}],"replies":[{"embeddable":true,"href":"https:\/\/www.europesays.com\/fr\/wp-json\/wp\/v2\/comments?post=29214"}],"version-history":[{"count":0,"href":"https:\/\/www.europesays.com\/fr\/wp-json\/wp\/v2\/posts\/29214\/revisions"}],"wp:featuredmedia":[{"embeddable":true,"href":"https:\/\/www.europesays.com\/fr\/wp-json\/wp\/v2\/media\/29215"}],"wp:attachment":[{"href":"https:\/\/www.europesays.com\/fr\/wp-json\/wp\/v2\/media?parent=29214"}],"wp:term":[{"taxonomy":"category","embeddable":true,"href":"https:\/\/www.europesays.com\/fr\/wp-json\/wp\/v2\/categories?post=29214"},{"taxonomy":"post_tag","embeddable":true,"href":"https:\/\/www.europesays.com\/fr\/wp-json\/wp\/v2\/tags?post=29214"}],"curies":[{"name":"wp","href":"https:\/\/api.w.org\/{rel}","templated":true}]}}