{"id":292145,"date":"2025-08-02T20:40:11","date_gmt":"2025-08-02T20:40:11","guid":{"rendered":"https:\/\/www.europesays.com\/fr\/292145\/"},"modified":"2025-08-02T20:40:11","modified_gmt":"2025-08-02T20:40:11","slug":"amical-angers-bat-nantes-metz-domine-troyes-et-le-havre-resiste-au-paris-fc-amical","status":"publish","type":"post","link":"https:\/\/www.europesays.com\/fr\/292145\/","title":{"rendered":"Amical : Angers bat Nantes, Metz domine Troyes et Le Havre r\u00e9siste au Paris FC &#8211; Amical"},"content":{"rendered":"<p>Il y avait du match amical entre clubs fran\u00e7ais, ce samedi.<\/p>\n<p>Et lors de ces trois rencontres, tous les scores ont \u00e9t\u00e9 serr\u00e9s. <strong>Oppos\u00e9 au Paris FC, Le Havre a d\u2019abord r\u00e9ussi \u00e0 \u00e9viter la d\u00e9faite<\/strong> : menant au score suite \u00e0 un but de la t\u00eate d\u2019Issa Soumar\u00e9 en d\u00e9but de partie, le HAC a ensuite r\u00e9sist\u00e9 \u00e0 son adversaire m\u00eame s\u2019il a conc\u00e9d\u00e9 l\u2019\u00e9galisation sign\u00e9e Pierre-Yves Hamel sur un corner frapp\u00e9 par <a target=\"_blank\" href=\"https:\/\/www.sofoot.com\/breves\/mercato-moses-simon-signe-jusquen-2028-au-paris-fc\" rel=\"nofollow noopener\">la recrue Moses Simon<\/a> en fin de premi\u00e8re p\u00e9riode.<\/p>\n<blockquote class=\"twitter-tweet\" data-width=\"550\" data-dnt=\"true\">\n<p lang=\"fr\" dir=\"ltr\">0\ufe0f\u20e3 &#8211; 1\ufe0f\u20e3 <a href=\"https:\/\/twitter.com\/hashtag\/ESTACFCM?src=hash&amp;ref_src=twsrc%5Etfw\" rel=\"nofollow noopener\" target=\"_blank\">#ESTACFCM<\/a><\/p>\n<p>\ud83d\udd1a C\u2019est termin\u00e9 au Stade de l&#39;Aube !<\/p>\n<p>\u2764\ufe0f\u200d\ud83d\udd25 Les Messins s&#39;imposent en terres troyennes gr\u00e2ce \u00e0 un but de Gauthier Hein ! <a href=\"https:\/\/t.co\/qbINPpC7ZX\" rel=\"nofollow\">pic.twitter.com\/qbINPpC7ZX<\/a><\/p>\n<p>&mdash; FC Metz \u2628 (@FCMetz) <a href=\"https:\/\/twitter.com\/FCMetz\/status\/1951687314565988452?ref_src=twsrc%5Etfw\" rel=\"nofollow noopener\" target=\"_blank\">August 2, 2025<\/a><\/p><\/blockquote>\n<p><script async src=\"https:\/\/platform.twitter.com\/widgets.js\" charset=\"utf-8\"><\/script><\/p>\n<p>De leur c\u00f4t\u00e9, <strong>Metz et Angers se sont tous les deux impos\u00e9s<\/strong> : les Grenats ont battu Troyes gr\u00e2ce \u00e0 une r\u00e9alisation assez tardive de Gauthier Hein alors que le SCO a \u00e9galement domin\u00e9 Nantes sur la plus courte des marges, Est\u00e9ban Lepaul plantant le seul pion du duel au bout d\u2019une poign\u00e9e de secondes.<\/p>\n<p>Pas d\u2019inqui\u00e9tude, il y aura davantage de tremblements de filets en Ligue 1\u2026<\/p>\n<blockquote class=\"twitter-tweet\" data-width=\"550\" data-dnt=\"true\">\n<p lang=\"fr\" dir=\"ltr\">Fin du match. <\/p>\n<p>Nos Jaune et Vert s&#39;inclinent face \u00e0 Angers lors de cette rencontre amicale. <\/p>\n<p> \u231e \ud835\udfed-\ud835\udfec <a href=\"https:\/\/twitter.com\/hashtag\/scofcn?src=hash&amp;ref_src=twsrc%5Etfw\" rel=\"nofollow noopener\" target=\"_blank\">#scofcn<\/a><\/p>\n<p>&mdash; FC Nantes (@FCNantes) <a href=\"https:\/\/twitter.com\/FCNantes\/status\/1951687673766347254?ref_src=twsrc%5Etfw\" rel=\"nofollow noopener\" target=\"_blank\">August 2, 2025<\/a><\/p><\/blockquote>\n<p><script async src=\"https:\/\/platform.twitter.com\/widgets.js\" charset=\"utf-8\"><\/script><\/p>\n<p>\t\t\t\t\t\t\t\t\t\t<a class=\"lien-connexe\" href=\"https:\/\/www.sofoot.com\/breves\/mercato-matthieu-udol-revient-sur-son-bras-de-fer-avec-metz-qui-ne-voulait-pas-le-laisser-partir-a-lens\" rel=\"nofollow noopener\" target=\"_blank\">Matthieu Udol explique son bras de fer avec Metz<\/a>\t\t\t\t\t<script async src=\"https:\/\/platform.twitter.com\/widgets.js\" charset=\"utf-8\"><\/script><\/p>\n","protected":false},"excerpt":{"rendered":"Il y avait du match amical entre clubs fran\u00e7ais, ce samedi. Et lors de ces trois rencontres, tous&hellip;\n","protected":false},"author":2,"featured_media":292146,"comment_status":"","ping_status":"","sticky":false,"template":"","format":"standard","meta":{"footnotes":""},"categories":[2818],"tags":[1111,47,11,61,69,65,64,1777,674,63,1011,27,68,66,766,12,62,2636,70,25,67],"class_list":{"0":"post-292145","1":"post","2":"type-post","3":"status-publish","4":"format-standard","5":"has-post-thumbnail","7":"category-nantes","8":"tag-actu","9":"tag-actualite","10":"tag-actualites","11":"tag-actus-football","12":"tag-bundesliga","13":"tag-championnats-europeens","14":"tag-equipe-de-france","15":"tag-eu","16":"tag-europe","17":"tag-football","18":"tag-fr","19":"tag-france","20":"tag-ligua","21":"tag-ligue-1","22":"tag-nantes","23":"tag-news","24":"tag-news-foot","25":"tag-pays-de-la-loire","26":"tag-premier-league","27":"tag-republique-francaise","28":"tag-serie-a"},"share_on_mastodon":{"url":"https:\/\/pubeurope.com\/@fr\/114961109701641923","error":""},"_links":{"self":[{"href":"https:\/\/www.europesays.com\/fr\/wp-json\/wp\/v2\/posts\/292145","targetHints":{"allow":["GET"]}}],"collection":[{"href":"https:\/\/www.europesays.com\/fr\/wp-json\/wp\/v2\/posts"}],"about":[{"href":"https:\/\/www.europesays.com\/fr\/wp-json\/wp\/v2\/types\/post"}],"author":[{"embeddable":true,"href":"https:\/\/www.europesays.com\/fr\/wp-json\/wp\/v2\/users\/2"}],"replies":[{"embeddable":true,"href":"https:\/\/www.europesays.com\/fr\/wp-json\/wp\/v2\/comments?post=292145"}],"version-history":[{"count":0,"href":"https:\/\/www.europesays.com\/fr\/wp-json\/wp\/v2\/posts\/292145\/revisions"}],"wp:featuredmedia":[{"embeddable":true,"href":"https:\/\/www.europesays.com\/fr\/wp-json\/wp\/v2\/media\/292146"}],"wp:attachment":[{"href":"https:\/\/www.europesays.com\/fr\/wp-json\/wp\/v2\/media?parent=292145"}],"wp:term":[{"taxonomy":"category","embeddable":true,"href":"https:\/\/www.europesays.com\/fr\/wp-json\/wp\/v2\/categories?post=292145"},{"taxonomy":"post_tag","embeddable":true,"href":"https:\/\/www.europesays.com\/fr\/wp-json\/wp\/v2\/tags?post=292145"}],"curies":[{"name":"wp","href":"https:\/\/api.w.org\/{rel}","templated":true}]}}