{"id":292155,"date":"2025-08-02T20:46:12","date_gmt":"2025-08-02T20:46:12","guid":{"rendered":"https:\/\/www.europesays.com\/fr\/292155\/"},"modified":"2025-08-02T20:46:12","modified_gmt":"2025-08-02T20:46:12","slug":"lucas-chevalier-titulaire-avec-lille-contre-dortmund-2","status":"publish","type":"post","link":"https:\/\/www.europesays.com\/fr\/292155\/","title":{"rendered":"Lucas Chevalier titulaire avec Lille contre Dortmund &#8211;"},"content":{"rendered":"<p><img width=\"700\" height=\"350\" src=\"https:\/\/www.europesays.com\/fr\/wp-content\/uploads\/2025\/08\/Lucas-Chevalier.jpg\" class=\"attachment-jannah-image-post size-jannah-image-post wp-post-image\" alt=\"Lucas chevalier\" is_main_img=\"1\" decoding=\"async\" fetchpriority=\"high\"  \/><\/p>\n<p>Alors qu\u2019on annonce son arriv\u00e9e au PSG proche d\u2019\u00eatre<br \/>\nofficialis\u00e9e, Lucas Chevalier \u00e9tait titulaire lors du match amical<br \/>\nentre Lille et le Borussia Dortmund ce samedi.<\/p>\n<p>Le <strong>PSG<\/strong> pourrait changer de gardien titulaire<br \/>\nlors de la saison 2025-2026. <strong><a href=\"https:\/\/canal-supporters.com\/psg-gianluigi-donnarumma-ne-veut-pas-partir-luis-enrique-a-lui-tranche\/\" title=\"\" target=\"_blank\" rel=\"noopener\">Gianluigi Donnarumma<\/a><\/strong>, encore sous contrat<br \/>\njusqu\u2019en juin 2026 avec le club de la capitale, n\u2019a pas encore<br \/>\ntrouv\u00e9 d\u2019accord pour prolonger son contrat. Ne souhaitant pas voir<br \/>\nleur gardien partir libre dans un an, les dirigeants parisiens lui<br \/>\nont fait comprendre que soit il acceptait la prolongation de<br \/>\ncontrat, soit il devait se trouver une porte de sortie. Dans<br \/>\nl\u2019impasse avec l\u2019international italien, le <strong>PSG<\/strong> a<br \/>\nrouvert le dossier <strong>Lucas Chevalier<\/strong> et a trouv\u00e9 un<br \/>\naccord avec le gardien de <strong>Lille<\/strong> pour un futur<br \/>\ncontrat de cinq ans. Les deux seraient m\u00eame proches de<br \/>\ntrouver\u00a0<a href=\"https:\/\/canal-supporters.com\/le-psg-confiant-pour-boucler-les-dossiers-chevalier-et-zabarnyi-dans-les-prochains-jours\/\" target=\"_blank\" rel=\"noopener\">un<br \/>\naccord<\/a>\u00a0pour le transfert de l\u2019international fran\u00e7ais, qui<br \/>\npoursuit sa pr\u00e9paration avec les Nordistes avant de potentiellement<br \/>\nrejoindre le <strong>PSG<\/strong>.\u00a0<\/p>\n<p>A voir aussi : <a href=\"https:\/\/canal-supporters.com\/le-psg-a-informe-donnarumma-de-larrivee-de-chevalier\/\" title=\"\" target=\"_blank\" rel=\"noopener\">Le PSG a inform\u00e9 Donnarumma de l\u2019arriv\u00e9e de<br \/>\nChevalier<\/a><\/p>\n<p><a href=\"https:\/\/x.com\/CanalSupporters\" target=\"_blank\" rel=\"noopener\" title=\"\">canalsupporters.com<\/a><\/p>\n<p>Il n\u2019a jou\u00e9 que<br \/>\n45 minutes<\/p>\n<p>Ce samedi apr\u00e8s-midi, <strong>Lille<\/strong> affrontait le<br \/>\n<strong>Borussia Dortmund<\/strong> pour l\u2019un de ses derniers<br \/>\nmatches de pr\u00e9paration. En instance de d\u00e9part au<br \/>\n<strong>PSG<\/strong>, <strong>Lucas Chevalier<\/strong> \u00e9tait bien<br \/>\ntitulaire lors de cette rencontre amicale. Le gardien a particip\u00e9 \u00e0<br \/>\nla premi\u00e8re p\u00e9riode de la rencontre avant d\u2019\u00eatre remplac\u00e9 en<br \/>\ndeuxi\u00e8me p\u00e9riode par <strong>Bodart<\/strong>, dans le cadre du<br \/>\nlarge turnover de <strong>Bruno Genesio<\/strong> lors de ce match<br \/>\nde pr\u00e9paration. Il a encaiss\u00e9 deux buts. L\u2019un sur un corner et<br \/>\nl\u2019autre sur un penalty. Le <strong>LOSC<\/strong> s\u2019est finalement<br \/>\ninclin\u00e9 <a href=\"https:\/\/x.com\/losclive\" target=\"_blank\" rel=\"noopener\" title=\"\">(3-2)<\/a> avec un but de l\u2019ancien joueur du<br \/>\n<strong>PSG<\/strong>, <strong>Thomas Meunier<\/strong>.\u00a0<\/p><\/p>\n","protected":false},"excerpt":{"rendered":"Alors qu\u2019on annonce son arriv\u00e9e au PSG proche d\u2019\u00eatre officialis\u00e9e, Lucas Chevalier \u00e9tait titulaire lors du match amical&hellip;\n","protected":false},"author":2,"featured_media":291801,"comment_status":"","ping_status":"","sticky":false,"template":"","format":"standard","meta":{"footnotes":""},"categories":[2815],"tags":[1111,11,5696,81,38756,787,8099,1777,674,1011,27,811,1307,2267,4668,1434,1435,12,626,91,92,93,25,96],"class_list":{"0":"post-292155","1":"post","2":"type-post","3":"status-publish","4":"format-standard","5":"has-post-thumbnail","7":"category-lille","8":"tag-actu","9":"tag-actualites","10":"tag-borussia-dortmund","11":"tag-canal-supporters","12":"tag-chevalier","13":"tag-cs","14":"tag-dortmund","15":"tag-eu","16":"tag-europe","17":"tag-fr","18":"tag-france","19":"tag-hauts-de-france","20":"tag-lille","21":"tag-losc","22":"tag-lucas-chevalier","23":"tag-mercato","24":"tag-mercato-psg","25":"tag-news","26":"tag-paris","27":"tag-paris-saint-germain","28":"tag-paris-sg","29":"tag-psg","30":"tag-republique-francaise","31":"tag-une"},"share_on_mastodon":{"url":"https:\/\/pubeurope.com\/@fr\/114961133319712327","error":""},"_links":{"self":[{"href":"https:\/\/www.europesays.com\/fr\/wp-json\/wp\/v2\/posts\/292155","targetHints":{"allow":["GET"]}}],"collection":[{"href":"https:\/\/www.europesays.com\/fr\/wp-json\/wp\/v2\/posts"}],"about":[{"href":"https:\/\/www.europesays.com\/fr\/wp-json\/wp\/v2\/types\/post"}],"author":[{"embeddable":true,"href":"https:\/\/www.europesays.com\/fr\/wp-json\/wp\/v2\/users\/2"}],"replies":[{"embeddable":true,"href":"https:\/\/www.europesays.com\/fr\/wp-json\/wp\/v2\/comments?post=292155"}],"version-history":[{"count":0,"href":"https:\/\/www.europesays.com\/fr\/wp-json\/wp\/v2\/posts\/292155\/revisions"}],"wp:featuredmedia":[{"embeddable":true,"href":"https:\/\/www.europesays.com\/fr\/wp-json\/wp\/v2\/media\/291801"}],"wp:attachment":[{"href":"https:\/\/www.europesays.com\/fr\/wp-json\/wp\/v2\/media?parent=292155"}],"wp:term":[{"taxonomy":"category","embeddable":true,"href":"https:\/\/www.europesays.com\/fr\/wp-json\/wp\/v2\/categories?post=292155"},{"taxonomy":"post_tag","embeddable":true,"href":"https:\/\/www.europesays.com\/fr\/wp-json\/wp\/v2\/tags?post=292155"}],"curies":[{"name":"wp","href":"https:\/\/api.w.org\/{rel}","templated":true}]}}