{"id":292156,"date":"2025-08-02T20:47:10","date_gmt":"2025-08-02T20:47:10","guid":{"rendered":"https:\/\/www.europesays.com\/fr\/292156\/"},"modified":"2025-08-02T20:47:10","modified_gmt":"2025-08-02T20:47:10","slug":"deux-hommes-blesses-par-arme-a-feu-dans-le-3e-arrondissement-de-marseille","status":"publish","type":"post","link":"https:\/\/www.europesays.com\/fr\/292156\/","title":{"rendered":"Deux hommes bless\u00e9s par arme \u00e0 feu dans le 3e arrondissement de Marseille"},"content":{"rendered":"<p>Des coups de feu ont retenti rue de Ruffi, \u00e0 quelques encablures de l\u2019avenue Camille Pelletan, dans la soir\u00e9e de ce samedi 2\u00a0ao\u00fbt, dans le 3e arrondissement de <a href=\"https:\/\/www.laprovence.com\/bouches-du-rhone\/marseille-13055\" target=\"_blank\" rel=\"noopener\">Marseille<\/a>.<\/p>\n<p>Il \u00e9tait un peu plus de 20\u00a0heures lorsque les marins-pompiers ont \u00e9t\u00e9 appel\u00e9s pour porter secours \u00e0 deux victimes bless\u00e9es par balle dans le quartier de la Porte d\u2019Aix.<\/p>\n<p>Sur place, les soldats du bataillon ont d\u00e9couvert deux hommes, l\u2019un de 46\u00a0ans, l\u2019autre de 40\u00a0ans, effectivement bless\u00e9s par arme \u00e0 feu. L\u2019un a \u00e9t\u00e9 touch\u00e9 aux membres inf\u00e9rieurs, l\u2019autre au bassin. Pris en charge et soign\u00e9s sur place dans un premier temps, ils ont \u00e9t\u00e9 transport\u00e9s \u00e0 l\u2019h\u00f4pital sous escorte polici\u00e8re et sans que leur pronostic vital ne soit engag\u00e9, tandis que la police d\u00e9ployait ses effectifs sur place et notamment les agents de la police technique et scientifique qui auraient retrouv\u00e9 plusieurs \u00e9tuis de <a href=\"https:\/\/www.laprovence.com\/article\/faits-divers-justice\/77407531677901\/un-vehicule-et-ses-3-occupants-arroses-au-9-mm-dans-le-14e-arrondissement-de-marseille\" target=\"_blank\" rel=\"noopener\">9\u00a0mm<\/a>.<\/p>\n<p>Une sacoche et une montre \u00e9taient convoit\u00e9es<\/p>\n<p>D\u2019apr\u00e8s les premiers \u00e9l\u00e9ments de l\u2019enqu\u00eate qui ne fait que commencer, les deux victimes se trouvaient dans un v\u00e9hicule en stationnement, lorsque deux individus auraient appuy\u00e9 leurs vell\u00e9it\u00e9s de faire main basse sur leurs effets personnels en les mena\u00e7ant d\u2019une arme de poing.<\/p>\n<p>Face au refus des occupants du v\u00e9hicule de c\u00e9der sacoche et <a href=\"https:\/\/www.laprovence.com\/article\/faits-divers-justice\/1059698185875915\/un-sdf-cambriole-une-boutique-swatch-a-marseille-et-vole-sans-le-savoir-une-montre-collector\" target=\"_blank\" rel=\"noopener\">montre<\/a>, les assaillants auraient alors ouvert le feu, avant de d\u00e9taler, l\u2019un \u00e0 pieds, l\u2019autre \u00e0 bord d\u2019un deux-roues, selon des t\u00e9moins.<\/p>\n<p>Les deux auteurs pr\u00e9sum\u00e9s sont activement recherch\u00e9s par les forces de l\u2019ordre qui vont aussi devoir pr\u00e9ciser le sc\u00e9nario de ce qui s\u2019apparente \u00e0 une tentative d\u2019homicide.<\/p>\n","protected":false},"excerpt":{"rendered":"Des coups de feu ont retenti rue de Ruffi, \u00e0 quelques encablures de l\u2019avenue Camille Pelletan, dans la&hellip;\n","protected":false},"author":2,"featured_media":292157,"comment_status":"","ping_status":"","sticky":false,"template":"","format":"standard","meta":{"footnotes":""},"categories":[2814],"tags":[17,1111,11,10268,4901,1446,4070,1777,674,274,1312,1011,27,1101,884,12,5912,882,25],"class_list":{"0":"post-292156","1":"post","2":"type-post","3":"status-publish","4":"format-standard","5":"has-post-thumbnail","7":"category-marseille","8":"tag-17","9":"tag-actu","10":"tag-actualites","11":"tag-arme","12":"tag-blesses","13":"tag-dans","14":"tag-deux","15":"tag-eu","16":"tag-europe","17":"tag-faits-divers-justice","18":"tag-feu","19":"tag-fr","20":"tag-france","21":"tag-hommes","22":"tag-marseille","23":"tag-news","24":"tag-par","25":"tag-provence-alpes-cote-dazur","26":"tag-republique-francaise"},"share_on_mastodon":{"url":"https:\/\/pubeurope.com\/@fr\/114961137267213173","error":""},"_links":{"self":[{"href":"https:\/\/www.europesays.com\/fr\/wp-json\/wp\/v2\/posts\/292156","targetHints":{"allow":["GET"]}}],"collection":[{"href":"https:\/\/www.europesays.com\/fr\/wp-json\/wp\/v2\/posts"}],"about":[{"href":"https:\/\/www.europesays.com\/fr\/wp-json\/wp\/v2\/types\/post"}],"author":[{"embeddable":true,"href":"https:\/\/www.europesays.com\/fr\/wp-json\/wp\/v2\/users\/2"}],"replies":[{"embeddable":true,"href":"https:\/\/www.europesays.com\/fr\/wp-json\/wp\/v2\/comments?post=292156"}],"version-history":[{"count":0,"href":"https:\/\/www.europesays.com\/fr\/wp-json\/wp\/v2\/posts\/292156\/revisions"}],"wp:featuredmedia":[{"embeddable":true,"href":"https:\/\/www.europesays.com\/fr\/wp-json\/wp\/v2\/media\/292157"}],"wp:attachment":[{"href":"https:\/\/www.europesays.com\/fr\/wp-json\/wp\/v2\/media?parent=292156"}],"wp:term":[{"taxonomy":"category","embeddable":true,"href":"https:\/\/www.europesays.com\/fr\/wp-json\/wp\/v2\/categories?post=292156"},{"taxonomy":"post_tag","embeddable":true,"href":"https:\/\/www.europesays.com\/fr\/wp-json\/wp\/v2\/tags?post=292156"}],"curies":[{"name":"wp","href":"https:\/\/api.w.org\/{rel}","templated":true}]}}