{"id":292160,"date":"2025-08-02T20:49:25","date_gmt":"2025-08-02T20:49:25","guid":{"rendered":"https:\/\/www.europesays.com\/fr\/292160\/"},"modified":"2025-08-02T20:49:25","modified_gmt":"2025-08-02T20:49:25","slug":"35c-deja-annonces-les-previsions","status":"publish","type":"post","link":"https:\/\/www.europesays.com\/fr\/292160\/","title":{"rendered":"35\u00b0C d\u00e9j\u00e0 annonc\u00e9s, les pr\u00e9visions"},"content":{"rendered":"<p>            Par<br \/>\n        <strong><br \/>\n            <a href=\"https:\/\/actu.fr\/auteur\/theo-zuili\" title=\"Consulter tous les articles de Th\u00e9o Zuili\" rel=\"nofollow noopener\" target=\"_blank\">Th\u00e9o Zuili<\/a><br \/>\n        <\/strong><\/p>\n<p>        Publi\u00e9 le<\/p>\n<p>            2 ao\u00fbt 2025 \u00e0 7h18        <\/p>\n<p>Beaucoup d\u2019habitants se contenteraient d\u2019un \u00e9t\u00e9 \u00e0 l\u2019image des derni\u00e8res semaines du mois de juillet 2025 \u00e0 <a href=\"https:\/\/actu.fr\/auvergne-rhone-alpes\/lyon_69123\" rel=\"nofollow noopener\" target=\"_blank\">Lyon<\/a>, entre averses, maximales \u00e0 25\u00b0C, brise l\u00e9g\u00e8re et rafraichissement nocturne. D\u2019autres, au contraire, n\u2019attendent que la hausse du mercure et la <strong>r\u00e9apparition du soleil<\/strong>.<\/p>\n<p class=\" wall-content\">Ces derniers seront heureux d\u2019apprendre que Guillaume S\u00e9chet, m\u00e9t\u00e9orologue et fondateur de <a href=\"https:\/\/www.meteo-villes.com\/\" rel=\"nofollow noopener\" target=\"_blank\">M\u00e9t\u00e9o-Villes<\/a>, pr\u00e9voit un retour de la chaleur estivale \u00e0 partir de la semaine prochaine. Les pr\u00e9visions.<\/p>\n<p>Une fin de semaine sous les normales<\/p>\n<p class=\" wall-content\">La chaleur tr\u00e8s raisonnable des semaines derni\u00e8res est li\u00e9e \u00e0 un courant soufflant depuis le nord-ouest en provenance des \u00celes Britanniques (et m\u00eame \u00e0 moindre mesure du Groenland) sur la France <a href=\"https:\/\/actu.fr\/meteo\/isere-pourquoi-la-neige-est-tombee-en-plein-milieu-de-l-ete-dans-ces-stations-des-alpes_62966827.html\" rel=\"nofollow noopener\" target=\"_blank\">jusqu\u2019\u00e0 apporter de la neige en montagne pr\u00e8s de Grenoble<\/a>, explique Guillaume S\u00e9chet.<\/p>\n<p class=\" wall-content\">\u00c0 Lyon, en moyenne, le mois de juin (30,4\u00b0C) a \u00e9t\u00e9 plus chaud que celui de juillet (28,7\u00b0C). La journ\u00e9e la plus fra\u00eeche, c\u2019\u00e9tait le 28 juillet avec 23\u00b0C.<\/p>\n<p class=\" wall-content\">Ce week-end, les maximales pourront \u00eatre comprises entre 23\u00b0C et 25\u00b0C samedi 2 et grimperont <strong>jusqu\u2019\u00e0 27\u00b0C<\/strong> dimanche 3 ao\u00fbt \u00e0 Lyon. Soit jusqu\u2019\u00e0 -4\u00b0C sous les normales de saison. Le ciel restera plut\u00f4t voil\u00e9, mais des \u00e9claircies sont attendues selon <a href=\"https:\/\/actu.fr\/tag\/meteo-france\" rel=\"nofollow noopener\" target=\"_blank\">M\u00e9t\u00e9o-France<\/a>.<\/p>\n<p>La chaleur monte d\u00e8s lundi<\/p>\n<p class=\" wall-content\">\u00c0 la faveur d\u2019un d\u00e9placement de l\u2019anticyclone des A\u00e7ores vers le nord, le courant de nord-ouest va s\u2019estomper en la faveur d\u2019un courant de sud-ouest <strong>venu du Sahara<\/strong>, explique Guillaume S\u00e9chet. Et ce, d\u00e8s lundi 4 ao\u00fbt.<\/p>\n<p class=\" wall-content\">\u00ab\u00a0\u00c7a va nettement se r\u00e9chauffer en d\u00e9but de semaine, mais c\u2019est <strong>surtout \u00e0 partir de mercredi<\/strong> que la chaleur va devenir plus importante. La deuxi\u00e8me partie de la semaine prochaine sera probablement tr\u00e8s chaude\u00a0\u00bb, pr\u00e9voit Guillaume S\u00e9chet.<\/p>\n<p class=\" wall-content\">Les pr\u00e9visionnistes de M\u00e9t\u00e9o-France s\u2019attendent \u00e0 une semaine du 4 au 10 ao\u00fbt marqu\u00e9e par des vents parfois forts (45 km\/h), mais aussi par un temps sec et tr\u00e8s ensoleill\u00e9 avec des temp\u00e9ratures l\u00e9g\u00e8rement au-dessus des normales.<\/p>\n<p>Une canicule se profile ?<\/p>\n<p class=\" wall-content\">Entre <strong>31\u00b0C et 35\u00b0C<\/strong> sont attendus la semaine prochaine, tandis que les nuits devraient, elles aussi, se r\u00e9chauffer \u00e0 partir de samedi 9 ao\u00fbt pour d\u00e9passer la barre des 20\u00b0C. Les nuits pourraient ainsi redevenir tropicales, laissant poindre la menace d\u2019une canicule, bien qu\u2019il reste trop t\u00f4t pour le dire.<\/p>\n<p class=\" wall-content\">\u00ab\u00a0Pour l\u2019instant, c\u2019est difficile de savoir si on va vers un \u00e9pisode de chaleur extr\u00eame et durable<strong> comme on a connu en juin<\/strong>, mais tout est r\u00e9uni pour que Lyon soit concern\u00e9e par des temp\u00e9ratures tr\u00e8s \u00e9lev\u00e9es pendant au moins plus de trois jours\u00a0\u00bb, signale le m\u00e9t\u00e9orologue.<\/p>\n<p class=\" wall-content\">Les mod\u00e8les m\u00e9t\u00e9orologiques sont encore \u00e0 affiner, mais cela \u00e9quivaut au retour de temp\u00e9ratures (tr\u00e8s) estivales, voire caniculaires, pour les premi\u00e8res semaines d\u2019ao\u00fbt. \u00ab\u00a0L\u2019\u00e9t\u00e9, c\u2019est reparti, \u00e7a c\u2019est certain ! <strong>Le doute vient de la dur\u00e9e et l\u2019intensit\u00e9<\/strong> de ce qui nous attend.\u00a0\u00bb<\/p>\n<p class=\" wall-content\">Suivez toute l\u2019actualit\u00e9 de vos villes et m\u00e9dias favoris en vous inscrivant \u00e0 <a href=\"https:\/\/moncompte.actu.fr\" title=\"D\u00e9couvez Mon Actu\" rel=\"nofollow noopener\" data-trk=\"{&quot;cta&quot;:{&quot;action&quot;:&quot;https:\\\/\\\/moncompte.actu.fr&quot;,&quot;category&quot;:&quot;mon compte&quot;,&quot;from&quot;:&quot;article footer&quot;,&quot;name&quot;:&quot;Mon actu&quot;,&quot;type&quot;:&quot;cta&quot;}}\" target=\"_blank\">Mon Actu<\/a>.<\/p>\n","protected":false},"excerpt":{"rendered":"Par Th\u00e9o Zuili Publi\u00e9 le 2 ao\u00fbt 2025 \u00e0 7h18 Beaucoup d\u2019habitants se contenteraient d\u2019un \u00e9t\u00e9 \u00e0 l\u2019image&hellip;\n","protected":false},"author":2,"featured_media":292161,"comment_status":"","ping_status":"","sticky":false,"template":"","format":"standard","meta":{"footnotes":""},"categories":[1889],"tags":[1111,11,2430,6698,1777,674,1011,27,2428,2487,2357,12,25],"class_list":{"0":"post-292160","1":"post","2":"type-post","3":"status-publish","4":"format-standard","5":"has-post-thumbnail","7":"category-lyon","8":"tag-actu","9":"tag-actualites","10":"tag-auvergne-rhone-alpes","11":"tag-canicule","12":"tag-eu","13":"tag-europe","14":"tag-fr","15":"tag-france","16":"tag-lyon","17":"tag-meteo","18":"tag-meteo-france","19":"tag-news","20":"tag-republique-francaise"},"share_on_mastodon":{"url":"https:\/\/pubeurope.com\/@fr\/114961145106820833","error":""},"_links":{"self":[{"href":"https:\/\/www.europesays.com\/fr\/wp-json\/wp\/v2\/posts\/292160","targetHints":{"allow":["GET"]}}],"collection":[{"href":"https:\/\/www.europesays.com\/fr\/wp-json\/wp\/v2\/posts"}],"about":[{"href":"https:\/\/www.europesays.com\/fr\/wp-json\/wp\/v2\/types\/post"}],"author":[{"embeddable":true,"href":"https:\/\/www.europesays.com\/fr\/wp-json\/wp\/v2\/users\/2"}],"replies":[{"embeddable":true,"href":"https:\/\/www.europesays.com\/fr\/wp-json\/wp\/v2\/comments?post=292160"}],"version-history":[{"count":0,"href":"https:\/\/www.europesays.com\/fr\/wp-json\/wp\/v2\/posts\/292160\/revisions"}],"wp:featuredmedia":[{"embeddable":true,"href":"https:\/\/www.europesays.com\/fr\/wp-json\/wp\/v2\/media\/292161"}],"wp:attachment":[{"href":"https:\/\/www.europesays.com\/fr\/wp-json\/wp\/v2\/media?parent=292160"}],"wp:term":[{"taxonomy":"category","embeddable":true,"href":"https:\/\/www.europesays.com\/fr\/wp-json\/wp\/v2\/categories?post=292160"},{"taxonomy":"post_tag","embeddable":true,"href":"https:\/\/www.europesays.com\/fr\/wp-json\/wp\/v2\/tags?post=292160"}],"curies":[{"name":"wp","href":"https:\/\/api.w.org\/{rel}","templated":true}]}}