{"id":292162,"date":"2025-08-02T20:50:18","date_gmt":"2025-08-02T20:50:18","guid":{"rendered":"https:\/\/www.europesays.com\/fr\/292162\/"},"modified":"2025-08-02T20:50:18","modified_gmt":"2025-08-02T20:50:18","slug":"nouveau-rassemblement-pour-gaza-ce-samedi-2-aout-a-lyon","status":"publish","type":"post","link":"https:\/\/www.europesays.com\/fr\/292162\/","title":{"rendered":"Nouveau rassemblement pour Gaza ce samedi 2 ao\u00fbt \u00e0 Lyon"},"content":{"rendered":"<p itemprop=\"description\"><strong>Un nouveau rassemblement pour Gaza se tiendra \u00e0 Lyon \u00e0 l\u2019initiative du Collectif 69 de soutien au peuple palestinien ce samedi 2 ao\u00fbt \u00e0 partir de 15 heures.<\/strong><\/p>\n<p>Alors que la situation humanitaire dans la bande de Gaza se d\u00e9grade, une nouvelle manifestation aura lieu \u00e0 Lyon ce samedi 2 ao\u00fbt. Le collectif 69 donne rendez-vous \u00e0 partir de 15h place de la R\u00e9publique.<\/p>\n<p>La famine fait rage dans la bande de Gaza. Depuis 140 jours, les points de passage sont totalement ferm\u00e9s malgr\u00e9 un accord pr\u00e9alable sur un cessez-le-feu et un \u00e9change de prisonniers qu\u2019Isra\u00ebl n\u2019a pas mis en \u0153uvre. A ce jour, ce sont 134 morts de faim et 100 000 enfants menac\u00e9s de danger imminent de mort.<\/p>\n<p>Le Collectif 69 exige donc un cessez-le-feu imm\u00e9diat et permanent, ainsi que l\u2019arr\u00eat de la colonisation sauvage en Cisjordanie. Le collectif demande \u00e9galement \u00e0 la France l\u2019embargo g\u00e9n\u00e9ral imm\u00e9diat sur toutes les armes et composants, la reconnaissance imm\u00e9diate et sans condition de l\u2019Etat de Palestine, des sanctions contre l\u2019Etat d\u2019Isra\u00ebl, ainsi que la suspension de l\u2019accord d\u2019association UE\/Isra\u00ebl.<\/p>\n","protected":false},"excerpt":{"rendered":"Un nouveau rassemblement pour Gaza se tiendra \u00e0 Lyon \u00e0 l\u2019initiative du Collectif 69 de soutien au peuple&hellip;\n","protected":false},"author":2,"featured_media":292163,"comment_status":"","ping_status":"","sticky":false,"template":"","format":"standard","meta":{"footnotes":""},"categories":[1889],"tags":[1111,11,2813,2190,2430,1109,251,1112,2811,1777,674,118,1011,27,1922,1110,1114,2428,2810,12,241,316,25,2812,517,800],"class_list":{"0":"post-292162","1":"post","2":"type-post","3":"status-publish","4":"format-standard","5":"has-post-thumbnail","7":"category-lyon","8":"tag-actu","9":"tag-actualites","10":"tag-article","11":"tag-asvel","12":"tag-auvergne-rhone-alpes","13":"tag-breves","14":"tag-culture","15":"tag-depeches","16":"tag-economique","17":"tag-eu","18":"tag-europe","19":"tag-faits-divers","20":"tag-fr","21":"tag-france","22":"tag-info","23":"tag-informations","24":"tag-infos","25":"tag-lyon","26":"tag-lyonmag","27":"tag-news","28":"tag-ol","29":"tag-politique","30":"tag-republique-francaise","31":"tag-sociale","32":"tag-sport","33":"tag-transports"},"share_on_mastodon":{"url":"https:\/\/pubeurope.com\/@fr\/114961148949113156","error":""},"_links":{"self":[{"href":"https:\/\/www.europesays.com\/fr\/wp-json\/wp\/v2\/posts\/292162","targetHints":{"allow":["GET"]}}],"collection":[{"href":"https:\/\/www.europesays.com\/fr\/wp-json\/wp\/v2\/posts"}],"about":[{"href":"https:\/\/www.europesays.com\/fr\/wp-json\/wp\/v2\/types\/post"}],"author":[{"embeddable":true,"href":"https:\/\/www.europesays.com\/fr\/wp-json\/wp\/v2\/users\/2"}],"replies":[{"embeddable":true,"href":"https:\/\/www.europesays.com\/fr\/wp-json\/wp\/v2\/comments?post=292162"}],"version-history":[{"count":0,"href":"https:\/\/www.europesays.com\/fr\/wp-json\/wp\/v2\/posts\/292162\/revisions"}],"wp:featuredmedia":[{"embeddable":true,"href":"https:\/\/www.europesays.com\/fr\/wp-json\/wp\/v2\/media\/292163"}],"wp:attachment":[{"href":"https:\/\/www.europesays.com\/fr\/wp-json\/wp\/v2\/media?parent=292162"}],"wp:term":[{"taxonomy":"category","embeddable":true,"href":"https:\/\/www.europesays.com\/fr\/wp-json\/wp\/v2\/categories?post=292162"},{"taxonomy":"post_tag","embeddable":true,"href":"https:\/\/www.europesays.com\/fr\/wp-json\/wp\/v2\/tags?post=292162"}],"curies":[{"name":"wp","href":"https:\/\/api.w.org\/{rel}","templated":true}]}}