{"id":292166,"date":"2025-08-02T20:54:13","date_gmt":"2025-08-02T20:54:13","guid":{"rendered":"https:\/\/www.europesays.com\/fr\/292166\/"},"modified":"2025-08-02T20:54:13","modified_gmt":"2025-08-02T20:54:13","slug":"cette-appli-vous-permet-de-trouver-le-meilleur-velib-autour-de-vous","status":"publish","type":"post","link":"https:\/\/www.europesays.com\/fr\/292166\/","title":{"rendered":"Cette appli vous permet de trouver le meilleur V\u00e9lib\u2019 autour de vous"},"content":{"rendered":"<p>Depuis quelques ann\u00e9es maintenant, le <strong>v\u00e9lo<\/strong> est sans aucun doute devenu <strong>le roi des rues de la capitale<\/strong>. N\u2019en d\u00e9plaise \u00e0 certains. Mais forc\u00e9ment, ce <strong>regain de popularit\u00e9<\/strong> entra\u00eene un certain nombre de <strong>probl\u00e8mes<\/strong>\u00a0: accidents, conflits, <a href=\"https:\/\/www.lebonbon.fr\/paris\/societe\/pourquoi-impossible-accrocher-velo-paris\/\" rel=\"nofollow noopener\" target=\"_blank\"><strong>guerre des places de parking<\/strong><\/a> ou encore <strong>surexploitation<\/strong> des <strong>petites reines en libre-service.<\/strong> Une <strong>popularit\u00e9<\/strong> dont p\u00e2tit particuli\u00e8rement <strong>le syst\u00e8me V\u00e9lib\u2019,<\/strong> qui approche \u00e0 grands pas du<strong> cap des 500 000 abonnements\u2026<\/strong> sans avoir les moyens de <strong>satisfaire tous ses usagers<\/strong>, visiblement. Pour vous aider au quotidien dans votre qu\u00eate, <strong>deux Parisiens<\/strong> ont d\u00e9cid\u00e9 d\u2019allier leurs comp\u00e9tences, afin de <strong>vous soulager un peu.<\/strong><\/p>\n<p>&#13;<br \/>\n<br \/>Un concours de circonstances qu\u2019on ne regrette pas&#13;<\/p>\n<p>Il y a deux ans, <strong>Pierre,<\/strong> fid\u00e8le utilisateur V\u00e9lib\u2019, d\u00e9cide d\u2019utiliser <strong>une faille dans le syst\u00e8me de s\u00e9curit\u00e9 <\/strong>de V\u00e9lib\u2019 pour faciliter chaque matin sa recherche de <strong>v\u00e9lo en \u00e9tat de marche<\/strong>. Pour r\u00e9sumer, pendant 24 mois, il a<strong> traqu\u00e9 chacun des <a href=\"https:\/\/www.lebonbon.fr\/paris\/news\/velib-electriques-gratuits-aout-2025\/\" rel=\"nofollow noopener\" target=\"_blank\">biclous bleus et verts<\/a> <\/strong>pour analyser leur <strong>utilisation,<\/strong> leur vitesse moyenne, leur <strong>temps pass\u00e9 en borne\u2026<\/strong> et ainsi \u00e9tablir une <strong>notation des meilleurs d\u2019entre eux<\/strong>. Une prouesse qu\u2019il a partag\u00e9e <strong>dans une vid\u00e9o publi\u00e9e sur YouTube <\/strong>il y a quelques semaines.<\/p>\n<p>&#13;<\/p>\n<p>&#13;<\/p>\n<p>C\u2019est l\u00e0 que <strong>Thomas<\/strong> entre en jeu. <strong>D\u00e9veloppeur web,<\/strong> celui qui n\u2019utilise V\u00e9lib\u2019 que tr\u00e8s rarement se passionne pour<strong> les donn\u00e9es collect\u00e9es et trait\u00e9es<\/strong> par Pierre, et d\u00e9cide alors de <strong>mettre son savoir-faire en action,<\/strong> en cr\u00e9ant <a href=\"https:\/\/velibest.fr\/\" rel=\"nofollow noopener noreferrer\" target=\"_blank\">Velibest<\/a>, pour le plus grand bonheur de tous. Interrog\u00e9 par<strong> France 3 \u00cele-de-France<\/strong>, il a d\u00e9clar\u00e9\u00a0: \u00ab C\u2019est plut\u00f4t le <strong>c\u00f4t\u00e9 technique<\/strong> qui m\u2019a motiv\u00e9, car il y avait la possibilit\u00e9 de<strong> faire quelque chose qui soit utile<\/strong>. Ce qui a cr\u00e9\u00e9 un engouement, quand je vois <strong>les statistiques de l\u2019utilisation de <a href=\"https:\/\/www.lebonbon.fr\/paris\/news\/cette-appli-permet-trouver-terrasses-parisiennes-ensoleillees\/\" rel=\"nofollow noopener\" target=\"_blank\">l\u2019application<\/a><\/strong>\u00a0\u00bb.<\/p>\n<p>&#13;<br \/>\n<br \/>Un succ\u00e8s sans surprise&#13;<\/p>\n<p>Derri\u00e8re la cr\u00e9ation de cette <strong>web app,<\/strong> une probl\u00e9matique bien r\u00e9elle\u00a0: le <strong>manque de V\u00e9lib\u2019 fonctionnels disponibles<\/strong>. Une v\u00e9ritable <strong>p\u00e9nurie,<\/strong> encore <strong>plus intense<\/strong> depuis le mois de juin, qui s\u2019explique notamment par un <strong>nombre de vols sans pr\u00e9c\u00e9dent de bicyclettes<\/strong>. En effet, selon <strong>Agemob,<\/strong> l\u2019agence en charge de la gestion du groupe, les <strong>d\u00e9lits journaliers<\/strong> sont<strong> trois fois plus importants<\/strong> depuis quelques semaines, avec <strong>plus de 600 v\u00e9los manquants<\/strong> chaque jour, reportant la flotte annonc\u00e9e <strong>de <a href=\"https:\/\/www.lebonbon.fr\/paris\/news\/1000-bornes-velibs-bientot-ajoutees-paris\/\" rel=\"nofollow noopener\" target=\"_blank\">20 000 \u00e0 16 000 <\/a>et quelque.<\/strong><\/p>\n<p>&#13;<\/p>\n<blockquote class=\"twitter-tweet\"><p>&#13;<\/p>\n<p lang=\"fr\" dir=\"ltr\">et je viens de trouver une superbe appli qui s&rsquo;appelle Velibest qui te permets de trouver LE meilleur v\u00e9lib sans y aller \u00e0 la lotterie. Ca fait une semaine que je l&rsquo;utilise et \u00e7a marche de fou furieux. <a href=\"https:\/\/t.co\/uvuKLJ7qOj\" rel=\"nofollow\">https:\/\/t.co\/uvuKLJ7qOj<\/a><\/p>\n<p>&#13;<br \/>\n\u2014 BIG \u03c0 (@remisimoon) <a href=\"https:\/\/twitter.com\/remisimoon\/status\/1950100638391554094?ref_src=twsrc%5Etfw\" rel=\"nofollow noopener\" target=\"_blank\">July 29, 2025<\/a><\/p><\/blockquote>\n<p>&#13;<br \/>\n&#13;<\/p>\n<p>Du coup, forc\u00e9ment, <strong>leur concept est un carton plein<\/strong>, puisque le site permet de <strong>visualiser tous les V\u00e9lib\u2019 disponibles<\/strong> dans l\u2019int\u00e9gralit\u00e9 des stations de la capitale et de ses alentours. Pour chacun, <strong>une note d\u00e9taill\u00e9e<\/strong> est fournie, sp\u00e9cifiant les <strong>derniers trajets<\/strong> effectu\u00e9s, leur <strong>dur\u00e9e,<\/strong> leur <strong>vitesse moyenne,<\/strong> le<strong> <a href=\"https:\/\/www.lebonbon.fr\/paris\/societe\/velos-mecaniques-vs-velos-electriques\/\" rel=\"nofollow noopener\" target=\"_blank\">taux estim\u00e9 de la batterie<\/a> <\/strong>(pour les \u00e9lectriques), g\u00e9n\u00e9rant une <strong>moyenne sur 100.<\/strong> De quoi s\u2019\u00e9viter de <strong>grosses d\u00e9ceptions<\/strong> en arrivant \u00e0 la borne. Et \u00e7a, <strong>on ne peut que valider.<\/strong><\/p>\n<p><script async src=\"https:\/\/platform.twitter.com\/widgets.js\" charset=\"utf-8\"><\/script><\/p>\n","protected":false},"excerpt":{"rendered":"Depuis quelques ann\u00e9es maintenant, le v\u00e9lo est sans aucun doute devenu le roi des rues de la capitale.&hellip;\n","protected":false},"author":2,"featured_media":292167,"comment_status":"","ping_status":"","sticky":false,"template":"","format":"standard","meta":{"footnotes":""},"categories":[1888],"tags":[1111,1928,11,1927,1777,674,1011,27,12,1926,626,1925,25],"class_list":{"0":"post-292166","1":"post","2":"type-post","3":"status-publish","4":"format-standard","5":"has-post-thumbnail","7":"category-paris","8":"tag-actu","9":"tag-actu-paris","10":"tag-actualites","11":"tag-actualites-paris","12":"tag-eu","13":"tag-europe","14":"tag-fr","15":"tag-france","16":"tag-news","17":"tag-news-paris","18":"tag-paris","19":"tag-paris-news","20":"tag-republique-francaise"},"share_on_mastodon":{"url":"https:\/\/pubeurope.com\/@fr\/114961164836184893","error":""},"_links":{"self":[{"href":"https:\/\/www.europesays.com\/fr\/wp-json\/wp\/v2\/posts\/292166","targetHints":{"allow":["GET"]}}],"collection":[{"href":"https:\/\/www.europesays.com\/fr\/wp-json\/wp\/v2\/posts"}],"about":[{"href":"https:\/\/www.europesays.com\/fr\/wp-json\/wp\/v2\/types\/post"}],"author":[{"embeddable":true,"href":"https:\/\/www.europesays.com\/fr\/wp-json\/wp\/v2\/users\/2"}],"replies":[{"embeddable":true,"href":"https:\/\/www.europesays.com\/fr\/wp-json\/wp\/v2\/comments?post=292166"}],"version-history":[{"count":0,"href":"https:\/\/www.europesays.com\/fr\/wp-json\/wp\/v2\/posts\/292166\/revisions"}],"wp:featuredmedia":[{"embeddable":true,"href":"https:\/\/www.europesays.com\/fr\/wp-json\/wp\/v2\/media\/292167"}],"wp:attachment":[{"href":"https:\/\/www.europesays.com\/fr\/wp-json\/wp\/v2\/media?parent=292166"}],"wp:term":[{"taxonomy":"category","embeddable":true,"href":"https:\/\/www.europesays.com\/fr\/wp-json\/wp\/v2\/categories?post=292166"},{"taxonomy":"post_tag","embeddable":true,"href":"https:\/\/www.europesays.com\/fr\/wp-json\/wp\/v2\/tags?post=292166"}],"curies":[{"name":"wp","href":"https:\/\/api.w.org\/{rel}","templated":true}]}}