{"id":292170,"date":"2025-08-02T20:56:13","date_gmt":"2025-08-02T20:56:13","guid":{"rendered":"https:\/\/www.europesays.com\/fr\/292170\/"},"modified":"2025-08-02T20:56:13","modified_gmt":"2025-08-02T20:56:13","slug":"a-paris-une-octogenaire-a-ete-incineree-par-erreur-au-pere-lachaise-la-mairie-deplore-une-erreur-grave","status":"publish","type":"post","link":"https:\/\/www.europesays.com\/fr\/292170\/","title":{"rendered":"\u00c0 Paris, une octog\u00e9naire a \u00e9t\u00e9 incin\u00e9r\u00e9e par erreur au P\u00e8re-Lachaise, la mairie d\u00e9plore une \u00ab erreur grave \u00bb"},"content":{"rendered":"<p>FAIT DIVERS &#8211; Les volont\u00e9s de la famille et de la d\u00e9funte n\u2019ont pas \u00e9t\u00e9 respect\u00e9es. Au lieu d\u2019\u00eatre inhum\u00e9e en Normandie o\u00f9 elle est n\u00e9e, Fran\u00e7oise a \u00e9t\u00e9 <a data-i13n=\"cpos:1;pos:1\" href=\"https:\/\/fr.news.yahoo.com\/pourquoi-co%C3%BBt-cr%C3%A9mations-continue-flamber-102009814.html\" data-ylk=\"slk:incin\u00e9r\u00e9e;cpos:1;pos:1;elm:context_link;itc:0;sec:content-canvas;outcm:mb_qualified_link;_E:mb_qualified_link;ct:story;\" class=\"link  yahoo-link\" rel=\"nofollow noopener\" target=\"_blank\">incin\u00e9r\u00e9e<\/a> par erreur au cr\u00e9matorium du <a data-i13n=\"cpos:2;pos:1\" href=\"https:\/\/fr.news.yahoo.com\/cher-veut-absolument-%C3%AAtre-enterr%C3%A9e-092513286.html\" data-ylk=\"slk:P\u00e8re-Lachaise;cpos:2;pos:1;elm:context_link;itc:0;sec:content-canvas;outcm:mb_qualified_link;_E:mb_qualified_link;ct:story;\" class=\"link  yahoo-link\" rel=\"nofollow noopener\" target=\"_blank\">P\u00e8re-Lachaise<\/a>, a r\u00e9v\u00e9l\u00e9 <a data-i13n=\"cpos:3;pos:1\" href=\"https:\/\/www.leparisien.fr\/faits-divers\/a-paris-une-femme-incineree-par-erreur-quand-il-sen-est-rendu-compte-cetait-trop-tard-02-08-2025-VJNFIS5KFVEUFJPLWSUPQLHVXY.php?ts=1754160576349\" rel=\"nofollow noopener\" target=\"_blank\" data-ylk=\"slk:Le Parisien;cpos:3;pos:1;elm:context_link;itc:0;sec:content-canvas\" class=\"link \">Le Parisien<\/a> ce samedi 2 ao\u00fbt. \u00ab Une s\u00e9rie de fautes \u00bb semblent \u00eatre \u00e0 l\u2019origine de cet incident survenu le 10 juillet et qui a rendu furieux les proches de la retrait\u00e9e parisienne.<\/p>\n<p>Ce jour-l\u00e0 \u00e9taient organis\u00e9es les obs\u00e8ques de la d\u00e9funte de 83 ans, en pr\u00e9sence de sa famille. Le <a data-i13n=\"cpos:4;pos:1\" href=\"https:\/\/fr.news.yahoo.com\/%C3%A0-paris-faux-cercueils-soldats-130656923.html\" data-ylk=\"slk:cercueil;cpos:4;pos:1;elm:context_link;itc:0;sec:content-canvas;outcm:mb_qualified_link;_E:mb_qualified_link;ct:story;\" class=\"link  yahoo-link\" rel=\"nofollow noopener\" target=\"_blank\">cercueil<\/a> de Fran\u00e7oise devait ensuite \u00eatre transport\u00e9 vers la Normandie pour y \u00eatre enterr\u00e9. Mais une premi\u00e8re erreur a perturb\u00e9 le d\u00e9roul\u00e9 de la journ\u00e9e, rapporte le Parisien, selon qui le ma\u00eetre de c\u00e9r\u00e9monie a plac\u00e9 le cercueil \u00ab dans un lieu qui n\u2019\u00e9tait manifestement pas le bon \u00bb.<\/p>\n<p><a data-i13n=\"cpos:5;pos:1\" href=\"https:\/\/fr.news.yahoo.com\/cimeti%C3%A8res-lyonnais-tarification-sociale-rendre-100309393.html\" data-ylk=\"slk:Dans les cimeti\u00e8res lyonnais, une \u00ab tarification sociale \u00bb pour rendre les s\u00e9pultures accessibles;cpos:5;pos:1;elm:context_link;itc:0;sec:content-canvas;outcm:mb_qualified_link;_E:mb_qualified_link;ct:story;\" class=\"link  yahoo-link\" rel=\"nofollow noopener\" target=\"_blank\">Dans les cimeti\u00e8res lyonnais, une \u00ab tarification sociale \u00bb pour rendre les s\u00e9pultures accessibles <\/a><\/p>\n<p>Il s\u2019est ensuivi une autre erreur, irr\u00e9versible cette fois-ci, puisqu\u2019un des m\u00e9caniciens du four cr\u00e9matoire a dirig\u00e9 la d\u00e9pouille de la retrait\u00e9e vers les fours et non pas vers le corbillard. Cet homme \u00ab n\u2019aurait pas proc\u00e9d\u00e9 aux v\u00e9rifications d\u2019usage \u00bb d\u2019apr\u00e8s les \u00e9l\u00e9ments recueillis par le journal francilien. Xavier Thoumieux, le cofondateur de Funecap, la soci\u00e9t\u00e9 exploitante du cr\u00e9matorium, assure de son c\u00f4t\u00e9 que le salari\u00e9 a \u00ab manqu\u00e9 \u00bb deux des \u00ab proc\u00e9dures strictes \u00bb en vigueur.<\/p>\n<p>Paris lance une \u00ab mission d\u2019enqu\u00eate \u00bb sur les causes de l\u2019incident<\/p>\n<p>\u00ab Il s\u2019est rendu compte de son erreur une minute apr\u00e8s avoir plac\u00e9 le cercueil dans le four, mais c\u2019\u00e9tait trop tard : la porte ne pouvait plus s\u2019ouvrir\u2026 \u00bb, a-t-il expliqu\u00e9 au Parisien, rappelant qu\u2019une erreur de ce type, si elle est \u00ab extr\u00eamement regrettable \u00bb, reste rarissime et ne s\u2019est jamais produite dans les cr\u00e9matoriums g\u00e9r\u00e9s par Funecap. \u00ab Tr\u00e8s affect\u00e9 \u00bb, le technicien des fours cr\u00e9matoires \u00e0 l\u2019origine de l\u2019erreur a \u00e9t\u00e9 mis en arr\u00eat et fait l\u2019objet d\u2019une proc\u00e9dure disciplinaire.<\/p>\n<p>La Ville de Paris, tr\u00e8s remont\u00e9e et propri\u00e9taire de l\u2019\u00e9tablissement fun\u00e9raire, a confirm\u00e9 l\u2019incident et d\u00e9nonc\u00e9 la \u00ab particuli\u00e8re gravit\u00e9 \u00bb de l\u2019erreur du salari\u00e9, qui a agi \u00ab en contradiction manifeste avec les proc\u00e9dures en vigueur \u00bb. La municipalit\u00e9 parisienne, qui se dit \u00ab pr\u00eate \u00e0 se constituer partie civile dans l\u2019hypoth\u00e8se o\u00f9 des suites judiciaires seraient engag\u00e9es \u00bb, a d\u2019ores et d\u00e9j\u00e0 indiqu\u00e9 qu\u2019une \u00ab mission d\u2019enqu\u00eate \u00bb \u00e9tait engag\u00e9e afin \u00ab d\u2019identifier les \u00e9ventuels manquements ou d\u00e9faillances organisationnelles \u00bb.<\/p>\n<p><a data-i13n=\"cpos:6;pos:1\" href=\"https:\/\/fr.news.yahoo.com\/mari-l-actrice-c%C3%A9saris%C3%A9e-kenza-125155200.html\" data-ylk=\"slk:Le mari de l\u2019actrice c\u00e9saris\u00e9e Kenza Fortas tu\u00e9 par balles \u00e0 Marseille, une enqu\u00eate ouverte;cpos:6;pos:1;elm:context_link;itc:0;sec:content-canvas;outcm:mb_qualified_link;_E:mb_qualified_link;ct:story;\" class=\"link  yahoo-link\" rel=\"nofollow noopener\" target=\"_blank\">Le mari de l\u2019actrice c\u00e9saris\u00e9e Kenza Fortas tu\u00e9 par balles \u00e0 Marseille, une enqu\u00eate ouverte <\/a><\/p>\n<p><a data-i13n=\"cpos:7;pos:1\" href=\"https:\/\/fr.news.yahoo.com\/accident-mortel-lors-d-irm-195416501.html\" data-ylk=\"slk:Cet accident mortel lors d\u2019une IRM va donner des sueurs froides \u00e0 ceux qui ont vu \u00ab Destination Finale \u00bb;cpos:7;pos:1;elm:context_link;itc:0;sec:content-canvas;outcm:mb_qualified_link;_E:mb_qualified_link;ct:story;\" class=\"link  yahoo-link\" rel=\"nofollow noopener\" target=\"_blank\">Cet accident mortel lors d\u2019une IRM va donner des sueurs froides \u00e0 ceux qui ont vu \u00ab Destination Finale \u00bb <\/a><\/p>\n","protected":false},"excerpt":{"rendered":"FAIT DIVERS &#8211; Les volont\u00e9s de la famille et de la d\u00e9funte n\u2019ont pas \u00e9t\u00e9 respect\u00e9es. Au lieu&hellip;\n","protected":false},"author":2,"featured_media":292171,"comment_status":"","ping_status":"","sticky":false,"template":"","format":"standard","meta":{"footnotes":""},"categories":[1888],"tags":[11,2883,1777,674,1011,27,43231,5553,12,626,25],"class_list":{"0":"post-292170","1":"post","2":"type-post","3":"status-publish","4":"format-standard","5":"has-post-thumbnail","7":"category-paris","8":"tag-actualites","9":"tag-ete","10":"tag-eu","11":"tag-europe","12":"tag-fr","13":"tag-france","14":"tag-la-defunte","15":"tag-le-parisien","16":"tag-news","17":"tag-paris","18":"tag-republique-francaise"},"share_on_mastodon":{"url":"https:\/\/pubeurope.com\/@fr\/114961172585089865","error":""},"_links":{"self":[{"href":"https:\/\/www.europesays.com\/fr\/wp-json\/wp\/v2\/posts\/292170","targetHints":{"allow":["GET"]}}],"collection":[{"href":"https:\/\/www.europesays.com\/fr\/wp-json\/wp\/v2\/posts"}],"about":[{"href":"https:\/\/www.europesays.com\/fr\/wp-json\/wp\/v2\/types\/post"}],"author":[{"embeddable":true,"href":"https:\/\/www.europesays.com\/fr\/wp-json\/wp\/v2\/users\/2"}],"replies":[{"embeddable":true,"href":"https:\/\/www.europesays.com\/fr\/wp-json\/wp\/v2\/comments?post=292170"}],"version-history":[{"count":0,"href":"https:\/\/www.europesays.com\/fr\/wp-json\/wp\/v2\/posts\/292170\/revisions"}],"wp:featuredmedia":[{"embeddable":true,"href":"https:\/\/www.europesays.com\/fr\/wp-json\/wp\/v2\/media\/292171"}],"wp:attachment":[{"href":"https:\/\/www.europesays.com\/fr\/wp-json\/wp\/v2\/media?parent=292170"}],"wp:term":[{"taxonomy":"category","embeddable":true,"href":"https:\/\/www.europesays.com\/fr\/wp-json\/wp\/v2\/categories?post=292170"},{"taxonomy":"post_tag","embeddable":true,"href":"https:\/\/www.europesays.com\/fr\/wp-json\/wp\/v2\/tags?post=292170"}],"curies":[{"name":"wp","href":"https:\/\/api.w.org\/{rel}","templated":true}]}}