{"id":292172,"date":"2025-08-02T20:57:09","date_gmt":"2025-08-02T20:57:09","guid":{"rendered":"https:\/\/www.europesays.com\/fr\/292172\/"},"modified":"2025-08-02T20:57:09","modified_gmt":"2025-08-02T20:57:09","slug":"lukraine-affirme-avoir-frappe-des-cibles-militaires-et-energetiques-en-russie","status":"publish","type":"post","link":"https:\/\/www.europesays.com\/fr\/292172\/","title":{"rendered":"L\u2019Ukraine affirme avoir frapp\u00e9 des cibles militaires et \u00e9nerg\u00e9tiques en Russie"},"content":{"rendered":"<p>\u00c0 l\u2019aide de drones longue port\u00e9e, les\u00a0<br \/>services de s\u00e9curit\u00e9 ukrainiens (SBU) auraient touch\u00e9 l\u2019a\u00e9rodrome militaire de Primorsko-Akhtarsk, dans la r\u00e9gion de Krasnodar, au sud-ouest de la Russie.<\/p>\n<p class=\"fig-paragraph\">Jour apr\u00e8s jour, la\u00a0<a href=\"http:\/\/www.lefigaro.fr\/international\/guerre-en-ukraine-trois-morts-en-russie-dans-des-frappes-de-drones-ukrainiennes-20250802\" data-fig-type=\"NewsFlash\" data-gtm-custom-categorie=\"navigation\" data-gtm-custom-action=\"crossclick\" data-gtm-custom-label=\"Contextuel\" data-gtm-event=\"customEventSPE\" data-fig-domain=\"LEFIGARO\" target=\"_blank\" rel=\"noopener\">guerre des drones<\/a>\u00a0s\u2019intensifie. Dans la nuit de vendredi \u00e0 samedi, l\u2019Ukraine affirme avoir men\u00e9 des frappes contre des cibles militaires et un gazoduc en Russie. De leur c\u00f4t\u00e9, les autorit\u00e9s russes ont fait \u00e9tat de trois morts \u00e0 cause d&rsquo;attaques ukrainiennes.<\/p>\n<p class=\"fig-paragraph\">Selon les services de s\u00e9curit\u00e9 ukrainiens (SBU), des drones longue port\u00e9e ont \u00e9t\u00e9 utilis\u00e9s pour viser l&rsquo;a\u00e9rodrome militaire de Primorsko-Akhtarsk, dans la r\u00e9gion de Krasnodar (sud-ouest de la Russie). Ces attaques auraient provoqu\u00e9 un incendie sur le site o\u00f9 sont stock\u00e9s des drones Shahed de fabrication iranienne, utilis\u00e9s par la Russie pour attaquer le territoire ukrainien. Le SBU a \u00e9galement dit avoir touch\u00e9 l&rsquo;entreprise Elektropribor, dans la r\u00e9gion de Penza (sud du pays), qui \u00abtravaille pour le complexe militaro-industriel russe\u00bb.<\/p>\n<p class=\"fig-body-link\">\n            \u00c0 lire aussi<br \/>\n        <a class=\"fig-body-link__link fig-premium-mark\" href=\"http:\/\/www.lefigaro.fr\/international\/comment-dmitri-medvedev-l-ex-president-russe-devenu-aboyeur-du-parti-de-la-guerre-a-fini-par-faire-sortir-donald-trump-de-ses-gonds-20250802\" data-fig-type=\"Article\" data-gtm-custom-categorie=\"navigation\" data-gtm-custom-action=\"crossclick\" data-gtm-custom-label=\"Contextuel\" data-gtm-event=\"customEventSPE\" data-fig-domain=\"LEFIGARO\" target=\"_blank\" rel=\"noopener\">Comment Dmitri Medvedev, l\u2019ex-pr\u00e9sident russe devenu aboyeur du \u00abParti de la guerre\u00bb a fini par faire sortir Donald Trump de ses gonds<br \/>\n    <\/a>\n<\/p>\n<p>                                    <a class=\"fig-a11y-skip a11y-hidden\" href=\"#fig-a11y-skip-main-inarticle\"><br \/>\n        Passer la publicit\u00e9<br \/>\n    <\/a><\/p>\n<p class=\"fig-paragraph\">Dans la r\u00e9gion de Penza, \u00abt\u00f4t ce matin, les drones de l&rsquo;ennemi ont une fois de plus attaqu\u00e9 une entreprise\u00bb, a confirm\u00e9 le gouverneur russe Oleg Melnitchenko. \u00abMalheureusement, une femme est morte. Deux autres personnes ont \u00e9t\u00e9 bless\u00e9es\u00bb mais \u00ableurs jours ne sont pas en danger\u00bb, a-t-il ajout\u00e9. Fait rare, une des victimes, \u00abun homme \u00e2g\u00e9\u00bb, a \u00e9t\u00e9 recens\u00e9e dans la r\u00e9gion de Samara, sur la Volga, \u00e0 environ 800 kilom\u00e8tres de la fronti\u00e8re ukrainienne, selon le gouverneur r\u00e9gional Viatcheslav Fedorichtchev. \u00abIl se trouvait \u00e0 l&rsquo;int\u00e9rieur d&rsquo;une maison qui a pris feu en raison de la chute de d\u00e9bris de drones\u00bb, a-t-il pr\u00e9cis\u00e9 sur Telegram.<\/p>\n<p class=\"fig-paragraph\">Dans la r\u00e9gion de Rostov, frontali\u00e8re de l&rsquo;Ukraine, \u00abl&rsquo;arm\u00e9e a repouss\u00e9 une attaque massive dans la nuit, d\u00e9truisant des drones\u00bb au-dessus de plusieurs villes, a quant \u00e0 lui affirm\u00e9 le gouverneur Iouri Slioussar sur Telegram. \u00abDans le village d&rsquo;Ouglerodovski, dans le district de Krasnosoulinski, un incendie a \u00e9clat\u00e9 dans un des b\u00e2timents d&rsquo;un site industriel\u00bb, a-t-il ajout\u00e9, pr\u00e9cisant qu&rsquo;\u00abun employ\u00e9 gardant le site \u00e9tait mort\u00bb.<\/p>\n<p>Record de drones russes<\/p>\n<p class=\"fig-paragraph\">L&rsquo;arm\u00e9e russe a de son c\u00f4t\u00e9 affirm\u00e9 avoir intercept\u00e9 au total 112 drones tir\u00e9s par l&rsquo;Ukraine pendant la nuit. Les forces arm\u00e9es russes n&rsquo;ont par ailleurs jamais lanc\u00e9 autant de drones contre l&rsquo;Ukraine qu&rsquo;en juillet (6.297), selon une analyse de l&rsquo;AFP publi\u00e9e vendredi. Cela comprend une importante part de drones leurres destin\u00e9s \u00e0 saturer les syst\u00e8mes de d\u00e9fense antia\u00e9rienne ukrainiens.<\/p>\n<p class=\"fig-paragraph\">Une source au sein du renseignement militaire ukrainien (GUR) a indiqu\u00e9 \u00e0 l&rsquo;AFP qu&rsquo;une attaque ukrainienne avait \u00abendommag\u00e9\u00bb le gazoduc Asie Centrale-Centre, dans la r\u00e9gion russe de Volgograd. Cette infrastructure, op\u00e9r\u00e9e par le g\u00e9ant russe Gazprom, transporte du gaz naturel depuis le Turkm\u00e9nistan, une ex-r\u00e9publique sovi\u00e9tique d&rsquo;Asie centrale.<\/p>\n<p class=\"fig-paragraph\">Le Kremlin<a href=\"http:\/\/www.lefigaro.fr\/international\/decu-par-poutine-trump-veut-reduire-le-delai-de-50-jours-pour-cesser-la-guerre-en-ukraine-20250728\" data-fig-type=\"NewsFlash\" data-gtm-custom-categorie=\"navigation\" data-gtm-custom-action=\"crossclick\" data-gtm-custom-label=\"Contextuel\" data-gtm-event=\"customEventSPE\" data-fig-domain=\"LEFIGARO\" target=\"_blank\" rel=\"noopener\">\u00a0rejette l&rsquo;id\u00e9e d&rsquo;un cessez-le-feu durable<\/a>\u00a0en Ukraine, qu&rsquo;il voit comme un cadeau fait aux troupes de Kiev, malgr\u00e9 la frustration exprim\u00e9e par Donald Trump face \u00e0 ce refus. L&rsquo;Ukraine r\u00e9clame de son c\u00f4t\u00e9 des syst\u00e8mes de d\u00e9fense antia\u00e9rienne \u00e0 ses alli\u00e9s europ\u00e9ens et esp\u00e8re en particulier pouvoir obtenir des batteries am\u00e9ricaines Patriot, notamment promises par l&rsquo;Allemagne. Vendredi, le pr\u00e9sident am\u00e9ricain a ordonn\u00e9 le d\u00e9ploiement de deux sous-marins nucl\u00e9aires en r\u00e9action \u00e0 des commentaires de l&rsquo;ancien pr\u00e9sident russe\u00a0<a href=\"http:\/\/www.lefigaro.fr\/international\/quels-propos-de-dmitri-medvedev-ont-incite-donald-trump-a-deployer-deux-sous-marins-nucleaires-20250802\" data-fig-type=\"Article\" data-gtm-custom-categorie=\"navigation\" data-gtm-custom-action=\"crossclick\" data-gtm-custom-label=\"Contextuel\" data-gtm-event=\"customEventSPE\" data-fig-domain=\"LEFIGARO\" target=\"_blank\" rel=\"noopener\">Dmitri Medvedev<\/a>, actuel n\u00b02 du Conseil de s\u00e9curit\u00e9 russe, qui avait agit\u00e9 la menace d&rsquo;une guerre nucl\u00e9aire face aux ultimatums am\u00e9ricains.<\/p>\n","protected":false},"excerpt":{"rendered":"\u00c0 l\u2019aide de drones longue port\u00e9e, les\u00a0services de s\u00e9curit\u00e9 ukrainiens (SBU) auraient touch\u00e9 l\u2019a\u00e9rodrome militaire de Primorsko-Akhtarsk, dans&hellip;\n","protected":false},"author":2,"featured_media":292173,"comment_status":"","ping_status":"","sticky":false,"template":"","format":"standard","meta":{"footnotes":""},"categories":[1591],"tags":[11,1887,131,12,1885,1886,132],"class_list":{"0":"post-292172","1":"post","2":"type-post","3":"status-publish","4":"format-standard","5":"has-post-thumbnail","7":"category-russie","8":"tag-actualites","9":"tag-federation-de-russie","10":"tag-guerre-en-ukraine","11":"tag-news","12":"tag-russia","13":"tag-russian-federation","14":"tag-russie"},"share_on_mastodon":{"url":"https:\/\/pubeurope.com\/@fr\/114961176520316519","error":""},"_links":{"self":[{"href":"https:\/\/www.europesays.com\/fr\/wp-json\/wp\/v2\/posts\/292172","targetHints":{"allow":["GET"]}}],"collection":[{"href":"https:\/\/www.europesays.com\/fr\/wp-json\/wp\/v2\/posts"}],"about":[{"href":"https:\/\/www.europesays.com\/fr\/wp-json\/wp\/v2\/types\/post"}],"author":[{"embeddable":true,"href":"https:\/\/www.europesays.com\/fr\/wp-json\/wp\/v2\/users\/2"}],"replies":[{"embeddable":true,"href":"https:\/\/www.europesays.com\/fr\/wp-json\/wp\/v2\/comments?post=292172"}],"version-history":[{"count":0,"href":"https:\/\/www.europesays.com\/fr\/wp-json\/wp\/v2\/posts\/292172\/revisions"}],"wp:featuredmedia":[{"embeddable":true,"href":"https:\/\/www.europesays.com\/fr\/wp-json\/wp\/v2\/media\/292173"}],"wp:attachment":[{"href":"https:\/\/www.europesays.com\/fr\/wp-json\/wp\/v2\/media?parent=292172"}],"wp:term":[{"taxonomy":"category","embeddable":true,"href":"https:\/\/www.europesays.com\/fr\/wp-json\/wp\/v2\/categories?post=292172"},{"taxonomy":"post_tag","embeddable":true,"href":"https:\/\/www.europesays.com\/fr\/wp-json\/wp\/v2\/tags?post=292172"}],"curies":[{"name":"wp","href":"https:\/\/api.w.org\/{rel}","templated":true}]}}