{"id":292176,"date":"2025-08-02T20:59:19","date_gmt":"2025-08-02T20:59:19","guid":{"rendered":"https:\/\/www.europesays.com\/fr\/292176\/"},"modified":"2025-08-02T20:59:19","modified_gmt":"2025-08-02T20:59:19","slug":"etats-unis-donald-trump-ordonne-lenvoi-de-deux-sous-marins-nucleaires-en-reponse-a-des-commentaires-provocateurs-russes-rtl-fr","status":"publish","type":"post","link":"https:\/\/www.europesays.com\/fr\/292176\/","title":{"rendered":"\u00c9tats-Unis : Donald Trump ordonne l&#039;envoi de deux sous-marins nucl\u00e9aires en r\u00e9ponse \u00e0 des commentaires &quot;provocateurs&quot; russes &#8211; RTL.fr"},"content":{"rendered":"<ol>\n<li><a href=\"https:\/\/news.google.com\/rss\/articles\/CBMi_gFBVV95cUxNbk85WFRPdkxVUGNpa3VobXlFckxtZlpKdGFsb1NJMkpRNlpfejl5MjZIMmFwZ0N4akJRSlVwOTh6N1FUTlFndWM3cUNFSVN1dGZBUlNsc29FazM4UkxEVGZmVHdtajJXRWxDbUpkN2dzU05ESTVqWnQ1VXl1RXR6MWdYVnh6c21pbGo5M0g1MWtHa0M2d0FsLTIzWWY3NGdWV1liX1BBUWtSam5MaWpxcnBtR3NsN01kTGxhTmZRRTNKbHcxMXFzclM3d3dmSEpFRW1SZzBWb2l0VmhNV2hveW9wRjFKVXlJTTctd2VHalY5VFNMRUM4b0hhLWd4QQ?oc=5\" target=\"_blank\" rel=\"nofollow noopener\">\u00c9tats-Unis : Donald Trump ordonne l&rsquo;envoi de deux sous-marins nucl\u00e9aires en r\u00e9ponse \u00e0 des commentaires \u00ab\u00a0provocateurs\u00a0\u00bb russes<\/a>&nbsp;&nbsp;RTL.fr<\/li>\n<li><a href=\"https:\/\/news.google.com\/rss\/articles\/CBMihAJBVV95cUxQcXVzUzFTNTZTNUtfQWt1bWI3cUh3NldEaUJLQmJCV09ackhOdEYwYVRCN1RJQWozVHdVVTBKQ19iSEktMWlRVEc3cXRmOEpqNS1wU1lNOUdJeHZvRGg2U1AwdFJsU0ZickZGN1BnbHRtRkVpZ25zdFNBN0lvLVpPenlhVmtLc09lNjFPVEVYSTRXMFhndmFzdXVrWk1ZUHRmTEs3aURKVjVHdnpTVEt1T05JYlJPOURNMW9aVnh5U0FIa0NzOGV6ckNieW8yXzZMZUFhZnR0UVVzZVdQOUtfQ3ctNWRtd0VudmpYdnlGTkw0TmY5aHB6eFVHQWVUX3R6ZUJuWQ?oc=5\" target=\"_blank\" rel=\"nofollow noopener\">\u00ab\u00a0Trouillard zoologique\u00a0\u00bb, \u00ab\u00a0clown coca\u00efn\u00e9\u00a0\u00bb&#8230; Dmitri Medvedev, l&rsquo;ancien pr\u00e9sident russe devenu roi de la provocation<\/a>&nbsp;&nbsp;BFMTV<\/li>\n<li><a href=\"https:\/\/news.google.com\/rss\/articles\/CBMilAJBVV95cUxQZ3BRR1ZRWkZjQnVrSkcxaDF0RFRQZFNwWTltSnBjWGwxZlcyT2NhdUMzdnFIdjVpRDd5NmtVSU1sLWVURjJtaEhjQV8yMWphUGNYNlFTVFVXSVNKeFF3ekN1RFhod09fNERrMEhHRkFzckJPRnBWZkdCc2hWMVZWNTlfaFllQUUyMlBkT09PM094N0VlajdCTENXVWpkczhldktMdkNSSUpVb01ENVFNRXptaFdIWURTM0kwQ0Zfa0JxYklFTC12TkZVWGFhMW5lZ2N2TFVTWXNENGJqUXJiRm95ZkNDYnF2Q0RvQUVtUjZhUjIzQ3JfX1dTTlo2bWgxVFFnZ2FtRUk3OUpleUNDWWt0YjE?oc=5\" target=\"_blank\" rel=\"nofollow noopener\">D\u00e9ploiement de sous-marins nucl\u00e9aires : les trois sc\u00e9narios derri\u00e8re l\u2019annonce de Donald Trump<\/a>&nbsp;&nbsp;Ouest-France<\/li>\n<li><a href=\"https:\/\/news.google.com\/rss\/articles\/CBMi7AFBVV95cUxPbDZ4WUZpYzdOenhKdmI3VlVmVE90TmVpamdVLTFqb01OeHhNd29NZlJmQU56Y3E0eGNPM3JzTFFkdHlWaTAxSS1uS2g4OGdzNUVFUnlKQk1kdjJ6bENhYWVnWlRsOGtjMngxbV8yTDg4b3hFQ19iVXB1ODNUbVVVMnJGdHFCWnhlaU5XdFhFcTB5NFlfRXp1dTg1RlN5RnI5WnFTbF9BWlBieTI4QV8tdzFPNVJ0MHJKQ3FLQk16VzRJQ3RoYnZPRkFaRjRKQndHb1NjQ2J2cmVmSk9weWhrMVZMQzdETUMteHdJcA?oc=5\" target=\"_blank\" rel=\"nofollow noopener\">\u00ab Main morte \u00bb : comment la Russie se garantit une riposte nucl\u00e9aire automatique<\/a>&nbsp;&nbsp;Le Parisien<\/li>\n<li><a href=\"https:\/\/news.google.com\/rss\/articles\/CBMiwwFBVV95cUxPRC05bk1FNEhQX3EyLUpOX09iQ0c1d2xoeGJZZVAxbmhQMHdscFo4dmZxcjdmdTh2aDV2NXExQ3ptY21lblpkcF9kZTEzWVRqd2lqMnpCRVRROVRWbWNoUlN6LWRYREFWSDlTMjM4MEJPbWtpOUtPQ0lvSGU2R0EtNHdsa25nNFZ4ODl0N3FKV3RBYTVOWkdTZ0J4bENSTHAyQW15MFlnMTM2N19HQ0lXejhYLWtYOU52NWoyWjdJNWpadEE?oc=5\" target=\"_blank\" rel=\"nofollow noopener\">Guerre en Ukraine : Pourquoi Trump d\u00e9ploie deux sous-marins nucl\u00e9aires pr\u00e8s de la Russie ?<\/a>&nbsp;&nbsp;20 Minutes<\/li>\n<\/ol>\n","protected":false},"excerpt":{"rendered":"\u00c9tats-Unis : Donald Trump ordonne l&rsquo;envoi de deux sous-marins nucl\u00e9aires en r\u00e9ponse \u00e0 des commentaires \u00ab\u00a0provocateurs\u00a0\u00bb russes&nbsp;&nbsp;RTL.fr \u00ab\u00a0Trouillard&hellip;\n","protected":false},"author":2,"featured_media":1445,"comment_status":"","ping_status":"","sticky":false,"template":"","format":"standard","meta":{"footnotes":""},"categories":[1589],"tags":[11,73,1866,12,1864,1865,1863,308],"class_list":{"0":"post-292176","1":"post","2":"type-post","3":"status-publish","4":"format-standard","5":"has-post-thumbnail","7":"category-etats-unis","8":"tag-actualites","9":"tag-etats-unis","10":"tag-etats-unis-damerique","11":"tag-news","12":"tag-united-states","13":"tag-united-states-of-america","14":"tag-us","15":"tag-usa"},"share_on_mastodon":{"url":"https:\/\/pubeurope.com\/@fr\/114961184428229020","error":""},"_links":{"self":[{"href":"https:\/\/www.europesays.com\/fr\/wp-json\/wp\/v2\/posts\/292176","targetHints":{"allow":["GET"]}}],"collection":[{"href":"https:\/\/www.europesays.com\/fr\/wp-json\/wp\/v2\/posts"}],"about":[{"href":"https:\/\/www.europesays.com\/fr\/wp-json\/wp\/v2\/types\/post"}],"author":[{"embeddable":true,"href":"https:\/\/www.europesays.com\/fr\/wp-json\/wp\/v2\/users\/2"}],"replies":[{"embeddable":true,"href":"https:\/\/www.europesays.com\/fr\/wp-json\/wp\/v2\/comments?post=292176"}],"version-history":[{"count":0,"href":"https:\/\/www.europesays.com\/fr\/wp-json\/wp\/v2\/posts\/292176\/revisions"}],"wp:featuredmedia":[{"embeddable":true,"href":"https:\/\/www.europesays.com\/fr\/wp-json\/wp\/v2\/media\/1445"}],"wp:attachment":[{"href":"https:\/\/www.europesays.com\/fr\/wp-json\/wp\/v2\/media?parent=292176"}],"wp:term":[{"taxonomy":"category","embeddable":true,"href":"https:\/\/www.europesays.com\/fr\/wp-json\/wp\/v2\/categories?post=292176"},{"taxonomy":"post_tag","embeddable":true,"href":"https:\/\/www.europesays.com\/fr\/wp-json\/wp\/v2\/tags?post=292176"}],"curies":[{"name":"wp","href":"https:\/\/api.w.org\/{rel}","templated":true}]}}