{"id":292177,"date":"2025-08-02T21:00:12","date_gmt":"2025-08-02T21:00:12","guid":{"rendered":"https:\/\/www.europesays.com\/fr\/292177\/"},"modified":"2025-08-02T21:00:12","modified_gmt":"2025-08-02T21:00:12","slug":"de-nouveaux-affrontements-lors-de-manifestations-anti-migrants","status":"publish","type":"post","link":"https:\/\/www.europesays.com\/fr\/292177\/","title":{"rendered":"de nouveaux affrontements lors de manifestations anti-migrants"},"content":{"rendered":"<p>\u00c0 Londres et \u00e0 Manchester, manifestants et contre-manifestants se sont de nouveau affront\u00e9s, deux semaines apr\u00e8s la mise en examen d\u2019un demandeur d\u2019asile pour agression sexuelle.<\/p>\n<p class=\"fig-paragraph\">De nouveau, la population britannique s\u2019affronte au sujet de\u00a0<a href=\"http:\/\/www.lefigaro.fr\/international\/renvoyez-les-chez-eux-nouvelles-tensions-en-angleterre-lors-d-un-rassemblement-devant-un-hotel-hebergeant-des-demandeurs-d-asile-20250721\" data-fig-type=\"NewsFlash\" data-gtm-custom-categorie=\"navigation\" data-gtm-custom-action=\"crossclick\" data-gtm-custom-label=\"Contextuel\" data-gtm-event=\"customEventSPE\" data-fig-domain=\"LEFIGARO\" rel=\"nofollow noopener\" target=\"_blank\">ses immigr\u00e9s<\/a>. Lors d\u2019une marche organis\u00e9e par la formation d\u2019ultra-droite \u00abBritain First\u00bb (La Grande-Bretagne d\u2019abord) samedi 2 ao\u00fbt \u00e0 Manchester, des heurts ont \u00e9clat\u00e9, poussant la police \u00e0 proc\u00e9der \u00e0 des arrestations.<\/p>\n<p class=\"fig-paragraph\">Alors que des manifestants s\u2019\u00e9taient d\u00e9plac\u00e9s pour appeler \u00e0 une \u00ab<a href=\"https:\/\/www.lefigaro.fr\/langue-francaise\/actu-des-mots\/qu-est-ce-que-la-remigration-defendue-par-eric-zemmour-20220323\" data-fig-type=\"Article\" data-gtm-custom-categorie=\"navigation\" data-gtm-custom-action=\"crossclick\" data-gtm-custom-label=\"Contextuel\" data-gtm-event=\"customEventSPE\" data-fig-domain=\"LEFIGARO\" rel=\"nofollow noopener\" target=\"_blank\">remigration<\/a> \u00bb massive, deux semaines apr\u00e8s qu\u2019un demandeur d\u2019asile \u00e9thiopien de 38 ans a \u00e9t\u00e9 mis en examen, soup\u00e7onn\u00e9 d\u2019avoir tent\u00e9 d\u2019embrasser une adolescente de 14 ans (ce qu\u2019il nie), des groupes de militants antiracistes sont de leur c\u00f4t\u00e9 venus dire leur opposition. Les deux groupes se sont affront\u00e9s bri\u00e8vement au d\u00e9but de la manifestation avant que la police ne les s\u00e9pare, selon un journaliste de l\u2019AFP qui se trouvait sur les lieux.<\/p>\n<p class=\"fig-body-link\">\n            \u00c0 lire aussi<br \/>\n        <a class=\"fig-body-link__link\" href=\"http:\/\/www.lefigaro.fr\/international\/royaume-uni-une-etude-avance-qu-une-majorite-de-la-population-britannique-sera-issue-de-l-immigration-d-ici-2063-20250604\" data-fig-type=\"Article\" data-gtm-custom-categorie=\"navigation\" data-gtm-custom-action=\"crossclick\" data-gtm-custom-label=\"Contextuel\" data-gtm-event=\"customEventSPE\" data-fig-domain=\"LEFIGARO\" rel=\"nofollow noopener\" target=\"_blank\">Royaume-Uni\u00a0: une \u00e9tude avance qu\u2019une majorit\u00e9 de la population britannique sera issue de l\u2019immigration d\u2019ici 2063<br \/>\n    <\/a>\n<\/p>\n<p>                                    <a class=\"fig-a11y-skip a11y-hidden\" href=\"#fig-a11y-skip-main-inarticle\"><br \/>\n        Passer la publicit\u00e9<br \/>\n    <\/a><\/p>\n<p class=\"fig-paragraph\">\u00abC\u2019est une marche pour la re-migration\u00bb, a expos\u00e9 Brendan O\u2019Reilly, un manifestant de 66 ans. \u00abRenvoyez-les d\u2019o\u00f9 ils viennent, ne les laissez pas entrer &#8211; emp\u00eachez-les simplement d\u2019arriver, nous avons des h\u00f4tels pleins de migrants et nous avons nos propres sans-abri qui sont dehors dans la rue, mendiant de la nourriture et sans h\u00e9bergement\u00bb, a-t-il ajout\u00e9. Judy, une contre-manifestante de 60 ans, infirmi\u00e8re \u00e0 la retraite, a de son c\u00f4t\u00e9 dit \u00e0 l\u2019AFP \u00eatre l\u00e0 parce qu\u2019elle \u00abrefuse de voir des gens pleins de haine dans les rues de Manchester\u00bb. \u00abVeulent-ils que tout le monde s\u2019en aille ou est-ce seulement les gens de couleur? Je suspecte que ce sont juste les gens de couleurs qu\u2019ils veulent voir re-migrer\u00bb, a-t-elle ajout\u00e9.<\/p>\n<p>\u00c9pouvantail de l\u2019\u00e9t\u00e9 2024<\/p>\n<p class=\"fig-paragraph\">\u00c0 Londres, manifestants et contre-manifestants ont converg\u00e9 vers un h\u00f4tel h\u00e9bergeant des demandeurs d&rsquo;asile en centre-ville, comme lors de manifestations pr\u00e9c\u00e9dentes qui avaient parfois donn\u00e9 lieu \u00e0 des violences. L\u00e0 aussi, des heurts ont \u00e9clat\u00e9 avant que la police n\u2019intervienne. Dans un post publi\u00e9 sur le r\u00e9seau social X (ex-Twitter), la police londonienne a \u00e9crit que ses agents avaient d\u00e9gag\u00e9 un carrefour o\u00f9 les contre-manifestants s&rsquo;\u00e9taient group\u00e9s. \u00abIl y a eu neuf interpellations pour l&rsquo;instant, dont sept pour atteinte \u00e0 l&rsquo;ordre public\u00bb, a-t-elle pr\u00e9cis\u00e9.<\/p>\n<p class=\"fig-paragraph\">Plusieurs incidents se sont produits ces derni\u00e8res semaines dans le cadre de ces mobilisations, pour la plupart dans le quartier londonien d&rsquo;Epping. Si elles sont pour le moment circonscrites, les autorit\u00e9s redoutent le sc\u00e9nario cauchemardesque\u00a0<a href=\"http:\/\/www.lefigaro.fr\/international\/cette-semaine-d-emeutes-antimigrants-qui-a-traumatise-le-royaume-uni-20240811\" data-fig-type=\"Article\" data-gtm-custom-categorie=\"navigation\" data-gtm-custom-action=\"crossclick\" data-gtm-custom-label=\"Contextuel\" data-gtm-event=\"customEventSPE\" data-fig-domain=\"LEFIGARO\" rel=\"nofollow noopener\" target=\"_blank\">des \u00e9meutes de l\u2019\u00e9t\u00e9 2024<\/a>. Des insurg\u00e9s s\u2019en \u00e9taient pris \u00e0 des h\u00f4tels dans plusieurs villes, ainsi qu\u2019\u00e0 des mosqu\u00e9es, apr\u00e8s que de rumeurs eurent d\u00e9crit l\u2019agresseur, un adolescent britannique, comme un demandeur d\u2019asile musulman. Les affrontements avec les forces de l\u2019ordre avaient alors \u00e9t\u00e9 particuli\u00e8rement violents.<\/p>\n","protected":false},"excerpt":{"rendered":"\u00c0 Londres et \u00e0 Manchester, manifestants et contre-manifestants se sont de nouveau affront\u00e9s, deux semaines apr\u00e8s la mise&hellip;\n","protected":false},"author":2,"featured_media":292178,"comment_status":"","ping_status":"","sticky":false,"template":"","format":"standard","meta":{"footnotes":""},"categories":[1588],"tags":[11,10643,1777,674,1061,4534,3491,12,473,1853,1851,1850,1852],"class_list":{"0":"post-292177","1":"post","2":"type-post","3":"status-publish","4":"format-standard","5":"has-post-thumbnail","7":"category-royaume-uni","8":"tag-actualites","9":"tag-emeutes","10":"tag-eu","11":"tag-europe","12":"tag-immigration","13":"tag-londres","14":"tag-manchester","15":"tag-news","16":"tag-royaume-uni","17":"tag-royaume-uni-de-grande-bretagne-et-dirlande-du-nord","18":"tag-uk","19":"tag-united-kingdom","20":"tag-united-kingdom-of-great-britain-and-northern-ireland"},"share_on_mastodon":{"url":"https:\/\/pubeurope.com\/@fr\/114961188383787674","error":""},"_links":{"self":[{"href":"https:\/\/www.europesays.com\/fr\/wp-json\/wp\/v2\/posts\/292177","targetHints":{"allow":["GET"]}}],"collection":[{"href":"https:\/\/www.europesays.com\/fr\/wp-json\/wp\/v2\/posts"}],"about":[{"href":"https:\/\/www.europesays.com\/fr\/wp-json\/wp\/v2\/types\/post"}],"author":[{"embeddable":true,"href":"https:\/\/www.europesays.com\/fr\/wp-json\/wp\/v2\/users\/2"}],"replies":[{"embeddable":true,"href":"https:\/\/www.europesays.com\/fr\/wp-json\/wp\/v2\/comments?post=292177"}],"version-history":[{"count":0,"href":"https:\/\/www.europesays.com\/fr\/wp-json\/wp\/v2\/posts\/292177\/revisions"}],"wp:featuredmedia":[{"embeddable":true,"href":"https:\/\/www.europesays.com\/fr\/wp-json\/wp\/v2\/media\/292178"}],"wp:attachment":[{"href":"https:\/\/www.europesays.com\/fr\/wp-json\/wp\/v2\/media?parent=292177"}],"wp:term":[{"taxonomy":"category","embeddable":true,"href":"https:\/\/www.europesays.com\/fr\/wp-json\/wp\/v2\/categories?post=292177"},{"taxonomy":"post_tag","embeddable":true,"href":"https:\/\/www.europesays.com\/fr\/wp-json\/wp\/v2\/tags?post=292177"}],"curies":[{"name":"wp","href":"https:\/\/api.w.org\/{rel}","templated":true}]}}