{"id":292179,"date":"2025-08-02T21:01:11","date_gmt":"2025-08-02T21:01:11","guid":{"rendered":"https:\/\/www.europesays.com\/fr\/292179\/"},"modified":"2025-08-02T21:01:11","modified_gmt":"2025-08-02T21:01:11","slug":"des-dizaines-de-tonnes-de-nourriture-et-daide-medicale-larguees-sur-la-bande-de-gaza-par-la-france-lespagne-et-lallemagne","status":"publish","type":"post","link":"https:\/\/www.europesays.com\/fr\/292179\/","title":{"rendered":"Des dizaines de tonnes de nourriture et d\u2019aide m\u00e9dicale largu\u00e9es sur la bande de Gaza par la France, l\u2019Espagne et l\u2019Allemagne"},"content":{"rendered":"<p>          <img decoding=\"async\" class=\"c-ad__placeholder__logo\" src=\"https:\/\/static.euronews.com\/website\/images\/logos\/logo-euronews-stacked-outlined-72x72-grey-9.svg\" width=\"72\" height=\"72\" alt=\"\" loading=\"lazy\"\/><br \/>\n          PUBLICIT\u00c9<\/p>\n<p>Samedi, des avions ont largu\u00e9 sur Gaza de l&rsquo;aide en provenance de pays europ\u00e9ens et d&rsquo;ailleurs, bien que les groupes d&rsquo;aide et les Palestiniens affirment que les changements n&rsquo;ont \u00e9t\u00e9 que progressifs.<\/p>\n<p>L&rsquo;aide provient d&rsquo;une coalition de pays dirig\u00e9s par la Jordanie, dont l&rsquo;Allemagne, la France et l&rsquo;Espagne. Pour contourner les restrictions impos\u00e9es aux camions d&rsquo;aide qui traversent la bande de Gaza par voie terrestre, ils ont orchestr\u00e9 le largage de colis depuis le ciel.<\/p>\n<p>Le pr\u00e9sident fran\u00e7ais Emmanuel Macron a d\u00e9clar\u00e9 que le premier largage de plusieurs tonnes de nourriture avait eu lieu vendredi et que d&rsquo;autres se poursuivraient au cours du week-end.<\/p>\n<p>L&rsquo;Espagne aurait largu\u00e9 12 tonnes d&rsquo;aide d\u00e9ploy\u00e9es dans 24 parachutes. Selon le ministre espagnol des affaires \u00e9trang\u00e8res, Jose Manuel Albares, cette aide est suffisante pour environ 11 000 personnes.<\/p>\n<p>L&rsquo;Allemagne a d\u00e9clar\u00e9 que 14 tonnes de nourriture et d&rsquo;aide m\u00e9dicale avaient \u00e9t\u00e9 largu\u00e9es par avion, mais le ministre allemand des affaires \u00e9trang\u00e8res, Johan Wadephul, a d\u00e9clar\u00e9 que \u00ab\u00a0des quantit\u00e9s suffisantes de mat\u00e9riel de secours ne peuvent \u00eatre fournies \u00e0 la population que par voie terrestre\u00a0\u00bb.<\/p>\n<p>Le porte-parole du gouvernement allemand Stefan Kornelius par de \u00ab premiers progr\u00e8s limit\u00e9s \u00bb mais \u00ab tr\u00e8s insuffisants \u00bb.<\/p>\n<p>Dans le m\u00eame temps, <strong>le chancelier allemand Friedrich Merz \u00ab exprime son inqui\u00e9tude concernant des informations selon lesquelles de grandes quantit\u00e9s d\u2019aide humanitaire seraient retenues par le Hamas et des organisations criminelles \u00bb<\/strong>.<\/p>\n<p>L&rsquo;Italie et les Pays-Bas devraient commencer \u00e0 larguer de l&rsquo;aide \u00e0 Gaza la semaine prochaine, selon les gouvernements de ces pays.<\/p>\n<p>\u00ab\u00a0Nous attendons d&rsquo;Isra\u00ebl qu&rsquo;il fasse davantage pour permettre l&rsquo;acheminement de l&rsquo;aide humanitaire par voie terrestre et qu&rsquo;il honore pleinement ses accords humanitaires avec l&rsquo;UE\u00a0\u00bb, a d\u00e9clar\u00e9 Caspar Veldkamp, ministre n\u00e9erlandais des affaires \u00e9trang\u00e8res, au parlement n\u00e9erlandais. \u00ab\u00a0La catastrophe humanitaire \u00e0 Gaza doit cesser.<\/p>\n<p>Le ministre italien des affaires \u00e9trang\u00e8res, Antonio Tajani, a d\u00e9clar\u00e9 qu&rsquo;il avait donn\u00e9 le feu vert aux forces militaires pour \u00ab\u00a0le transport et le largage de produits de premi\u00e8re n\u00e9cessit\u00e9 aux civils de Gaza, qui ont \u00e9t\u00e9 gravement touch\u00e9s par le conflit en cours\u00a0\u00bb.<\/p>\n<p>La faim s&rsquo;est aggrav\u00e9e \u00e0 Gaza au cours des 22 derniers mois de guerre entre Isra\u00ebl et le Hamas en raison des restrictions de l&rsquo;aide, avertissent les travailleurs humanitaires. Les experts affirment que \u00ab\u00a0le pire sc\u00e9nario de famine se d\u00e9roule actuellement \u00e0 Gaza\u00a0\u00bb.<\/p>\n<p>Isra\u00ebl a impos\u00e9 un <a href=\"https:\/\/fr.euronews.com\/2025\/08\/01\/un-genocide-est-en-cours-a-gaza-et-leurope-a-le-devoir-de-larreter-selon-un-universitaire-\" target=\"_blank\" rel=\"noopener\">blocus<\/a> total sur les denr\u00e9es alimentaires et autres fournitures pendant deux mois et demi \u00e0 partir du mois de mars.<\/p>\n<p>Il a d\u00e9clar\u00e9 que son objectif \u00e9tait d&rsquo;accro\u00eetre la pression sur le Hamas pour qu&rsquo;il lib\u00e8re les dizaines d&rsquo;otages qu&rsquo;il d\u00e9tient depuis son attaque contre Isra\u00ebl le 7 octobre 2023.<\/p>\n<p>Bien que le flux d&rsquo;aide ait repris en mai, le montant ne repr\u00e9sente <strong>qu&rsquo;une fraction de<\/strong> ce que les organisations humanitaires estiment n\u00e9cessaire.<\/p>\n<p>Situation sur le terrain<\/p>\n<p>Selon les h\u00f4pitaux locaux, au moins 18 personnes ont \u00e9t\u00e9 tu\u00e9es par des tirs isra\u00e9liens \u00e0 Gaza samedi. Huit de ces personnes \u00e9taient apparemment des demandeurs d&rsquo;aide.<\/p>\n<p>Pr\u00e8s d&rsquo;un site de distribution de la Fondation humanitaire de Gaza (GHF), Yahia Youssef, qui \u00e9tait venu chercher de l&rsquo;aide samedi matin, a d\u00e9crit une sc\u00e8ne de panique d\u00e9sormais sinistrement famili\u00e8re.<\/p>\n<p>Apr\u00e8s avoir aid\u00e9 \u00e0 transporter trois personnes bless\u00e9es par des coups de feu, il a dit avoir regard\u00e9 autour de lui et vu beaucoup d&rsquo;autres personnes allong\u00e9es sur le sol, en train de saigner.<\/p>\n<p>\u00ab\u00a0C&rsquo;est le m\u00eame \u00e9pisode quotidien\u00a0\u00bb, a d\u00e9clar\u00e9 M. Youssef.<\/p>\n<p>En r\u00e9ponse \u00e0 des questions concernant plusieurs t\u00e9moignages de violence sur le site le plus au nord des quatre sites de l&rsquo;entrepreneur am\u00e9ricain soutenu par Isra\u00ebl, le bureau de presse du GHF a d\u00e9clar\u00e9 que \u00ab\u00a0rien ne s&rsquo;est produit sur nos sites ou \u00e0 proximit\u00e9\u00a0\u00bb.<\/p>\n<p>Les efforts du groupe pour acheminer l&rsquo;aide \u00e0 Gaza ont \u00e9t\u00e9 marqu\u00e9s par la <a href=\"https:\/\/fr.euronews.com\/2025\/07\/22\/lorganisation-mondiale-de-la-sante-condamne-une-attaque-israelienne-sur-ses-locaux-a-deir-\" target=\"_blank\" rel=\"noopener\">violence et la controverse.<\/a> Toutefois, Isra\u00ebl et le GHF ont affirm\u00e9 qu&rsquo;ils n&rsquo;avaient proc\u00e9d\u00e9 qu&rsquo;\u00e0 des tirs d&rsquo;avertissement et que le nombre de morts parmi les demandeurs d&rsquo;aide avait \u00e9t\u00e9 exag\u00e9r\u00e9.<\/p>\n<p>Une frappe isra\u00e9lienne a \u00e9galement touch\u00e9 une maison familiale dans une zone situ\u00e9e entre les villes de Zawaida et Deir al-Balah, tuant deux parents et leurs trois enfants, selon le minist\u00e8re de la sant\u00e9 de Gaza.<\/p>\n<p>Une autre frappe a touch\u00e9 une tente pr\u00e8s de la porte d&rsquo;une prison ferm\u00e9e o\u00f9 les personnes d\u00e9plac\u00e9es se sont r\u00e9fugi\u00e9es \u00e0 Khan Younis, tuant une m\u00e8re et sa fille.<\/p>\n<p>L&rsquo;arm\u00e9e isra\u00e9lienne n&rsquo;a pas imm\u00e9diatement r\u00e9pondu aux questions concernant les frappes ou les morts pr\u00e8s des sites d&rsquo;aide.<\/p>\n<p>Les familles des otages manifestent pour mettre fin \u00e0 la guerre<\/p>\n<p>Les familles des otages isra\u00e9liens d\u00e9tenus \u00e0 Gaza et leurs sympathisants ont manifest\u00e9 \u00e0 Tel-Aviv et ont exhort\u00e9 leur gouvernement \u00e0 faire davantage pression pour la<a href=\"https:\/\/fr.euronews.com\/2025\/07\/06\/rassemblement-a-tel-aviv-pour-demander-la-liberation-des-derniers-otages-detenus-a-gaza\" target=\"_blank\" rel=\"noopener\"> lib\u00e9ration de leurs proches.<\/a><\/p>\n<p>L&rsquo;envoy\u00e9 sp\u00e9cial du pr\u00e9sident am\u00e9ricain Donald Trump dans la r\u00e9gion, Steve Witkoff, les a rejoints un jour apr\u00e8s s&rsquo;\u00eatre rendu \u00e0 Gaza.<\/p>\n<p><strong>Sur les 251 otages enlev\u00e9s lors de l&rsquo;attaque du Hamas contre le sud d&rsquo;Isra\u00ebl le 7 octobre 2023, une vingtaine seraient encore en vie \u00e0 Gaza.<\/strong><\/p>\n<p>La guerre a commenc\u00e9 lorsque les militants du Hamas ont attaqu\u00e9 le sud d&rsquo;Isra\u00ebl le 7 octobre 2023, tuant 1 200 personnes, pour la plupart des civils.<\/p>\n<p>L&rsquo;offensive isra\u00e9lienne qui a suivi a tu\u00e9 \u00e0 ce jour plus de 60 000 Palestiniens, principalement des femmes et des enfants, selon le minist\u00e8re de la Sant\u00e9 de Gaza, dirig\u00e9 par le Hamas, dont les chiffres ne font pas de distinction entre les combattants et les civils.<\/p>\n<p>L&rsquo;arm\u00e9e isra\u00e9lienne affirme que pr\u00e8s de 900 de ses soldats sont morts depuis le d\u00e9but de la guerre.<\/p>\n","protected":false},"excerpt":{"rendered":"PUBLICIT\u00c9 Samedi, des avions ont largu\u00e9 sur Gaza de l&rsquo;aide en provenance de pays europ\u00e9ens et d&rsquo;ailleurs, bien&hellip;\n","protected":false},"author":2,"featured_media":292180,"comment_status":"","ping_status":"","sticky":false,"template":"","format":"standard","meta":{"footnotes":""},"categories":[1587],"tags":[11,16176,672,4628,1804,1805,1803,1777,674,1801,5643,12,1802],"class_list":{"0":"post-292179","1":"post","2":"type-post","3":"status-publish","4":"format-standard","5":"has-post-thumbnail","7":"category-allemagne","8":"tag-actualites","9":"tag-aide-humanitaire","10":"tag-allemagne","11":"tag-bande-de-gaza","12":"tag-bundesrepublik-deutschland","13":"tag-de","14":"tag-deutschland","15":"tag-eu","16":"tag-europe","17":"tag-germany","18":"tag-guerre-israel-hamas","19":"tag-news","20":"tag-republique-federale-dallemagne"},"share_on_mastodon":{"url":"https:\/\/pubeurope.com\/@fr\/114961192293756537","error":""},"_links":{"self":[{"href":"https:\/\/www.europesays.com\/fr\/wp-json\/wp\/v2\/posts\/292179","targetHints":{"allow":["GET"]}}],"collection":[{"href":"https:\/\/www.europesays.com\/fr\/wp-json\/wp\/v2\/posts"}],"about":[{"href":"https:\/\/www.europesays.com\/fr\/wp-json\/wp\/v2\/types\/post"}],"author":[{"embeddable":true,"href":"https:\/\/www.europesays.com\/fr\/wp-json\/wp\/v2\/users\/2"}],"replies":[{"embeddable":true,"href":"https:\/\/www.europesays.com\/fr\/wp-json\/wp\/v2\/comments?post=292179"}],"version-history":[{"count":0,"href":"https:\/\/www.europesays.com\/fr\/wp-json\/wp\/v2\/posts\/292179\/revisions"}],"wp:featuredmedia":[{"embeddable":true,"href":"https:\/\/www.europesays.com\/fr\/wp-json\/wp\/v2\/media\/292180"}],"wp:attachment":[{"href":"https:\/\/www.europesays.com\/fr\/wp-json\/wp\/v2\/media?parent=292179"}],"wp:term":[{"taxonomy":"category","embeddable":true,"href":"https:\/\/www.europesays.com\/fr\/wp-json\/wp\/v2\/categories?post=292179"},{"taxonomy":"post_tag","embeddable":true,"href":"https:\/\/www.europesays.com\/fr\/wp-json\/wp\/v2\/tags?post=292179"}],"curies":[{"name":"wp","href":"https:\/\/api.w.org\/{rel}","templated":true}]}}