{"id":292183,"date":"2025-08-02T21:03:14","date_gmt":"2025-08-02T21:03:14","guid":{"rendered":"https:\/\/www.europesays.com\/fr\/292183\/"},"modified":"2025-08-02T21:03:14","modified_gmt":"2025-08-02T21:03:14","slug":"droits-de-douane-americains-lue-paillasson-economique-des-etats-unis-manque-de-courage-les-lecteurs-indignes-de-la-soumission-europeenne","status":"publish","type":"post","link":"https:\/\/www.europesays.com\/fr\/292183\/","title":{"rendered":"Droits de douane am\u00e9ricains : \u00ab L&rsquo;UE, paillasson \u00e9conomique des \u00c9tats-Unis \u00bb, \u00ab\u00a0manque de courage \u00bb&#8230; les lecteurs indign\u00e9s de la soumission europ\u00e9enne"},"content":{"rendered":"<p>                                            Politique\n                                                                            <\/p>\n<p>\n                                            <strong>VOTRE AVIS SUR L&rsquo;ACTU.\u00a0<\/strong> Le 27 juillet, l\u2019Union europ\u00e9enne et les \u00c9tats-Unis ont annonc\u00e9 avoir conclu un accord commercial portant les droits de douane \u00e0 15 % sur les exportations europ\u00e9ennes. Cet accord a vivement fait r\u00e9agir la classe politique fran\u00e7ais ainsi que les lecteurs.                                        <\/p>\n<p>                                                Publi\u00e9 le 2 ao\u00fbt 2025 \u00e0 9h00                                                                                            <\/p>\n<p>                                            <img loading=\"lazy\" width=\"1024\" height=\"700\" src=\"https:\/\/www.europesays.com\/fr\/wp-content\/uploads\/2025\/08\/Photo-canva-12.jpg\" class=\"attachment-post-thumbnail size-post-thumbnail wp-post-image lazy\" alt=\"\u00a9White House\/ZUMA\/SIPA\" decoding=\"async\"  data-\/><\/p>\n<p>                                            \u00a9White House\/ZUMA\/SIPA<\/p>\n<p data-start=\"148\" data-end=\"613\">Alors que l\u2019Union europ\u00e9enne et les \u00c9tats-Unis ont annonc\u00e9 avoir conclu un accord commercial portant les droits de douane \u00e0 <a href=\"https:\/\/www.valeursactuelles.com\/politique\/une-capitulation-un-fiasco-politique-laccord-sur-les-droits-de-douane-entre-lue-et-les-etats-unis-vivement-critique\" target=\"_blank\" rel=\"noopener nofollow\">15 % sur les exportations europ\u00e9ennes<\/a>., nous vous avons demand\u00e9 ce que vous pensiez de la d\u00e9cision de l\u2019UE de se plier aux injonctions de Donald Trump. Sur 460 participants, 445 personnes (96,7\u202f%) d\u00e9noncent une forme de capitulation, une perte de souverainet\u00e9 ou une soumission id\u00e9ologique. \u00c0 peine 15 personnes (3,3\u202f%) d\u00e9fendent une posture plus mod\u00e9r\u00e9e, voire r\u00e9aliste, face \u00e0 la puissance am\u00e9ricaine.<\/p>\n<p><a href=\"https:\/\/www.valeursactuelles.com\/clubvaleurs\/politique\/chaque-jour-qui-passe-plante-un-clou-dans-le-cercueil-de-leurope-ursula-von-der-leyen-au-bout-de-lincompetence\" class=\"h-flex h-align-items-center h-border-tb h-ptb-15\" rel=\"nofollow noopener\" target=\"_blank\">A\u00a0LIRE\u00a0\u00ab Chaque jour qui passe plante un clou dans le cercueil de l\u2019Europe \u00bb : Ursula von der Leyen au bout de l\u2019incomp\u00e9tence<\/a><strong data-start=\"617\" data-end=\"698\">\u00ab L\u2019UE vient de montrer qu\u2019elle est le paillasson \u00e9conomique des \u00c9tats-Unis \u00bb<\/strong><\/p>\n<p data-start=\"617\" data-end=\"1169\">Les critiques les plus virulentes visent directement la pr\u00e9sidente de la Commission europ\u00e9enne, Ursula von der Leyen, d\u00e9crite comme ill\u00e9gitime, partisane ou incomp\u00e9tente. \u00ab L\u2019Union europ\u00e9enne ne sait pas n\u00e9gocier. Elle ne peut pas n\u00e9gocier car elle ne peut pas repr\u00e9senter raisonnablement des int\u00e9r\u00eats divergents de ses Etats membres et des entreprises europ\u00e9ennes. Ursula von der Leyen devrait d\u00e9missionner ou son mandat \u00eatre abr\u00e9g\u00e9 \u00bb, affirme V\u00e9ronique.<\/p>\n<p data-start=\"617\" data-end=\"1169\"><strong><a href=\"https:\/\/www.valeursactuelles.com\/tag\/votre-avis-sur-lactu\" target=\"_blank\" rel=\"noopener nofollow\">Retrouvez tous nos articles \u00ab Votre avis sur l\u2019actu \u00bb<\/a><\/strong><\/p>\n<p class=\"p1\">Gilles poursuit en d\u00e9non\u00e7ant le fait que \u00ab Mme Von der Leyen n\u2019est absolument pas \u00e0 sa place, elle n\u2019a ni la cr\u00e9dibilit\u00e9, ni la comp\u00e9tence, ni la carrure intellectualo-professionnelle pour discuter \u00ab\u00a0affaires\u00a0\u00bb avec le grand malin Trump. Elle s\u2019\u00e9rige en d\u00e9miurge ordonnateur de 650 millions d\u2019europ\u00e9ens alors qu\u2019elle n\u2019est qu\u2019une fonctionnaire. Que connait-elle des cons\u00e9quences \u00e9conomiques de l\u2019ensemble et de chacune des entreprises ? C\u2019est encore un scandale. \u00bb<\/p>\n<p><a href=\"https:\/\/www.valeursactuelles.com\/monde\/droits-de-douane-donald-trump-a-mange-au-petit-dejeuner-ursula-von-der-leyen-se-felicite-viktor-orban\" class=\"h-flex h-align-items-center h-border-tb h-ptb-15\" rel=\"nofollow noopener\" target=\"_blank\">A\u00a0LIRE\u00a0Droits de douane : Donald Trump a \u00ab mang\u00e9 au petit d\u00e9jeuner \u00bb Ursula von der Leyen, se f\u00e9licite Viktor Orban<\/a><\/p>\n<p data-start=\"617\" data-end=\"1169\">Bernard estime lui aussi qu\u2019il s\u2019agit d\u2019une \u00ab soumission totale de l\u2019imp\u00e9ratrice de l\u2019Europe \u00bb. Il s\u2019\u00e9tonne que \u00ab le Royaume-Uni, seul, s\u2019en soit mieux tir\u00e9. L\u2019Europe ne devait-elle pas nous apporter la force, une \u00e9conomie florissante et puissante ? Cette union n\u2019est en r\u00e9alit\u00e9 qu\u2019un rassemblement de hauts fonctionnaires ne g\u00e9n\u00e9rant qu\u2019un mille feuilles de normes administratives ne d\u00e9bouchant que sur du n\u00e9ant. \u00bb<\/p>\n<p>\u00ab La France est encore et toujours le dindon de la farce \u00bb<\/p>\n<p data-start=\"1203\" data-end=\"1748\">Certains d\u2019entre vous d\u00e9noncent l\u2019impuissance structurelle de l\u2019Union europ\u00e9enne, incapable de <a href=\"https:\/\/www.valeursactuelles.com\/clubvaleurs\/economie\/droits-de-douane-americains-comment-trump-a-dicte-ses-conditions-a-von-der-leyen-et-lunion-europeenne\" target=\"_blank\" rel=\"noopener nofollow\">r\u00e9sister \u00e0 la pression am\u00e9ricaine<\/a>. Pour beaucoup, cette affaire est le symbole d\u2019un d\u00e9clin : \u00ab N\u00e9gociation nulle, les 15% devraient \u00eatre 10% comme la Grande-Bretagne\u2026 Le d\u00e9clin \u00e9conomique est devant notre porte et la r\u00e9volution, la col\u00e8re montent. Septembre sera chaud, tr\u00e8s chaud \u00bb, pr\u00e9vient Damien.<\/p>\n<p data-start=\"1203\" data-end=\"1748\">Antoine partage cet avis. \u00ab Ursula von Der Layen, pr\u00e9sidente de l\u2019UE, non \u00e9lue par les citoyens europ\u00e9ens, s\u2019arroge des droits qu\u2019elle n\u2019a pas et personne ne dit rien. La signature de cet accord (comme tous les autres) est un scandale. La vassalisation de l\u2019Europe continue de plus belle. Cela va encore contribu\u00e9 au d\u00e9clin (entam\u00e9 depuis des ann\u00e9es) d\u2019une Europe d\u00e9j\u00e0 malade de toutes ses normes, r\u00e8gles et autres r\u00e8glements. La France est encore et toujours le dindon de la farce et n\u2019est m\u00eame pas d\u00e9fendue par ses dirigeants compl\u00e8tement \u00ab\u00a0euro-gagas\u00a0\u00bb. Il est int\u00e9ressant d\u2019\u00e9couter la d\u00e9claration de Van Der Layen apr\u00e8s coup : il est assez visible qu\u2019elle ne croit pas un mot de ce qu\u2019elle dit (que c\u2019est un bon deal d\u2019acheter du gaz am\u00e9ricain tr\u00e8s cher au lieu du gaz Russe quasi gratuit!) Il est temps de d\u00e9gager cette clique d\u2019eurocrates inutile, corrompue et couteuse \u00bb, d\u00e9nonce-t-il.<\/p>\n<p>\u00ab On ne peut en vouloir \u00e0 Trump de d\u00e9fendre son pays\u00a0\u00bb<\/p>\n<p data-start=\"1784\" data-end=\"2203\">Nombre d\u2019entre vous jugent \u00e9galement que l\u2019Union europ\u00e9enne n\u2019a ni les outils ni la volont\u00e9 de n\u00e9gocier face \u00e0 une puissance comme les \u00c9tats-Unis. Dominique, lui, d\u00e9nonce \u00ab une soumission sans concessions aux standards commerciaux am\u00e9ricains qui an\u00e9antissent notre souverainet\u00e9 \u00e9conomique et \u00e9nerg\u00e9tique \u00bb. \u00ab On se met \u00e0 genoux une nouvelle fois \u00bb, \u00e9crit un internaute anonyme. \u00ab Je pense que l\u2019on ne sait plus se d\u00e9fendre, d\u00e9fendre la voix des pays europ\u00e9ens \u00bb, ajoute Raymond.<\/p>\n<p data-start=\"2726\" data-end=\"3007\">Une poign\u00e9e d\u2019entre vous relativisent cependant l\u2019ampleur de cet accord, estimant qu\u2019il s\u2019agit simplement du prix d\u2019une d\u00e9pendance assum\u00e9e de longue date, ou encore qu\u2019il n\u2019y avait pas vraiment d\u2019alternative. Certains saluent m\u00eame la coh\u00e9rence de Trump : \u00ab L\u2019Union europ\u00e9enne n\u2019a aucun courage. On ne peut en vouloir \u00e0 Trump de d\u00e9fendre son pays, mais j\u2019en veux aux dirigeants europ\u00e9ens de trahir leurs peuples et de se soumettre lamentablement au lieu de r\u00e9agir comme la Chine l\u2019a fait derni\u00e8rement \u00bb, regrette Jean-Marc. Selon R\u00e9mi, \u00ab Trump g\u00e8re les \u00c9tats-Unis comme une entreprise dont le patron serait responsable et soucieux de la qualit\u00e9 de vie des personnes qui contribuent au bon fonctionnement et \u00e0 la prosp\u00e9rit\u00e9 de ladite entreprise \u00bb. Et cet internaute anonyme de conclure : \u00ab \u00c9chec total de l\u2019Europe ! F\u00e9licitations \u00e0 Donald Trump \u00bb<\/p>\n","protected":false},"excerpt":{"rendered":"Politique VOTRE AVIS SUR L&rsquo;ACTU.\u00a0 Le 27 juillet, l\u2019Union europ\u00e9enne et les \u00c9tats-Unis ont annonc\u00e9 avoir conclu un&hellip;\n","protected":false},"author":2,"featured_media":292184,"comment_status":"","ping_status":"","sticky":false,"template":"","format":"standard","meta":{"footnotes":""},"categories":[1586],"tags":[11,75,33742,1777,674,1779,1011,27,12,25,1778,364,2544,43232],"class_list":{"0":"post-292183","1":"post","2":"type-post","3":"status-publish","4":"format-standard","5":"has-post-thumbnail","7":"category-europe","8":"tag-actualites","9":"tag-donald-trump","10":"tag-droits-de-douane-americains","11":"tag-eu","12":"tag-europe","13":"tag-european-union","14":"tag-fr","15":"tag-france","16":"tag-news","17":"tag-republique-francaise","18":"tag-ue","19":"tag-union-europeenne","20":"tag-ursula-von-der-leyen","21":"tag-votre-avis-sur-lactu"},"share_on_mastodon":{"url":"https:\/\/pubeurope.com\/@fr\/114961200194954594","error":""},"_links":{"self":[{"href":"https:\/\/www.europesays.com\/fr\/wp-json\/wp\/v2\/posts\/292183","targetHints":{"allow":["GET"]}}],"collection":[{"href":"https:\/\/www.europesays.com\/fr\/wp-json\/wp\/v2\/posts"}],"about":[{"href":"https:\/\/www.europesays.com\/fr\/wp-json\/wp\/v2\/types\/post"}],"author":[{"embeddable":true,"href":"https:\/\/www.europesays.com\/fr\/wp-json\/wp\/v2\/users\/2"}],"replies":[{"embeddable":true,"href":"https:\/\/www.europesays.com\/fr\/wp-json\/wp\/v2\/comments?post=292183"}],"version-history":[{"count":0,"href":"https:\/\/www.europesays.com\/fr\/wp-json\/wp\/v2\/posts\/292183\/revisions"}],"wp:featuredmedia":[{"embeddable":true,"href":"https:\/\/www.europesays.com\/fr\/wp-json\/wp\/v2\/media\/292184"}],"wp:attachment":[{"href":"https:\/\/www.europesays.com\/fr\/wp-json\/wp\/v2\/media?parent=292183"}],"wp:term":[{"taxonomy":"category","embeddable":true,"href":"https:\/\/www.europesays.com\/fr\/wp-json\/wp\/v2\/categories?post=292183"},{"taxonomy":"post_tag","embeddable":true,"href":"https:\/\/www.europesays.com\/fr\/wp-json\/wp\/v2\/tags?post=292183"}],"curies":[{"name":"wp","href":"https:\/\/api.w.org\/{rel}","templated":true}]}}