{"id":292189,"date":"2025-08-02T21:06:26","date_gmt":"2025-08-02T21:06:26","guid":{"rendered":"https:\/\/www.europesays.com\/fr\/292189\/"},"modified":"2025-08-02T21:06:26","modified_gmt":"2025-08-02T21:06:26","slug":"athletisme-lillzachois-theo-schaub-vice-champion-de-france-du-200m-a-la-force-des-mollets","status":"publish","type":"post","link":"https:\/\/www.europesays.com\/fr\/292189\/","title":{"rendered":"Athl\u00e9tisme. L&rsquo;Illzachois Th\u00e9o Schaub vice-champion de France du 200m \u00e0 la force des mollets"},"content":{"rendered":"<p>Ryan Zeze aura donc \u00e9t\u00e9 le bourreau des sprinteurs alsaciens, ce week-end aux championnats de France \u00c9lite \u00e0 Talence.<\/p>\n<p>Apr\u00e8s avoir <a href=\"https:\/\/www.lalsace.fr\/sport\/2025\/08\/01\/jeff-erius-argent-pas-content\" target=\"_blank\" rel=\"nofollow noopener\">priv\u00e9 le Strasbourgeois Jeff Erius du titre sur 100\u00a0m la veille<\/a>, pour deux centi\u00e8mes, le Bordelais a encore brill\u00e9 sous le soleil girondin en devan\u00e7ant l\u2019Illzachois Th\u00e9o Schaub, ce samedi en finale du 200\u00a0m.<\/p>\n<p>\u00ab\u00a0Ce matin, je ne savais m\u00eame pas si j\u2019allais courir\u00a0\u00bb<\/p>\n<p>Cette fois, il n\u2019y a pas eu photo, Zeze dominant le demi-tour de piste en 20\u2019\u201947, contre 20\u2019\u201966 pour l\u2019Alsacien (vent\u00a0: +0,7\u00a0m\/s). Mais pour le Haut-Rhinois de 24&#8230;<\/p>\n","protected":false},"excerpt":{"rendered":"Ryan Zeze aura donc \u00e9t\u00e9 le bourreau des sprinteurs alsaciens, ce week-end aux championnats de France \u00c9lite \u00e0&hellip;\n","protected":false},"author":2,"featured_media":292190,"comment_status":"","ping_status":"","sticky":false,"template":"","format":"standard","meta":{"footnotes":""},"categories":[4],"tags":[11,4132,107,1011,27,43233,12,25,517],"class_list":{"0":"post-292189","1":"post","2":"type-post","3":"status-publish","4":"format-standard","5":"has-post-thumbnail","7":"category-france","8":"tag-actualites","9":"tag-athletisme","10":"tag-fil-info","11":"tag-fr","12":"tag-france","13":"tag-illzach","14":"tag-news","15":"tag-republique-francaise","16":"tag-sport"},"share_on_mastodon":{"url":"https:\/\/pubeurope.com\/@fr\/114961211901014699","error":""},"_links":{"self":[{"href":"https:\/\/www.europesays.com\/fr\/wp-json\/wp\/v2\/posts\/292189","targetHints":{"allow":["GET"]}}],"collection":[{"href":"https:\/\/www.europesays.com\/fr\/wp-json\/wp\/v2\/posts"}],"about":[{"href":"https:\/\/www.europesays.com\/fr\/wp-json\/wp\/v2\/types\/post"}],"author":[{"embeddable":true,"href":"https:\/\/www.europesays.com\/fr\/wp-json\/wp\/v2\/users\/2"}],"replies":[{"embeddable":true,"href":"https:\/\/www.europesays.com\/fr\/wp-json\/wp\/v2\/comments?post=292189"}],"version-history":[{"count":0,"href":"https:\/\/www.europesays.com\/fr\/wp-json\/wp\/v2\/posts\/292189\/revisions"}],"wp:featuredmedia":[{"embeddable":true,"href":"https:\/\/www.europesays.com\/fr\/wp-json\/wp\/v2\/media\/292190"}],"wp:attachment":[{"href":"https:\/\/www.europesays.com\/fr\/wp-json\/wp\/v2\/media?parent=292189"}],"wp:term":[{"taxonomy":"category","embeddable":true,"href":"https:\/\/www.europesays.com\/fr\/wp-json\/wp\/v2\/categories?post=292189"},{"taxonomy":"post_tag","embeddable":true,"href":"https:\/\/www.europesays.com\/fr\/wp-json\/wp\/v2\/tags?post=292189"}],"curies":[{"name":"wp","href":"https:\/\/api.w.org\/{rel}","templated":true}]}}