{"id":292191,"date":"2025-08-02T21:08:12","date_gmt":"2025-08-02T21:08:12","guid":{"rendered":"https:\/\/www.europesays.com\/fr\/292191\/"},"modified":"2025-08-02T21:08:12","modified_gmt":"2025-08-02T21:08:12","slug":"la-pologne-rejoint-litalie-en-finale-de-la-ligue-des-nations","status":"publish","type":"post","link":"https:\/\/www.europesays.com\/fr\/292191\/","title":{"rendered":"la Pologne rejoint l&rsquo;Italie en finale de la Ligue des nations"},"content":{"rendered":"<p>Les Polonais ont battu le Br\u00e9sil ce samedi \u00e0 Ningbo (Chine) et rejoignent les Italiens en finale.<\/p>\n<p class=\"fig-paragraph\">La Pologne, premi\u00e8re nation mondiale, s&rsquo;est qualifi\u00e9e pour la finale de la Ligue des nations de volley-ball samedi \u00e0 Ningbo (Chine), gr\u00e2ce \u00e0 son succ\u00e8s face au Br\u00e9sil en trois sets (28-26, 25-19, 25-21).<\/p>\n<p class=\"fig-paragraph\">Les Polonais, vainqueurs de l&rsquo;\u00e9dition 2023, affronteront dimanche l&rsquo;Italie (13h00 heure fran\u00e7aise) pour tenter de remporter le dernier titre en jeu avant le Mondial aux Philippines en septembre (12-28 septembre).<\/p>\n<p>                                    <a class=\"fig-a11y-skip a11y-hidden\" href=\"#fig-a11y-skip-main-inarticle\"><br \/>\n        Passer la publicit\u00e9<br \/>\n    <\/a><\/p>\n<p class=\"fig-paragraph\">La s\u00e9lection masculine italienne n&rsquo;a, elle, jamais remport\u00e9 de Ligue des nations et n&rsquo;avait d&rsquo;ailleurs jusqu&rsquo;ici jamais atteint la finale. Mais plus t\u00f4t samedi, elle est parvenue \u00e0 \u00e9carter la Slov\u00e9nie (3-1), tombeuse en quarts de l&rsquo;\u00e9quipe de France, double championne olympique en titre.<\/p>\n","protected":false},"excerpt":{"rendered":"Les Polonais ont battu le Br\u00e9sil ce samedi \u00e0 Ningbo (Chine) et rejoignent les Italiens en finale. La&hellip;\n","protected":false},"author":2,"featured_media":292192,"comment_status":"","ping_status":"","sticky":false,"template":"","format":"standard","meta":{"footnotes":""},"categories":[1417],"tags":[1011,27,60,1470,1469],"class_list":{"0":"post-292191","1":"post","2":"type-post","3":"status-publish","4":"format-standard","5":"has-post-thumbnail","7":"category-volley","8":"tag-fr","9":"tag-france","10":"tag-sports","11":"tag-volley","12":"tag-volleyball"},"share_on_mastodon":{"url":"https:\/\/pubeurope.com\/@fr\/114961219797258392","error":""},"_links":{"self":[{"href":"https:\/\/www.europesays.com\/fr\/wp-json\/wp\/v2\/posts\/292191","targetHints":{"allow":["GET"]}}],"collection":[{"href":"https:\/\/www.europesays.com\/fr\/wp-json\/wp\/v2\/posts"}],"about":[{"href":"https:\/\/www.europesays.com\/fr\/wp-json\/wp\/v2\/types\/post"}],"author":[{"embeddable":true,"href":"https:\/\/www.europesays.com\/fr\/wp-json\/wp\/v2\/users\/2"}],"replies":[{"embeddable":true,"href":"https:\/\/www.europesays.com\/fr\/wp-json\/wp\/v2\/comments?post=292191"}],"version-history":[{"count":0,"href":"https:\/\/www.europesays.com\/fr\/wp-json\/wp\/v2\/posts\/292191\/revisions"}],"wp:featuredmedia":[{"embeddable":true,"href":"https:\/\/www.europesays.com\/fr\/wp-json\/wp\/v2\/media\/292192"}],"wp:attachment":[{"href":"https:\/\/www.europesays.com\/fr\/wp-json\/wp\/v2\/media?parent=292191"}],"wp:term":[{"taxonomy":"category","embeddable":true,"href":"https:\/\/www.europesays.com\/fr\/wp-json\/wp\/v2\/categories?post=292191"},{"taxonomy":"post_tag","embeddable":true,"href":"https:\/\/www.europesays.com\/fr\/wp-json\/wp\/v2\/tags?post=292191"}],"curies":[{"name":"wp","href":"https:\/\/api.w.org\/{rel}","templated":true}]}}