{"id":292193,"date":"2025-08-02T21:09:13","date_gmt":"2025-08-02T21:09:13","guid":{"rendered":"https:\/\/www.europesays.com\/fr\/292193\/"},"modified":"2025-08-02T21:09:13","modified_gmt":"2025-08-02T21:09:13","slug":"le-nissa-rugby-passe-la-23e-vitesse-dans-son-mercato","status":"publish","type":"post","link":"https:\/\/www.europesays.com\/fr\/292193\/","title":{"rendered":"Le Nissa Rugby passe la 23e vitesse dans son mercato"},"content":{"rendered":"<p>Le club de Nice met les bouch\u00e9es doubles pour lancer la prochaine saison en force. Les recrues s&rsquo;encha\u00eenent \u00e0 tous les postes. Le but est de renforcer tous les secteurs de jeu afin de ne pas montrer de failles d\u00e8s l&rsquo;entame. Apr\u00e8s Rayne Barka, le Nissa Rugby a ajout\u00e9 deux \u00e9l\u00e9ments, et pas des moindres, \u00e0 son effectif.<\/p>\n<p>\u00a0<\/p>\n<p>Exp\u00e9rience et puissance pour muscler le groupe<\/p>\n<p>\u00a0<\/p>\n<p>Le premier est un titulaire au poste de centre. Il s&rsquo;agit d&rsquo;Atila Septar qui d\u00e9barque en provenance de Provence Rugby. Ancien du RC Toulon et de la Section Paloise, celui-ci est un ancien du Top 14 et ne vient donc pas dans un environnement nouveau. M\u00eame s&rsquo;il est roumain, le joueur de 29 ans conna\u00eet bien le rugby fran\u00e7ais.<\/p>\n<p>\u00a0<\/p>\n<p>L&rsquo;autre recrue que s&rsquo;est offert le Nissa Rugby est le talonneur Patrick Leafa. Ancien de Rebels en Australie et grande figure au RC Vannes, celui-ci arrive avec une bonne dose d&rsquo;exp\u00e9riences. Il en a \u00e0 partager avec le vestiaire et c&rsquo;est ce sur quoi mise la direction du Nissa Rugby en le recrutant. Celui-ci est la 23e recrue du club ni\u00e7ois de Pro D2 cet \u00e9t\u00e9.<\/p>\n<p>Partagez cette info avec vos amis et vos proches en cliquant ici<br \/>Pour r\u00e9sumer<\/p>\n<p>Le Nissa Rugby muscle son jeu avec deux recrues majeures : le centre Atila Septar, ex-Top 14, et le talonneur Patrick Leafa, v\u00e9t\u00e9ran du RC Vannes. Ceci avec l&rsquo;ultime objectif d&rsquo;entamer la saison sans faille. Ce duo porte \u00e0 23 le nombre de renforts estivaux.<\/p>\n<p> <img decoding=\"async\" width=\"76\" height=\"76\" loading=\"lazy\" src=\"https:\/\/www.europesays.com\/fr\/wp-content\/uploads\/2025\/04\/avatar-quinze.png\" alt=\"Voldi Fr\u00e9jus\u00a0Hounvio\"\/><\/p>\n","protected":false},"excerpt":{"rendered":"Le club de Nice met les bouch\u00e9es doubles pour lancer la prochaine saison en force. Les recrues s&rsquo;encha\u00eenent&hellip;\n","protected":false},"author":2,"featured_media":292194,"comment_status":"","ping_status":"","sticky":false,"template":"","format":"standard","meta":{"footnotes":""},"categories":[1416],"tags":[1011,27,479,1468,60],"class_list":{"0":"post-292193","1":"post","2":"type-post","3":"status-publish","4":"format-standard","5":"has-post-thumbnail","7":"category-rugby","8":"tag-fr","9":"tag-france","10":"tag-rugby","11":"tag-rugby-football","12":"tag-sports"},"share_on_mastodon":{"url":"https:\/\/pubeurope.com\/@fr\/114961223800777364","error":""},"_links":{"self":[{"href":"https:\/\/www.europesays.com\/fr\/wp-json\/wp\/v2\/posts\/292193","targetHints":{"allow":["GET"]}}],"collection":[{"href":"https:\/\/www.europesays.com\/fr\/wp-json\/wp\/v2\/posts"}],"about":[{"href":"https:\/\/www.europesays.com\/fr\/wp-json\/wp\/v2\/types\/post"}],"author":[{"embeddable":true,"href":"https:\/\/www.europesays.com\/fr\/wp-json\/wp\/v2\/users\/2"}],"replies":[{"embeddable":true,"href":"https:\/\/www.europesays.com\/fr\/wp-json\/wp\/v2\/comments?post=292193"}],"version-history":[{"count":0,"href":"https:\/\/www.europesays.com\/fr\/wp-json\/wp\/v2\/posts\/292193\/revisions"}],"wp:featuredmedia":[{"embeddable":true,"href":"https:\/\/www.europesays.com\/fr\/wp-json\/wp\/v2\/media\/292194"}],"wp:attachment":[{"href":"https:\/\/www.europesays.com\/fr\/wp-json\/wp\/v2\/media?parent=292193"}],"wp:term":[{"taxonomy":"category","embeddable":true,"href":"https:\/\/www.europesays.com\/fr\/wp-json\/wp\/v2\/categories?post=292193"},{"taxonomy":"post_tag","embeddable":true,"href":"https:\/\/www.europesays.com\/fr\/wp-json\/wp\/v2\/tags?post=292193"}],"curies":[{"name":"wp","href":"https:\/\/api.w.org\/{rel}","templated":true}]}}