{"id":292195,"date":"2025-08-02T21:10:11","date_gmt":"2025-08-02T21:10:11","guid":{"rendered":"https:\/\/www.europesays.com\/fr\/292195\/"},"modified":"2025-08-02T21:10:11","modified_gmt":"2025-08-02T21:10:11","slug":"alexander-zverev-francisco-cerundolo-atp-1000-open-du-canada-huitiemes-de-finale-dimanche-03-aout-2025-lequipe","status":"publish","type":"post","link":"https:\/\/www.europesays.com\/fr\/292195\/","title":{"rendered":"Alexander Zverev &#8211; Francisco Cerundolo, ATP 1000, Open du Canada, Huiti\u00e8mes de finale, Dimanche 03 ao\u00fbt 2025 &#8211; L&#039;\u00c9quipe"},"content":{"rendered":"<ol>\n<li><a href=\"https:\/\/news.google.com\/rss\/articles\/CBMi2gFBVV95cUxQdUlHbFhQR0NYWGpoQjBxYVRqX3l0dlY2RE1LalNneDgxUURHQ0Ezd3FndDZDQWV3UWR4NkpGcHNybk5Hc01kWHlvTVAtdnVQeVN3YnpzZm5hVUdSaUlsOEh6VXc1UjBhWGt6TWtrbEVOZm13UmtqYWo0ZTEyaktWVkJycmczeWNGOGJnSl9YTUd4bDJycTVsSFhRUEMtUWxTUkZFOUZMX0p2ZXFfanBpSENhTkItMVcyOUp2cm5JQ0hlbS1YUW5EU0ZvWE5VQTJNSkZzUTJUeFVlQQ?oc=5\" target=\"_blank\" rel=\"nofollow noopener\">Alexander Zverev &#8211; Francisco Cerundolo, ATP 1000, Open du Canada, Huiti\u00e8mes de finale, Dimanche 03 ao\u00fbt 2025<\/a>&nbsp;&nbsp;L&rsquo;\u00c9quipe<\/li>\n<li><a href=\"https:\/\/news.google.com\/rss\/articles\/CBMi7AFBVV95cUxOdmZkMFF3NHZhUE04X0dJMk1yUVhHbGNDZHhzVVlZSEtOdnR4dVVXOTNaWFU5cEF1cTFEUDdsaXlSMEdfWVIzQ0VJYjB0VGFTTlNBVDdxQ0NzamFBVTd2NnR0VE9VcUdsZW8tLW9vS2NTZXRIYTlpTFNvbDJmWW9WdzBuY3hGbmNIeG90eHBicFF4VFkyMG05RG04UHpiVGczTExFVDVqdTFoUmh1LThlNWYzUnROdEUwWEhHSmd3dzZuclJlX0p2Z3MyVVE3Smk0Ujd0dXdzVkQ5R2xNUGxudkJvVlNBdDd4TFRmSA?oc=5\" target=\"_blank\" rel=\"nofollow noopener\">Karen Khachanov fait tomber Casper Ruud et se qualifie pour les quarts de finale du Masters 1000 de Toronto<\/a>&nbsp;&nbsp;L&rsquo;\u00c9quipe<\/li>\n<li><a href=\"https:\/\/news.google.com\/rss\/articles\/CBMijgFBVV95cUxOa0FxVWdpYzd3VW1xanZIQURjeEI2azlsMV96RU0zRlRrSHRvNXl0amxQbUhXQU1XenpQaWhSZllURFFnMjlJUFBkQzI4ZVhpcVJzVXFCQWxXa01uRUpqZV9KMF9uVGhQWFN6c1I1MjRIWGtWQzl2S0pnV1VyeVRuSFRpUlFBVlJCT1RIVjJn?oc=5\" target=\"_blank\" rel=\"nofollow noopener\">Tennis : Khachanov \u00e9carte Ruud \u00e0 Toronto<\/a>&nbsp;&nbsp;Le Figaro<\/li>\n<li><a href=\"https:\/\/news.google.com\/rss\/articles\/CBMinwFBVV95cUxOTlNvRS14NlJTOHY1TFVvSDZ1YzZPZ3hKdUZpMWdwNFo0RXN3YVVTaUxxTnVsLXpNdmRDNWNYZ2ZLZ1M4V3NuS1RCRmNOWDNRSW5XU3l1UDVULU1YMFlDV2pZUHB0NnB3WFhoaW9wenhYQWlqUm16LVVPeFdKekJKdGhhOGNZNGR3M1hzdHo1cmd3NGl2ZHJZMFJ4b2cwemc?oc=5\" target=\"_blank\" rel=\"nofollow noopener\">Karen Khachanov &#8211; Casper Ruud en direct &#8211; ATP Toronto : Tennis Scores &amp; R\u00e9sultats &#8211; 03\/08\/2025<\/a>&nbsp;&nbsp;Eurosport<\/li>\n<li><a href=\"https:\/\/news.google.com\/rss\/articles\/CBMioAFBVV95cUxQWjlRamQzd1FtcHZLZEJHRjhHOUlEUkE1d1IxV2hTUWtkbjdMeHpFTk1WTWhJb1lOVHF5QUhGYkJlUVhzNEU5MlZ5NUlFN0N1Tmk0eUp3VUR4SkFBd0I3aXo0eF9WODRsVTJ3TV8yTGltdXEyNGlwN05DcDBVLUlkaG9BR2hzVi15ZnhZdk9LTVV3Vm1ZNTN2X19vM2l1N0I0?oc=5\" target=\"_blank\" rel=\"nofollow noopener\">Aper\u00e7u du samedi 2 ao\u00fbt \u00e0 Toronto : D\u00e9but du TennisFest<\/a>&nbsp;&nbsp;Omnium Banque Nationale<\/li>\n<\/ol>\n","protected":false},"excerpt":{"rendered":"Alexander Zverev &#8211; Francisco Cerundolo, ATP 1000, Open du Canada, Huiti\u00e8mes de finale, Dimanche 03 ao\u00fbt 2025&nbsp;&nbsp;L&rsquo;\u00c9quipe Karen&hellip;\n","protected":false},"author":2,"featured_media":1983,"comment_status":"","ping_status":"","sticky":false,"template":"","format":"standard","meta":{"footnotes":""},"categories":[1415],"tags":[1011,27,60,1467],"class_list":{"0":"post-292195","1":"post","2":"type-post","3":"status-publish","4":"format-standard","5":"has-post-thumbnail","7":"category-tennis","8":"tag-fr","9":"tag-france","10":"tag-sports","11":"tag-tennis"},"share_on_mastodon":{"url":"https:\/\/pubeurope.com\/@fr\/114961227641657167","error":""},"_links":{"self":[{"href":"https:\/\/www.europesays.com\/fr\/wp-json\/wp\/v2\/posts\/292195","targetHints":{"allow":["GET"]}}],"collection":[{"href":"https:\/\/www.europesays.com\/fr\/wp-json\/wp\/v2\/posts"}],"about":[{"href":"https:\/\/www.europesays.com\/fr\/wp-json\/wp\/v2\/types\/post"}],"author":[{"embeddable":true,"href":"https:\/\/www.europesays.com\/fr\/wp-json\/wp\/v2\/users\/2"}],"replies":[{"embeddable":true,"href":"https:\/\/www.europesays.com\/fr\/wp-json\/wp\/v2\/comments?post=292195"}],"version-history":[{"count":0,"href":"https:\/\/www.europesays.com\/fr\/wp-json\/wp\/v2\/posts\/292195\/revisions"}],"wp:featuredmedia":[{"embeddable":true,"href":"https:\/\/www.europesays.com\/fr\/wp-json\/wp\/v2\/media\/1983"}],"wp:attachment":[{"href":"https:\/\/www.europesays.com\/fr\/wp-json\/wp\/v2\/media?parent=292195"}],"wp:term":[{"taxonomy":"category","embeddable":true,"href":"https:\/\/www.europesays.com\/fr\/wp-json\/wp\/v2\/categories?post=292195"},{"taxonomy":"post_tag","embeddable":true,"href":"https:\/\/www.europesays.com\/fr\/wp-json\/wp\/v2\/tags?post=292195"}],"curies":[{"name":"wp","href":"https:\/\/api.w.org\/{rel}","templated":true}]}}