{"id":292204,"date":"2025-08-02T21:17:14","date_gmt":"2025-08-02T21:17:14","guid":{"rendered":"https:\/\/www.europesays.com\/fr\/292204\/"},"modified":"2025-08-02T21:17:14","modified_gmt":"2025-08-02T21:17:14","slug":"meroe-marston-morse-la-visionnaire-qui-a-fait-du-polaroid-un-objet-culturel","status":"publish","type":"post","link":"https:\/\/www.europesays.com\/fr\/292204\/","title":{"rendered":"Mero\u00eb Marston Morse, la visionnaire qui a fait du Polaroid un objet culturel"},"content":{"rendered":"<p data-paragraph-id=\"5602400-1\">Aux yeux de Land, Mero\u00eb Marston Morse est devenue \u00ab\u00a0une \u00e2me s\u0153ur, une coll\u00e8gue de travail, une protectrice\u00a0\u00bb, \u00e9crit Victor\u00a0K.\u00a0Kennedy dans sa biographie d\u2019Edwin Land, Insisting on the Impossible. Elle n\u2019a pas eu besoin qu\u2019on lui explique la m\u00e9thode Polaroid\u00a0: \u00ab\u00a0\u00e9mettre une hypoth\u00e8se, tester l\u2019hypoth\u00e8se, modifier l\u2019hypoth\u00e8se, tester par une autre exp\u00e9rience, un train s\u00e9quentiel \u00e0 grande vitesse o\u00f9 plusieurs hypoth\u00e8ses et exp\u00e9riences sont propos\u00e9es chaque heure\u00a0\u00bb, une citation d\u2019un des inventeurs de la soci\u00e9t\u00e9, comme enregistr\u00e9e par McElheny.<\/p>\n<p data-paragraph-id=\"5602400-2\">Quelques courts mois apr\u00e8s son arriv\u00e9e, Mero\u00eb Marston Morse \u00e9tait en charge de la division des pellicules noir et blanc, o\u00f9 elle a men\u00e9 son \u00e9quipe \u00e0 travers les services tout au long de la journ\u00e9e alors que la soci\u00e9t\u00e9 faisait une transition et passait des photos s\u00e9pias monochromes \u00e0 des pellicules noir et blanc.<\/p>\n<p data-paragraph-id=\"5602400-3\">Ce processus s\u2019accompagnait de son lot de d\u00e9fis. Non seulement les cristaux situ\u00e9s dans les zones les plus sombres d\u2019une photo r\u00e9fl\u00e9chissaient la lumi\u00e8re, mais le papier qu\u2019ils utilisaient absorbaient les empreintes de doigts facilement. Et, peut-\u00eatre le pire, certaines photos s\u2019effa\u00e7aient apr\u00e8s quelques mois. Chris Bonanos, dont le livre Instant documente l\u2019histoire de l\u2019entreprise d\u2019appareil photo, <a href=\"https:\/\/www.polaroidland.net\/2012\/01\/10\/instant-artifact-type-41\/\" target=\"_blank\" rel=\"nofollow noopener noreferrer\">\u00e9crit<\/a> que Land d\u00e9crivait la cr\u00e9ation de la pellicule noir et blanc comme une \u00ab\u00a0des choses les plus compliqu\u00e9es qu\u2019a r\u00e9alis\u00e9es Polaroid\u00a0\u00bb.<\/p>\n<p data-paragraph-id=\"5602400-4\">Et la jeune femme se trouvait au c\u0153ur de tout, comme me l\u2019ont confi\u00e9 les anciens employ\u00e9s de Polaroid John et Mary McCann, lors d\u2019un entretien t\u00e9l\u00e9phonique r\u00e9cent. L\u2019\u00e9quipe de Morse analysait au fur et \u00e0 mesure de minuscules variations d\u2019une exposition standard, expliquait Mary, et Morse elle-m\u00eame \u00ab\u00a0avait l\u2019\u0153il pour d\u00e9celer les diff\u00e9rences\u00a0\u00bb gr\u00e2ce \u00e0 son enseignement en histoire de l\u2019art. \u00ab\u00a0Land et elle sont partis de ces premi\u00e8res exp\u00e9riences en laboratoire jusqu\u2019\u00e0 vendre les pellicules et r\u00e9colter des milliards de dollars\u00a0\u00bb, ajoute John.<\/p>\n<p data-paragraph-id=\"5602400-5\">John McCann m\u2019a confi\u00e9 que le temps qu\u2019il a pass\u00e9 chez Polaroid lui rappelait la Renaissance, quand \u00ab\u00a0les meilleurs scientifiques \u00e9taient les meilleurs peintres et qu\u2019ils faisaient tout\u00a0\u00bb. Les artistes de Polaroid valorisaient la science et les exp\u00e9riences et leurs perspectives comptaient tout autant que celles de chimistes entra\u00een\u00e9s.<\/p>\n<p data-paragraph-id=\"5602400-6\">Au sein du laboratoire de Mero\u00eb Marston Morse, les scientifiques \u00e9taient d\u00e9di\u00e9s \u00e0 la cr\u00e9ation de technologies qui seyaient aux artistes. Elle \u00e9tait l\u2019agente de liaison entre les scientifiques et les photographes qui servaient de consultants \u00e0 l\u2019entreprise. Elle a ainsi construit des relations avec le photographe de talent Minor White, la pionni\u00e8re de la photo en couleur Marie Cosindas et le photographe paysager Ansel Adams.<\/p>\n","protected":false},"excerpt":{"rendered":"Aux yeux de Land, Mero\u00eb Marston Morse est devenue \u00ab\u00a0une \u00e2me s\u0153ur, une coll\u00e8gue de travail, une protectrice\u00a0\u00bb,&hellip;\n","protected":false},"author":2,"featured_media":292205,"comment_status":"","ping_status":"","sticky":false,"template":"","format":"standard","meta":{"footnotes":""},"categories":[1358],"tags":[1348,1384,1385,1386,58,59,1011,27],"class_list":{"0":"post-292204","1":"post","2":"type-post","3":"status-publish","4":"format-standard","5":"has-post-thumbnail","7":"category-arts-et-design","8":"tag-arts","9":"tag-arts-and-design","10":"tag-arts-et-design","11":"tag-design","12":"tag-divertissement","13":"tag-entertainment","14":"tag-fr","15":"tag-france"},"share_on_mastodon":{"url":"https:\/\/pubeurope.com\/@fr\/114961255203431761","error":""},"_links":{"self":[{"href":"https:\/\/www.europesays.com\/fr\/wp-json\/wp\/v2\/posts\/292204","targetHints":{"allow":["GET"]}}],"collection":[{"href":"https:\/\/www.europesays.com\/fr\/wp-json\/wp\/v2\/posts"}],"about":[{"href":"https:\/\/www.europesays.com\/fr\/wp-json\/wp\/v2\/types\/post"}],"author":[{"embeddable":true,"href":"https:\/\/www.europesays.com\/fr\/wp-json\/wp\/v2\/users\/2"}],"replies":[{"embeddable":true,"href":"https:\/\/www.europesays.com\/fr\/wp-json\/wp\/v2\/comments?post=292204"}],"version-history":[{"count":0,"href":"https:\/\/www.europesays.com\/fr\/wp-json\/wp\/v2\/posts\/292204\/revisions"}],"wp:featuredmedia":[{"embeddable":true,"href":"https:\/\/www.europesays.com\/fr\/wp-json\/wp\/v2\/media\/292205"}],"wp:attachment":[{"href":"https:\/\/www.europesays.com\/fr\/wp-json\/wp\/v2\/media?parent=292204"}],"wp:term":[{"taxonomy":"category","embeddable":true,"href":"https:\/\/www.europesays.com\/fr\/wp-json\/wp\/v2\/categories?post=292204"},{"taxonomy":"post_tag","embeddable":true,"href":"https:\/\/www.europesays.com\/fr\/wp-json\/wp\/v2\/tags?post=292204"}],"curies":[{"name":"wp","href":"https:\/\/api.w.org\/{rel}","templated":true}]}}