{"id":292206,"date":"2025-08-02T21:18:12","date_gmt":"2025-08-02T21:18:12","guid":{"rendered":"https:\/\/www.europesays.com\/fr\/292206\/"},"modified":"2025-08-02T21:18:12","modified_gmt":"2025-08-02T21:18:12","slug":"fete-du-livre-2025-zoom-sur-la-marraine-de-cette-edition","status":"publish","type":"post","link":"https:\/\/www.europesays.com\/fr\/292206\/","title":{"rendered":"F\u00caTE DU LIVRE 2025 : ZOOM SUR LA MARRAINE DE CETTE \u00c9DITION"},"content":{"rendered":"<p>                <a href=\"https:\/\/cadenceradio.fr\" target=\"_blank\" aria-label=\"Banni\u00e8re Cadence 2025\" rel=\"noopener\"><img loading=\"lazy\" decoding=\"async\" src=\"https:\/\/www.europesays.com\/fr\/wp-content\/uploads\/2025\/07\/Banniere-Cadence-2025-scaled.jpg\" alt=\"\"   width=\"2560\" height=\"738\"\/><\/a><\/p>\n<p>Saint\u2011\u00c9tienne s\u2019illumine en octobre prochain : pour sa\u00a039\u1d49 F\u00eate du Livre\u00a0(du 10 au 12), ce sont\u00a050\u202f000 readers attendus,\u00a0180 auteurs,\u00a010 maisons d\u2019\u00e9dition\u00a0et\u00a0100 b\u00e9n\u00e9voles motiv\u00e9s\u00a0qui vous feront vibrer. L\u2019affiche, \u0153uvre de\u00a0Romain\u202fLubi\u00e8re, m\u00e9lange po\u00e9sie et surr\u00e9alisme : une silhouette \u2018n\u00e9nuphar\u2011t\u00eate\u2011livre\u2019 symbolise la lecture comme moteur d\u2019\u00e9panouissement. Hommage \u00e0 Luk\u00e1\u0161 K\u00e1ndl, inspiration de sa jeunesse, cette cr\u00e9ation est un manifeste visuel pour l\u2019imaginaire revisit\u00e9.<\/p>\n<p>La marraine est\u00a0<strong>Agn\u00e8s Ledig,<\/strong> romanci\u00e8re favorite des femmes lisant dehors, elle est pass\u00e9e de sage\u2011femme \u00e0 voix litt\u00e9raire incontournable. Elle viendra pr\u00e9senter son dernier roman,\u00a0R\u00e9pondre \u00e0 la nuit, fusion nature &amp; urgence \u00e9cologique pour reconnecter avec le monde vivant. Le parrain du festival\u00a0\u00ab\u202fLes Mots en sc\u00e8ne\u202f\u00bb\u00a0:\u00a0<strong>Benjamin Lacombe<\/strong>, illustrateur superstar au style \u00e0 la fois mignon et gla\u00e7ant (Tim Burton vibes). Il performera une lecture-dessin\u00e9e de\u00a0La Belle et la B\u00eate, et exposera sa\u00a0\u00ab\u202fEncyclop\u00e9die du Merveilleux\u202f\u00bb, \u00e0 l\u2019H\u00f4tel de Ville d\u00e8s le 8 octobre.<\/p>\n<p>Biographie express : Agn\u00e8s Ledig<\/p>\n<p>N\u00e9e \u00e0 Strasbourg (1972), fille d\u2019instituteurs, elle opte d\u2019abord pour des \u00e9tudes scientifiques puis se forme en tant que sage\u2011femme \u00e0 Strasbourg ; elle exerce jusqu\u2019en 2015 en Alsace. Elle se lance dans l\u2019\u00e9criture apr\u00e8s un deuil familial en 2005. Son\u00a0premier roman,\u00a0Marie d\u2019en haut\u00a0(2011), devient un coup de c\u0153ur du prix Femme Actuelle et la propulse sous les feux artistiques. En 2013,\u00a0Juste avant le bonheur\u00a0(Albin Michel) remporte le\u00a0Prix Maison de la Presse, devient bestseller (160\u202f000 ex vendus) et confirme son lectorat fid\u00e8le.<\/p>\n<p>Suit une s\u00e9rie de romans \u00e0 succ\u00e8s :\u00a0Pars avec lui\u00a0(2014),\u00a0On regrettera plus tard\u00a0(2016),\u00a0De tes nouvelles\u00a0(2017),\u00a0Dans le murmure des feuilles qui dansent\u00a0(2018) \u2013 traduits en douze langues. Elle publie\u00a0Le Petit Arbre qui voulait devenir un nuage\u00a0(2017) et\u00a0Le Cimeti\u00e8re des mots doux\u00a0(2019), avec Fr\u00e9d\u00e9ric Pillot, sur le th\u00e8me du deuil pour les petits. Son dernier roman\u00a0R\u00e9pondre \u00e0 la nuit\u00a0est paru en\u00a0janvier 2025\u00a0aux \u00e9ditions Albin Michel : un hommage \u00e0 la nature et \u00e0 son urgence protectrice.<\/p>\n","protected":false},"excerpt":{"rendered":"Saint\u2011\u00c9tienne s\u2019illumine en octobre prochain : pour sa\u00a039\u1d49 F\u00eate du Livre\u00a0(du 10 au 12), ce sont\u00a050\u202f000 readers attendus,\u00a0180&hellip;\n","protected":false},"author":2,"featured_media":292207,"comment_status":"","ping_status":"","sticky":false,"template":"","format":"standard","meta":{"footnotes":""},"categories":[1357],"tags":[1379,58,59,36981,1011,27,1380,3367,4001],"class_list":{"0":"post-292206","1":"post","2":"type-post","3":"status-publish","4":"format-standard","5":"has-post-thumbnail","7":"category-livres","8":"tag-books","9":"tag-divertissement","10":"tag-entertainment","11":"tag-fete-du-livre","12":"tag-fr","13":"tag-france","14":"tag-livres","15":"tag-loire","16":"tag-saint-etienne"},"share_on_mastodon":{"url":"https:\/\/pubeurope.com\/@fr\/114961259408392149","error":""},"_links":{"self":[{"href":"https:\/\/www.europesays.com\/fr\/wp-json\/wp\/v2\/posts\/292206","targetHints":{"allow":["GET"]}}],"collection":[{"href":"https:\/\/www.europesays.com\/fr\/wp-json\/wp\/v2\/posts"}],"about":[{"href":"https:\/\/www.europesays.com\/fr\/wp-json\/wp\/v2\/types\/post"}],"author":[{"embeddable":true,"href":"https:\/\/www.europesays.com\/fr\/wp-json\/wp\/v2\/users\/2"}],"replies":[{"embeddable":true,"href":"https:\/\/www.europesays.com\/fr\/wp-json\/wp\/v2\/comments?post=292206"}],"version-history":[{"count":0,"href":"https:\/\/www.europesays.com\/fr\/wp-json\/wp\/v2\/posts\/292206\/revisions"}],"wp:featuredmedia":[{"embeddable":true,"href":"https:\/\/www.europesays.com\/fr\/wp-json\/wp\/v2\/media\/292207"}],"wp:attachment":[{"href":"https:\/\/www.europesays.com\/fr\/wp-json\/wp\/v2\/media?parent=292206"}],"wp:term":[{"taxonomy":"category","embeddable":true,"href":"https:\/\/www.europesays.com\/fr\/wp-json\/wp\/v2\/categories?post=292206"},{"taxonomy":"post_tag","embeddable":true,"href":"https:\/\/www.europesays.com\/fr\/wp-json\/wp\/v2\/tags?post=292206"}],"curies":[{"name":"wp","href":"https:\/\/api.w.org\/{rel}","templated":true}]}}