{"id":29221,"date":"2025-04-16T12:37:15","date_gmt":"2025-04-16T12:37:15","guid":{"rendered":"https:\/\/www.europesays.com\/fr\/29221\/"},"modified":"2025-04-16T12:37:15","modified_gmt":"2025-04-16T12:37:15","slug":"le-salon-du-livre-de-gemenos-presente-son-edition-2025","status":"publish","type":"post","link":"https:\/\/www.europesays.com\/fr\/29221\/","title":{"rendered":"Le\u00a0Salon du livre de\u00a0G\u00e9menos pr\u00e9sente son \u00e9dition 2025"},"content":{"rendered":"<p>Parrain\u00e9 par Jean-No\u00ebl Pancrazi, V\u00e9ronique Olmi, Philippe Besson, Olivier Weber, ce salon accueillera 50 \u00e9crivains. Cette ann\u00e9e, seront c\u00e9l\u00e9br\u00e9es les 130 ans de la naissance de Marcel Pagnol \u00e0 Aubagne, dans la ville o\u00f9 il a tourn\u00e9 son film Regain. Nicolas Pagnol, petit-fils du c\u00e9l\u00e8bre \u00e9crivain sera \u00e9galement de la partie pour les temps forts qui lui seront consacr\u00e9s.\u00a0<\/p>\n<p>Le Salon du livre de G\u00e9menos propose une programmation riche en rencontres litt\u00e9raires. Jean-No\u00ebl Pancrazi, pr\u00e9sident de cette \u00e9dition, donnera un grand entretien le samedi 26 avril de 15h \u00e0 16h. Le m\u00eame jour, Olivier Weber, grand t\u00e9moin du Salon, \u00e9voquera ses \u00ab Ailleurs \u00bb, entre r\u00e9cits de voyage et zones de conflit, de 17h \u00e0 18h.<\/p>\n<p>Deux rencontres rendront hommage \u00e0 Marcel Pagnol et au cin\u00e9ma pour leurs 130 ans : Des Fr\u00e8res Lumi\u00e8re \u00e0 Marcel Pagnol le samedi 26 avril, de 12h \u00e0 13h et Albert Camus \/ Marcel Pagnol \u2013 Regards crois\u00e9s le dimanche 27 avril, de 15h \u00e0 16h.<\/p>\n<p>L\u2019enfance sera \u00e9galement au c\u0153ur des \u00e9changes avec L\u2019enfance, l\u2019\u00e9ternel retour le samedi, de 14h \u00e0 15h et Des enfances \u00e0 d\u00e9fendre le samedi, de 16h \u00e0 17h. \u00c0 noter \u00e9galement une conf\u00e9rence sur La Fornarina de Rapha\u00ebl le samedi, de 11h \u00e0 12h, le Caf\u00e9 litt\u00e9raire de Ren\u00e9 Fr\u00e9gni le samedi, de 14h \u00e0 15h, une rencontre autour de la fraternit\u00e9 Tous fr\u00e8res\u2026 le dimanche de 12h \u00e0 13h et une \u00e9vocation du voyage de Marie Madeleine en Provence le dimanche de 14h \u00e0 15h, alors que le sanctuaire de la Sainte Baume vient d\u2019\u00eatre class\u00e9 au patrimoine historique fran\u00e7ais.<\/p>\n<p><a href=\"https:\/\/salondulivre-gemenos.fr\/\" rel=\"nofollow noopener\" target=\"_blank\">Retrouvez ici tous les auteurs<\/a>, et le programme du Salon du livre de G\u00e9menos 2025 ci-dessous :<\/p>\n<p><img decoding=\"async\" class=\"article_image\" src=\"https:\/\/www.europesays.com\/fr\/wp-content\/uploads\/2025\/04\/le-salon-du-livre-de-gemenos-presente-son-edition-2025-67fe445c617c4524508191.png\" alt=\"\/uploads\/images\/capture-d-ecran-2025-04-15-a-13-22-43-67fe445c617c4524508191.png\"\/><\/p>\n<p>Cr\u00e9dits images : Salon du livre de G\u00e9menos<\/p>\n<p class=\"article-signature\">Par <a class=\"article-signature_url\" href=\"https:\/\/actualitte.com\/auteurs\/4\/depeche\" rel=\"nofollow noopener\" target=\"_blank\">D\u00e9p\u00eache<\/a><br \/>Contact : <a class=\"article-signature_mail\" href=\"https:\/\/actualitte.com\/article\/123268\/salons-festivals\/mailto:depeche@actualitte.com\" rel=\"nofollow noopener\" target=\"_blank\">depeche@actualitte.com<\/a><\/p>\n","protected":false},"excerpt":{"rendered":"Parrain\u00e9 par Jean-No\u00ebl Pancrazi, V\u00e9ronique Olmi, Philippe Besson, Olivier Weber, ce salon accueillera 50 \u00e9crivains. Cette ann\u00e9e, seront&hellip;\n","protected":false},"author":2,"featured_media":29222,"comment_status":"","ping_status":"","sticky":false,"template":"","format":"standard","meta":{"footnotes":""},"categories":[1357],"tags":[1379,58,59,1011,27,1380],"class_list":{"0":"post-29221","1":"post","2":"type-post","3":"status-publish","4":"format-standard","5":"has-post-thumbnail","7":"category-livres","8":"tag-books","9":"tag-divertissement","10":"tag-entertainment","11":"tag-fr","12":"tag-france","13":"tag-livres"},"share_on_mastodon":{"url":"https:\/\/pubeurope.com\/@fr\/114347681527620978","error":""},"_links":{"self":[{"href":"https:\/\/www.europesays.com\/fr\/wp-json\/wp\/v2\/posts\/29221","targetHints":{"allow":["GET"]}}],"collection":[{"href":"https:\/\/www.europesays.com\/fr\/wp-json\/wp\/v2\/posts"}],"about":[{"href":"https:\/\/www.europesays.com\/fr\/wp-json\/wp\/v2\/types\/post"}],"author":[{"embeddable":true,"href":"https:\/\/www.europesays.com\/fr\/wp-json\/wp\/v2\/users\/2"}],"replies":[{"embeddable":true,"href":"https:\/\/www.europesays.com\/fr\/wp-json\/wp\/v2\/comments?post=29221"}],"version-history":[{"count":0,"href":"https:\/\/www.europesays.com\/fr\/wp-json\/wp\/v2\/posts\/29221\/revisions"}],"wp:featuredmedia":[{"embeddable":true,"href":"https:\/\/www.europesays.com\/fr\/wp-json\/wp\/v2\/media\/29222"}],"wp:attachment":[{"href":"https:\/\/www.europesays.com\/fr\/wp-json\/wp\/v2\/media?parent=29221"}],"wp:term":[{"taxonomy":"category","embeddable":true,"href":"https:\/\/www.europesays.com\/fr\/wp-json\/wp\/v2\/categories?post=29221"},{"taxonomy":"post_tag","embeddable":true,"href":"https:\/\/www.europesays.com\/fr\/wp-json\/wp\/v2\/tags?post=29221"}],"curies":[{"name":"wp","href":"https:\/\/api.w.org\/{rel}","templated":true}]}}