{"id":292210,"date":"2025-08-02T21:20:13","date_gmt":"2025-08-02T21:20:13","guid":{"rendered":"https:\/\/www.europesays.com\/fr\/292210\/"},"modified":"2025-08-02T21:20:13","modified_gmt":"2025-08-02T21:20:13","slug":"kendji-girac-devoile-son-nouveau-projet-qui-na-rien-a-voir-avec-la-musique","status":"publish","type":"post","link":"https:\/\/www.europesays.com\/fr\/292210\/","title":{"rendered":"Kendji Girac d\u00e9voile son nouveau projet qui n\u2019a rien \u00e0 voir avec la musique"},"content":{"rendered":"<p>Pendant la <a href=\"https:\/\/www.programme-tv.net\/news\/loisirs\/367358-romance-nationale-de-mehdi-ouraoui-le-roman-politique-prenant-et-inattendu-de-la-rentree-litteraire-d-hiver-2025\/\" data-api-deeplink=\"teleloisirs:\/\/news\/367358\" target=\"_blank\" rel=\"noopener\">rentr\u00e9e litt\u00e9raire<\/a>, les libraires mettront en rayon des romans, des essais, des bandes dessin\u00e9es, mais aussi des autobiographies de stars. Dans cette cat\u00e9gorie, un nouvel auteur se lance cette ann\u00e9e : Kendji Girac. Le chanteur de 29 ans a en effet annonc\u00e9 sur Instagram le vendredi 1er ao\u00fbt sortir son premier livre, Mi Vida, une autobiographie publi\u00e9e aux \u00e9ditions Flammarion. \u201cEst-ce que vous savez qu\u2019on s\u2019est rencontr\u00e9s il y a plus de dix ans\u201d, commence celui qui s\u2019\u00e9tait fait conna\u00eetre du grand public en 2014, en participant \u00e0 la <a href=\"https:\/\/www.programme-tv.net\/news\/tv\/361701-the-voice-kids-2024-kendji-girac-fera-sa-premiere-apparition-publique-depuis-le-drame-lors-de-la-finale\/\" data-api-deeplink=\"teleloisirs:\/\/news\/361701\" target=\"_blank\" rel=\"noopener\">troisi\u00e8me saison de The Voice<\/a> qu&rsquo;il a remport\u00e9e haut la main. \u201cToutes ces ann\u00e9es, vous m\u2019avez vu chanter, grandir, jouer de la guitare\u2026 progresser en fran\u00e7ais aussi !\u201d, s\u2019amuse le musicien dont la langue maternelle est le catalan.<\/p>\n<p>                        Kendji Girac promet de livrer \u201ctoute sa v\u00e9rit\u00e9\u201d dans son autobiographie<\/p>\n<p>\u201cOn m\u2019a souvent propos\u00e9 de raconter ma vie, mais je me disais qu\u2019\u00e0 mon \u00e2ge, c\u2019\u00e9tait peut-\u00eatre un peu pr\u00e9tentieux\u201d, s\u2019est-il souvenu. Mais, finalement, Kendji Girac a v\u00e9cu des ann\u00e9es riches en \u00e9motions, o\u00f9 \u201cbeaucoup de choses ont chang\u00e9 \u00e0 l\u2019int\u00e9rieur de [lui]\u201d. Il a donc \u201cressenti le besoin de [se] livrer dans ces pages\u201d, pour que ses fans, mais aussi lui-m\u00eame, arrivent mieux \u00e0 le comprendre. \u201cPour la premi\u00e8re fois, dans ce livre, je raconte Mi Vida, la vraie.\u201d Il promet \u00e0 ses futurs lecteurs de leur partager sa vie, son enfance, <a href=\"https:\/\/www.programme-tv.net\/news\/people\/379159-kendji-girac-papa-pour-la-deuxieme-fois-pluie-d-amour-et-de-messages-de-stars-apres-la-naissance-de-son-fils\/\" data-api-deeplink=\"teleloisirs:\/\/news\/379159\" target=\"_blank\" rel=\"noopener\">sa paternit\u00e9<\/a>\u2026 le tout sans fard. \u201cBien s\u00fbr, dans ces lignes je vous montre aussi ce que j\u2019ai parfois cach\u00e9 derri\u00e8re mon sourire, sans vraiment le vouloir\u201d, ajoute-t-il. Bref, un livre o\u00f9 il livrera \u201ctoute sa v\u00e9rit\u00e9\u201d, qui sortira le 1er octobre.<\/p>\n<p>            L\u2019autobiographie de Kendji Girac, Mi Vida, devrait revenir sur son accident d\u2019avril 2024<\/p>\n<p>Dans le r\u00e9sum\u00e9 du livre disponible en ligne, Mi Vida promet de revenir sur <a href=\"https:\/\/www.programme-tv.net\/news\/tv\/365454-c-est-la-premiere-fois-que-j-en-parle-kendji-girac-revient-sur-son-accident-par-balle-dans-un-dimanche-a-la-campagne\/\" data-api-deeplink=\"teleloisirs:\/\/news\/365454\" target=\"_blank\" rel=\"noopener\">\u201cle drame\u201d<\/a> v\u00e9cu par Kendji Girac en avril 2024. Pour rappel, dans la nuit du 21 au 22 avril dernier, le chanteur s&rsquo;est tir\u00e9 une balle apr\u00e8s une dispute avec sa femme dans sa caravane. Apr\u00e8s une mention d\u2019un \u201cchantage au suicide\u201d par le procureur des Landes lors d\u2019une conf\u00e9rence de presse, <a href=\"https:\/\/www.programme-tv.net\/news\/people\/351878-kendji-girac-qui-est-soraya-miranda-sa-discrete-compagne\/\" data-api-deeplink=\"teleloisirs:\/\/news\/351878\" target=\"_blank\" rel=\"noopener\">l\u2019\u00e9pouse de Kendji Girac<\/a> avait vivement pris la d\u00e9fense de son mari.<\/p>\n<blockquote class=\"instagram-media\" data-instgrm-captioned=\"\" data-instgrm-permalink=\"https:\/\/www.instagram.com\/reel\/DMzj7CCtZMC\/?utm_source=ig_embed&amp;utm_campaign=loading\" data-instgrm-version=\"14\" style=\" background:#FFF; border:0; border-radius:3px; box-shadow:0 0 1px 0 rgba(0,0,0,0.5),0 1px 10px 0 rgba(0,0,0,0.15); margin: 1px; max-width:658px; min-width:326px; padding:0; width:99.375%; width:-webkit-calc(100% - 2px); width:calc(100% - 2px);\"\/>\n<p>Article \u00e9crit en collaboration avec 6m\u00e9dias.<\/p>\n<p>    <script async src=\"\/\/www.instagram.com\/embed.js\"><\/script><\/p>\n","protected":false},"excerpt":{"rendered":"Pendant la rentr\u00e9e litt\u00e9raire, les libraires mettront en rayon des romans, des essais, des bandes dessin\u00e9es, mais aussi&hellip;\n","protected":false},"author":2,"featured_media":292211,"comment_status":"","ping_status":"","sticky":false,"template":"","format":"standard","meta":{"footnotes":""},"categories":[1355],"tags":[5587,244,58,59,1011,27,12294,7780,2003,1361,873,9482,5251],"class_list":{"0":"post-292210","1":"post","2":"type-post","3":"status-publish","4":"format-standard","5":"has-post-thumbnail","7":"category-musique","8":"tag-autobiographie","9":"tag-commentaire","10":"tag-divertissement","11":"tag-entertainment","12":"tag-fr","13":"tag-france","14":"tag-fru00e9du00e9ric-lopez","15":"tag-kendji-girac","16":"tag-livre","17":"tag-music","18":"tag-musique","19":"tag-rendez-vous-en-terre-inconnue","20":"tag-tu00e9lu00e9-loisirs"},"share_on_mastodon":{"url":"https:\/\/pubeurope.com\/@fr\/114961267043930824","error":""},"_links":{"self":[{"href":"https:\/\/www.europesays.com\/fr\/wp-json\/wp\/v2\/posts\/292210","targetHints":{"allow":["GET"]}}],"collection":[{"href":"https:\/\/www.europesays.com\/fr\/wp-json\/wp\/v2\/posts"}],"about":[{"href":"https:\/\/www.europesays.com\/fr\/wp-json\/wp\/v2\/types\/post"}],"author":[{"embeddable":true,"href":"https:\/\/www.europesays.com\/fr\/wp-json\/wp\/v2\/users\/2"}],"replies":[{"embeddable":true,"href":"https:\/\/www.europesays.com\/fr\/wp-json\/wp\/v2\/comments?post=292210"}],"version-history":[{"count":0,"href":"https:\/\/www.europesays.com\/fr\/wp-json\/wp\/v2\/posts\/292210\/revisions"}],"wp:featuredmedia":[{"embeddable":true,"href":"https:\/\/www.europesays.com\/fr\/wp-json\/wp\/v2\/media\/292211"}],"wp:attachment":[{"href":"https:\/\/www.europesays.com\/fr\/wp-json\/wp\/v2\/media?parent=292210"}],"wp:term":[{"taxonomy":"category","embeddable":true,"href":"https:\/\/www.europesays.com\/fr\/wp-json\/wp\/v2\/categories?post=292210"},{"taxonomy":"post_tag","embeddable":true,"href":"https:\/\/www.europesays.com\/fr\/wp-json\/wp\/v2\/tags?post=292210"}],"curies":[{"name":"wp","href":"https:\/\/api.w.org\/{rel}","templated":true}]}}