{"id":292214,"date":"2025-08-02T21:22:16","date_gmt":"2025-08-02T21:22:16","guid":{"rendered":"https:\/\/www.europesays.com\/fr\/292214\/"},"modified":"2025-08-02T21:22:16","modified_gmt":"2025-08-02T21:22:16","slug":"tuberculose-bovine-la-menace-plane-la-crise-contenue","status":"publish","type":"post","link":"https:\/\/www.europesays.com\/fr\/292214\/","title":{"rendered":"Tuberculose bovine\u00a0: la menace plane, la crise contenue"},"content":{"rendered":"<p>Un moindre mal pour les \u00e9leveurs de B\u00e9arn et Soule d\u00e9j\u00e0 confront\u00e9s depuis plusieurs mois \u00e0 une autre&#8230;<\/p>\n<p>Un moindre mal pour les \u00e9leveurs de B\u00e9arn et Soule d\u00e9j\u00e0 confront\u00e9s depuis plusieurs mois \u00e0 une autre \u00e9pizootie avec la tuberculose bovine, qui avait amen\u00e9 le pr\u00e9fet des Pyr\u00e9n\u00e9es-Atlantiques, Jean-Marie Girier \u00e0 d\u00e9voiler en f\u00e9vrier un plan d\u2019action renforc\u00e9 b\u00e2ti sur cinq piliers\u00a0: l\u2019\u00e9pid\u00e9miologie avec la cr\u00e9ation d\u2019une zone de surveillance renforc\u00e9e, une meilleure gestion de la faune sauvage, un renforcement de la bios\u00e9curit\u00e9 dans les \u00e9levages, l\u2019assainissement des foyers et l\u2019accompagnement des \u00e9leveurs et de leurs proches, d\u2019un point de vue \u00e9conomique comme psychologique.<\/p>\n<p>    La r\u00e9daction vous conseille<\/p>\n<p>    La r\u00e9daction vous conseille<\/p>\n<p>8 foyers en B\u00e9arn<\/p>\n<p>Un seul front pour l\u2019instant et une situation globalement sous contr\u00f4le avec une \u00e9pizootie qui, \u00e0 d\u00e9faut d\u2019avoir \u00e9t\u00e9 stopp\u00e9e, para\u00eet frein\u00e9e dans son extension.\u00a0Le 13\u00a0mai, la pr\u00e9fecture comptabilisait\u00a019 foyers av\u00e9r\u00e9s et une forte suspicion dans un \u00e9levage.\u00a0Moins de trois mois plus tard, les chiffres officiels font \u00e9tat 26 foyers dont 21 recens\u00e9s depuis le 1er\u00a0janvier 2025\u00a0: 13 foyers en Soule d\u00e9couverts entre l\u2019automne et le printemps (le dernier d\u00e9clar\u00e9 d\u00e9but juin)\u00a0; 5 foyers d\u00e9couverts au Pays basque hors Soule entre f\u00e9vrier et juillet 2025 (les derniers li\u00e9s \u00e0 des mouvements d\u2019animaux) et 8 foyers d\u00e9couverts dans le secteur du B\u00e9arn entre mars et juillet 2025. La pr\u00e9fecture d\u00e9peint un tableau rassurant\u00a0en indiquant que \u00ab\u00a0Les mesures d\u2019assainissement sont engag\u00e9es dans la grande majorit\u00e9 des foyers et vont se poursuivre au cours des prochaines semaines et mois avec l\u2019engagement des \u00e9leveurs et des v\u00e9t\u00e9rinaires\u00a0\u00bb. Elle rappelle aussi que\u00a0trois \u00e9levages ont d\u2019ores et d\u00e9j\u00e0 pu \u00eatre requalifi\u00e9s et reprendre une activit\u00e9 normale d\u2019exploitation.<\/p>\n<p>    La r\u00e9daction vous conseille<\/p>\n<p>La chasse aux blaireaux<\/p>\n<p>Mais les efforts s\u2019intensifient pour que la situation ne s\u2019aggrave pas, notamment dans le volet de surveillance de la tuberculose dans la faune sauvage avec pi\u00e9geages soutenus (659 blaireaux pi\u00e9g\u00e9s dont 88 ont \u00e9t\u00e9 d\u00e9clar\u00e9s positifs\u00a0soit\u00a013\u00a0%). La\u00a0pr\u00e9fecture rappelle que des mesures de lutte sont mises en place dans ces terriers positifs pour prot\u00e9ger les troupeaux bovins et que la carte de surveillance a \u00e9t\u00e9 actualis\u00e9e.<\/p>\n<p>Comme promis en mai, une r\u00e9union pl\u00e9ni\u00e8re se tiendra \u00e0 la rentr\u00e9e.\u00a0La date est d\u00e9sormais fix\u00e9e\u00a0: le pr\u00e9fet Jean-Marie Girier pr\u00e9sidera un comit\u00e9 d\u00e9partemental tuberculose le 10\u00a0septembre 2025 avec l\u2019ensemble des parties prenantes, quelques jours avant le d\u00e9but de la campagne de prophylaxies fix\u00e9e au 1er\u00a0octobre 2025. D\u2019ici l\u00e0, il faut esp\u00e9rer qu\u2019il n\u2019y ait toujours que cette bataille \u00e0 mener. Car sur le dossier de dermatose nodulaire, l\u2019Etat a r\u00e9p\u00e9t\u00e9 que strat\u00e9gie d\u2019abattage s\u00e9lectif n\u2019\u00e9tait pas envisag\u00e9e\u2026<\/p>\n","protected":false},"excerpt":{"rendered":"Un moindre mal pour les \u00e9leveurs de B\u00e9arn et Soule d\u00e9j\u00e0 confront\u00e9s depuis plusieurs mois \u00e0 une autre&#8230;&hellip;\n","protected":false},"author":2,"featured_media":292215,"comment_status":"","ping_status":"","sticky":false,"template":"","format":"standard","meta":{"footnotes":""},"categories":[10],"tags":[1011,27,72,71],"class_list":{"0":"post-292214","1":"post","2":"type-post","3":"status-publish","4":"format-standard","5":"has-post-thumbnail","7":"category-sante","8":"tag-fr","9":"tag-france","10":"tag-health","11":"tag-sante"},"share_on_mastodon":{"url":"https:\/\/pubeurope.com\/@fr\/114961274884532234","error":""},"_links":{"self":[{"href":"https:\/\/www.europesays.com\/fr\/wp-json\/wp\/v2\/posts\/292214","targetHints":{"allow":["GET"]}}],"collection":[{"href":"https:\/\/www.europesays.com\/fr\/wp-json\/wp\/v2\/posts"}],"about":[{"href":"https:\/\/www.europesays.com\/fr\/wp-json\/wp\/v2\/types\/post"}],"author":[{"embeddable":true,"href":"https:\/\/www.europesays.com\/fr\/wp-json\/wp\/v2\/users\/2"}],"replies":[{"embeddable":true,"href":"https:\/\/www.europesays.com\/fr\/wp-json\/wp\/v2\/comments?post=292214"}],"version-history":[{"count":0,"href":"https:\/\/www.europesays.com\/fr\/wp-json\/wp\/v2\/posts\/292214\/revisions"}],"wp:featuredmedia":[{"embeddable":true,"href":"https:\/\/www.europesays.com\/fr\/wp-json\/wp\/v2\/media\/292215"}],"wp:attachment":[{"href":"https:\/\/www.europesays.com\/fr\/wp-json\/wp\/v2\/media?parent=292214"}],"wp:term":[{"taxonomy":"category","embeddable":true,"href":"https:\/\/www.europesays.com\/fr\/wp-json\/wp\/v2\/categories?post=292214"},{"taxonomy":"post_tag","embeddable":true,"href":"https:\/\/www.europesays.com\/fr\/wp-json\/wp\/v2\/tags?post=292214"}],"curies":[{"name":"wp","href":"https:\/\/api.w.org\/{rel}","templated":true}]}}