{"id":292216,"date":"2025-08-02T21:23:13","date_gmt":"2025-08-02T21:23:13","guid":{"rendered":"https:\/\/www.europesays.com\/fr\/292216\/"},"modified":"2025-08-02T21:23:13","modified_gmt":"2025-08-02T21:23:13","slug":"lom-tenu-en-echec-par-seville-apres-un-match-tendu-au-velodrome","status":"publish","type":"post","link":"https:\/\/www.europesays.com\/fr\/292216\/","title":{"rendered":"l\u2019OM tenu en \u00e9chec par S\u00e9ville apr\u00e8s un match tendu au V\u00e9lodrome"},"content":{"rendered":"<p>Toujours invaincus en pr\u00e9saison, les Marseillais n\u2019ont pu faire mieux qu\u2019un nul ce samedi, au V\u00e9lodrome, face aux Espagnols du FC S\u00e9ville.<\/p>\n<p class=\"fig-paragraph\">L\u2019Olympique de Marseille a conc\u00e9d\u00e9 le match nul\u00a0<a href=\"https:\/\/www.lefigaro.fr\/sports\/football\/ligue-1\/en-direct-om-seville-les-marseillais-retrouvent-le-velodrome-20250802\" data-fig-type=\"Live\" data-gtm-custom-categorie=\"navigation\" data-gtm-custom-action=\"crossclick\" data-gtm-custom-label=\"Contextuel\" data-gtm-event=\"customEventSPE\" data-fig-domain=\"LEFIGARO\" target=\"_blank\" rel=\"noopener\">1-1<\/a>\u00a0face aux Espagnols du S\u00e9ville FC pour son retour sur sa pelouse du stade V\u00e9lodrome samedi soir, \u00e0 l\u2019issue d\u2019une rencontre amicale qu\u2019il a pourtant largement domin\u00e9e. Devant quelque 60.000 spectateurs avides de d\u00e9couvrir le mill\u00e9sime 2025-26 de l\u2019OM, les hommes de Roberto de Zerbi ont largement domin\u00e9 l\u2019\u00e9quipe andalouse, 17e de la derni\u00e8re Liga et bien loin de l\u2019armada qui a d\u00e9croch\u00e9 sept sacres en Ligues Europa, la derni\u00e8re en 2023.<\/p>\n<p class=\"fig-paragraph\">Mais l\u2019OM a vendang\u00e9 trop d\u2019occasions pour se mettre \u00e0 l\u2019abri, malgr\u00e9 un Mason Greenwood une nouvelle fois \u00e9tincelant, auteur de son 6e but cet \u00e9t\u00e9, d\u2019une magnifique t\u00eate au ras du poteau droit \u00e0 la r\u00e9ception d\u2019un centre de Murillo (25e). Et quelques minutes plus tard, alors que Rulli n\u2019avait encore eu qu\u2019un seul arr\u00eat \u00e0 faire, ce sont donc les Andalous qui \u00e9galisaient (36e), par Ibrahima Sow, totalement oubli\u00e9 par la d\u00e9fense centrale phoc\u00e9enne \u00e0 la limite de la surface de r\u00e9paration, \u00e0 la r\u00e9ception d\u2019un centre de la droite.<\/p>\n<p>                                    <a class=\"fig-a11y-skip a11y-hidden\" href=\"#fig-a11y-skip-main-inarticle\"><br \/>\n        Passer la publicit\u00e9<br \/>\n    <\/a><\/p>\n<p class=\"fig-paragraph\"><a href=\"http:\/\/www.lefigaro.fr\/sports\/football\/valence-om-un-match-nul-frustrant-pour-les-marseillais-malgre-des-intentions-20250729\" data-fig-type=\"NewsFlash\" data-gtm-custom-categorie=\"navigation\" data-gtm-custom-action=\"crossclick\" data-gtm-custom-label=\"Contextuel\" data-gtm-event=\"customEventSPE\" data-fig-domain=\"LEFIGARO\" target=\"_blank\" rel=\"noopener\">Apr\u00e8s avoir conc\u00e9d\u00e9 le nul 1-1 \u00e0 Tarragone mardi contre les Espagnols de Valence<\/a>, les Marseillais ont donc laiss\u00e9 \u00e9chapper une autre victoire qui leur tendait les bras, faute d\u2019efficacit\u00e9 en attaque. Et ils auraient m\u00eame pu s\u2019incliner si Balerdi n\u2019avait pas sauv\u00e9 sur sa ligne ou presque un lob andalou apr\u00e8s une perte de balle de Rulli parti trop loin de ses cages (87e).<\/p>\n<p class=\"fig-paragraph\">\u00c0 la mi-temps, c\u2019est pourtant au moins deux autres buts que l\u2019OM aurait d\u00e9j\u00e0 d\u00fb engranger, avec cette t\u00eate de Hojbjerg, seul face au gardien (16e), sur un centre de Greenwood, ou cette autre t\u00eate de Gouiri (45e), sur un centre de Murillo. Mais \u00e0 chaque fois, le gardien \u00e9tait sur la trajectoire d\u2019un ballon mal cadr\u00e9 ou frapp\u00e9 trop mollement. Intenable sur son aile gauche, au point d\u2019obtenir deux cartons jaunes sur les d\u00e9fenseurs s\u00e9villans, Jonathan Rowe aurait largement m\u00e9rit\u00e9 mieux.<\/p>\n<p>Aubameyang entr\u00e9 en jeu<\/p>\n<p class=\"fig-paragraph\">Et la rentr\u00e9e de Pierre-Emerick Aubameyang pour les 20 derni\u00e8res minutes, 48 heures \u00e0 peine apr\u00e8s son retour de sa pige d\u2019un an en Arabie saoudite, n\u2019a pas chang\u00e9 le cours des choses, au sein d\u2019un onze marseillais d\u00e9j\u00e0 largement remani\u00e9 \u00e0 l\u2019heure de jeu.<\/p>\n<p class=\"fig-paragraph\">Cinq matches de pr\u00e9paration, et aucune d\u00e9faite pour l\u2019OM, donc, apr\u00e8s deux nuls (1-1 contre les Belges de D2 de Charleroi puis contre les Espagnols de Valence) et deux victoires (5-0 contre l\u2019\u00e9quipe de D3 n\u00e9erlandaise de Maasluis et 2-0 contre les Espagnols de G\u00e9rone). Pour leur retour au V\u00e9lodrome pour la premi\u00e8re fois depuis le 17 mai et leur victoire 4-2 contre Rennes pour la derni\u00e8re journ\u00e9e de Ligue 1, les Marseillais ont frustr\u00e9 leur public. Mais ils auront l\u2019occasion de se racheter dans une semaine, face aux Anglais d\u2019Aston Villa cette fois. Puis ce sera la rentr\u00e9e des classes en L1, le 15 ao\u00fbt, \u00e0 Rennes.<\/p>\n","protected":false},"excerpt":{"rendered":"Toujours invaincus en pr\u00e9saison, les Marseillais n\u2019ont pu faire mieux qu\u2019un nul ce samedi, au V\u00e9lodrome, face aux&hellip;\n","protected":false},"author":2,"featured_media":292217,"comment_status":"","ping_status":"","sticky":false,"template":"","format":"standard","meta":{"footnotes":""},"categories":[9],"tags":[22910,1011,27,149,60],"class_list":{"0":"post-292216","1":"post","2":"type-post","3":"status-publish","4":"format-standard","5":"has-post-thumbnail","7":"category-sports","8":"tag-fc-seville","9":"tag-fr","10":"tag-france","11":"tag-om","12":"tag-sports"},"share_on_mastodon":{"url":"https:\/\/pubeurope.com\/@fr\/114961278807512743","error":""},"_links":{"self":[{"href":"https:\/\/www.europesays.com\/fr\/wp-json\/wp\/v2\/posts\/292216","targetHints":{"allow":["GET"]}}],"collection":[{"href":"https:\/\/www.europesays.com\/fr\/wp-json\/wp\/v2\/posts"}],"about":[{"href":"https:\/\/www.europesays.com\/fr\/wp-json\/wp\/v2\/types\/post"}],"author":[{"embeddable":true,"href":"https:\/\/www.europesays.com\/fr\/wp-json\/wp\/v2\/users\/2"}],"replies":[{"embeddable":true,"href":"https:\/\/www.europesays.com\/fr\/wp-json\/wp\/v2\/comments?post=292216"}],"version-history":[{"count":0,"href":"https:\/\/www.europesays.com\/fr\/wp-json\/wp\/v2\/posts\/292216\/revisions"}],"wp:featuredmedia":[{"embeddable":true,"href":"https:\/\/www.europesays.com\/fr\/wp-json\/wp\/v2\/media\/292217"}],"wp:attachment":[{"href":"https:\/\/www.europesays.com\/fr\/wp-json\/wp\/v2\/media?parent=292216"}],"wp:term":[{"taxonomy":"category","embeddable":true,"href":"https:\/\/www.europesays.com\/fr\/wp-json\/wp\/v2\/categories?post=292216"},{"taxonomy":"post_tag","embeddable":true,"href":"https:\/\/www.europesays.com\/fr\/wp-json\/wp\/v2\/tags?post=292216"}],"curies":[{"name":"wp","href":"https:\/\/api.w.org\/{rel}","templated":true}]}}