{"id":292218,"date":"2025-08-02T21:24:12","date_gmt":"2025-08-02T21:24:12","guid":{"rendered":"https:\/\/www.europesays.com\/fr\/292218\/"},"modified":"2025-08-02T21:24:12","modified_gmt":"2025-08-02T21:24:12","slug":"katy-perry-separee-dorlando-bloom-elle-force-avec-justin-trudeau-il-se-sent-pris-au-piege","status":"publish","type":"post","link":"https:\/\/www.europesays.com\/fr\/292218\/","title":{"rendered":"Katy Perry s\u00e9par\u00e9e d\u2019Orlando Bloom : elle force avec Justin Trudeau ! \u201cIl se sent pris au pi\u00e8ge\u2026\u201d"},"content":{"rendered":"<p>Depuis sa rupture avec l&rsquo;acteur britannique Orlando Bloom<br \/>\nannonc\u00e9e le mois dernier, <a href=\"https:\/\/www.dailymail.co.uk\/news\/article-14963483\/Katy-Perry-Justin-Trudeaus-date-victim-TOM-LEONARD.html\" rel=\"nofollow noopener\" target=\"_blank\"><br \/>\nl&rsquo;interpr\u00e8te de \u00ab\u00a0Teenage Dream\u00a0\u00bb<\/a> multiplie les apparitions<br \/>\npubliques. Cette fois, c&rsquo;est aux c\u00f4t\u00e9s de l&rsquo;ancien dirigeant<br \/>\ncanadien que la star de 40 ans a fait sensation dans un restaurant<br \/>\nhupp\u00e9 de la m\u00e9tropole qu\u00e9b\u00e9coise.<\/p>\n<p>Un rendez-vous tr\u00e8s m\u00e9diatis\u00e9<\/p>\n<p>Lundi soir dernier, la <a href=\"https:\/\/www.closermag.fr\/people\/katy-perry-separe-dorlando-bloom-son-intrigant-diner-avec-un-homme-politique-celebre-et-canon-3567811\" rel=\"nofollow noopener\" target=\"_blank\"><br \/>\nchanteuse californienne<\/a> et l&rsquo;homme politique de 53 ans ont<br \/>\npartag\u00e9 un long repas au Violon, \u00e9tablissement r\u00e9put\u00e9 de Montr\u00e9al.<br \/>\nLe duo a pass\u00e9 plusieurs heures attabl\u00e9 pr\u00e8s d&rsquo;une baie vitr\u00e9e,<br \/>\nd\u00e9gustant le menu d\u00e9gustation de l&rsquo;\u00e9tablissement. Les t\u00e9moins<br \/>\npr\u00e9sents ont rapport\u00e9 une ambiance d\u00e9tendue entre les deux<br \/>\npersonnalit\u00e9s, qui ont \u00e9galement pris le temps de saluer l&rsquo;\u00e9quipe<br \/>\nen cuisine.<\/p>\n<p>La discr\u00e9tion n&rsquo;\u00e9tait manifestement pas de mise. Le choix d&rsquo;une<br \/>\ntable visible depuis la rue et la visite des cuisines ont aliment\u00e9<br \/>\nles sp\u00e9culations. D&rsquo;autant que leur soir\u00e9e s&rsquo;est prolong\u00e9e dans un<br \/>\nbar \u00e0 cocktails des environs. Deux jours plus tard, l&rsquo;ancien chef<br \/>\ndu gouvernement canadien assistait au concert montr\u00e9alais de la<br \/>\ntourn\u00e9e mondiale de l&rsquo;artiste, accompagn\u00e9 de sa fille de 16<br \/>\nans.<\/p>\n<p>Une strat\u00e9gie bien orchestr\u00e9e ?<\/p>\n<p>Selon Rob Shuter, ancien attach\u00e9 de presse de c\u00e9l\u00e9brit\u00e9s, cette<br \/>\nrencontre masquerait une approche calcul\u00e9e. \u00ab\u00a0J&rsquo;ai entendu dire<br \/>\nqu&rsquo;il se sent un peu pris au pi\u00e8ge par tout cela\u00a0\u00bb,<br \/>\nconfie-t-il. L&rsquo;expert en relations publiques r\u00e9v\u00e8le que la star<br \/>\naurait organis\u00e9 ce t\u00eate-\u00e0-t\u00eate apr\u00e8s avoir propos\u00e9 des billets<br \/>\ngratuits pour son spectacle.<\/p>\n<p>Cette exposition m\u00e9diatique arrive \u00e0 point nomm\u00e9 pour l&rsquo;<a href=\"https:\/\/www.closermag.fr\/people\/katy-perry-et-orlando-bloom-apres-leur-rupture-ils-partagent-des-vacances-en-famille-3562489\" rel=\"nofollow noopener\" target=\"_blank\">ancienne<br \/>\ncompagne d&rsquo;Orlando Bloom<\/a>. Sa tourn\u00e9e mondiale de 84 dates<br \/>\ntraverse une p\u00e9riode difficile, avec des critiques sur ses<br \/>\nperformances sc\u00e9niques et des ventes de billets d\u00e9cevantes. C\u00f4t\u00e9<br \/>\npriv\u00e9, la <a href=\"https:\/\/www.closermag.fr\/people\/katy-perry-et-orlando-bloom-separes-lacteur-brise-le-silence-avec-une-citation-lourde-de-sens-3560002\" rel=\"nofollow noopener\" target=\"_blank\"><br \/>\ns\u00e9paration du couple<\/a> form\u00e9 depuis 2016 et parents de Daisy, 4<br \/>\nans, a \u00e9galement fait les gros titres.<\/p>\n<p>Deux carri\u00e8res \u00e0 relancer<\/p>\n<p><a href=\"https:\/\/www.closermag.fr\/people\/katy-perry-et-justin-trudeau-en-couple-cette-photo-ne-laisse-plus-beaucoup-place-au-doute-3568250\" rel=\"nofollow noopener\" target=\"_blank\"><br \/>\nL&rsquo;ex-dirigeant lib\u00e9ral<\/a> traverse lui aussi une p\u00e9riode<br \/>\ncompliqu\u00e9e. Apr\u00e8s avoir quitt\u00e9 ses fonctions en janvier dernier<br \/>\nsous la pression de son parti, il tente de reconstruire sa<br \/>\nr\u00e9putation ternie par plusieurs scandales. Sa popularit\u00e9 avait<br \/>\nchut\u00e9 ces derni\u00e8res ann\u00e9es, notamment \u00e0 cause de sa gestion de<br \/>\nl&rsquo;immigration et de diverses pol\u00e9miques \u00e9thiques.<\/p>\n<p>Pour l&rsquo;heure, ni la <a href=\"https:\/\/www.closermag.fr\/people\/katy-perry-seffondre-apres-sa-rupture-avec-orlando-bloom-elle-est-a-ramasser-a-la-petite-cuillere-3560176\" rel=\"nofollow noopener\" target=\"_blank\"><br \/>\nm\u00e8re de Daisy<\/a> ni le p\u00e8re de trois enfants n&rsquo;ont comment\u00e9 ces<br \/>\nsp\u00e9culations amoureuses. Leurs proches respectifs restent \u00e9galement<br \/>\ndiscrets sur la nature exacte de leur relation, alimentant d&rsquo;autant<br \/>\nplus la curiosit\u00e9 du public des deux c\u00f4t\u00e9s de l&rsquo;Atlantique.<\/p>\n","protected":false},"excerpt":{"rendered":"Depuis sa rupture avec l&rsquo;acteur britannique Orlando Bloom annonc\u00e9e le mois dernier, l&rsquo;interpr\u00e8te de \u00ab\u00a0Teenage Dream\u00a0\u00bb multiplie les&hellip;\n","protected":false},"author":2,"featured_media":292219,"comment_status":"","ping_status":"","sticky":false,"template":"","format":"standard","meta":{"footnotes":""},"categories":[8],"tags":[548,58,59,1011,27,8553,33392],"class_list":{"0":"post-292218","1":"post","2":"type-post","3":"status-publish","4":"format-standard","5":"has-post-thumbnail","7":"category-divertissement","8":"tag-article-simple","9":"tag-divertissement","10":"tag-entertainment","11":"tag-fr","12":"tag-france","13":"tag-katy-perry","14":"tag-orlando-bloom"},"share_on_mastodon":{"url":"https:\/\/pubeurope.com\/@fr\/114961282747269507","error":""},"_links":{"self":[{"href":"https:\/\/www.europesays.com\/fr\/wp-json\/wp\/v2\/posts\/292218","targetHints":{"allow":["GET"]}}],"collection":[{"href":"https:\/\/www.europesays.com\/fr\/wp-json\/wp\/v2\/posts"}],"about":[{"href":"https:\/\/www.europesays.com\/fr\/wp-json\/wp\/v2\/types\/post"}],"author":[{"embeddable":true,"href":"https:\/\/www.europesays.com\/fr\/wp-json\/wp\/v2\/users\/2"}],"replies":[{"embeddable":true,"href":"https:\/\/www.europesays.com\/fr\/wp-json\/wp\/v2\/comments?post=292218"}],"version-history":[{"count":0,"href":"https:\/\/www.europesays.com\/fr\/wp-json\/wp\/v2\/posts\/292218\/revisions"}],"wp:featuredmedia":[{"embeddable":true,"href":"https:\/\/www.europesays.com\/fr\/wp-json\/wp\/v2\/media\/292219"}],"wp:attachment":[{"href":"https:\/\/www.europesays.com\/fr\/wp-json\/wp\/v2\/media?parent=292218"}],"wp:term":[{"taxonomy":"category","embeddable":true,"href":"https:\/\/www.europesays.com\/fr\/wp-json\/wp\/v2\/categories?post=292218"},{"taxonomy":"post_tag","embeddable":true,"href":"https:\/\/www.europesays.com\/fr\/wp-json\/wp\/v2\/tags?post=292218"}],"curies":[{"name":"wp","href":"https:\/\/api.w.org\/{rel}","templated":true}]}}