{"id":292222,"date":"2025-08-02T21:26:10","date_gmt":"2025-08-02T21:26:10","guid":{"rendered":"https:\/\/www.europesays.com\/fr\/292222\/"},"modified":"2025-08-02T21:26:10","modified_gmt":"2025-08-02T21:26:10","slug":"le-proprietaire-du-stade-rennais-negocie-une-cession-a-13-milliard-avec-le-qatar","status":"publish","type":"post","link":"https:\/\/www.europesays.com\/fr\/292222\/","title":{"rendered":"Le propri\u00e9taire du Stade Rennais n\u00e9gocie une cession \u00e0 1,3 milliard avec le Qatar"},"content":{"rendered":"<p><img fetchpriority=\"high\" decoding=\"async\" width=\"620\" height=\"413\" src=\"https:\/\/www.europesays.com\/fr\/wp-content\/uploads\/2025\/08\/Francois-Henri-Pinault-620x413.jpg\" alt=\"Le propri\u00e9taire du Stade Rennais n\u00e9gocie une cession \u00e0 1,3 milliard avec le Qatar\" class=\"wp-image-325356\"  \/>Le groupe Keirin de Francois Henri Pinault s\u2019appr\u00eate \u00e0 c\u00e9der le Monte Napoleone un an apr\u00e8s avoir l\u2019acquis.<\/p>\n<p>Le groupe Kering, propri\u00e9taire du <a href=\"https:\/\/sportune.20minutes.fr\/stade-rennais-srfc\" rel=\"nofollow noopener\" target=\"_blank\">Stade Rennais<\/a>, traverse une p\u00e9riode financi\u00e8re d\u00e9licate qui l\u2019am\u00e8ne \u00e0 envisager plusieurs cessions d\u2019actifs pour r\u00e9duire son endettement de 10,5 milliards d\u2019euros.<\/p>\n<p>Kering, qui d\u00e9tient les marques Gucci, Saint Laurent, Bottega Veneta et Balenciaga, a enregistr\u00e9 une baisse de son chiffre d\u2019affaires et de ses b\u00e9n\u00e9fices au premier semestre 2025. Le titre a perdu 24% en bourse sur douze mois, contraignant le management dirig\u00e9 par Fran\u00e7ois-Henri Pinault \u00e0 une r\u00e9vision strat\u00e9gique compl\u00e8te. Selon le <a href=\"https:\/\/www.corriere.it\/economia\/life\/25_agosto_02\/montenapoleone-il-palazzo-dei-record-finira-alla-famiglia-reale-del-qatar-1ab4105e-9c1b-4829-bb80-8627437a1xlk.shtml?refresh_ce\" target=\"_blank\" rel=\"noopener nofollow\">Corriere della Sera<\/a>, Kering n\u00e9gocie actuellement la vente de son prestigieux immeuble milanais de via Monte Napoleone avec un v\u00e9hicule d\u2019investissement li\u00e9 \u00e0 Hamad bin Jassim bin Jaber Al Thani, oncle de l\u2019\u00e9mir actuel et figure cl\u00e9 de la famille royale qatarie.<\/p>\n<p>L\u2019ancien DG du groupe Renault pour redresser Keiring<\/p>\n<p>L\u2019op\u00e9ration porterait sur la cession de la majorit\u00e9 de la soci\u00e9t\u00e9 propri\u00e9taire de l\u2019\u00e9difice, \u00e9valu\u00e9e \u00e0 environ 1,3 milliard d\u2019euros. Kering avait acquis cet immeuble aupr\u00e8s de Blackstone en avril 2024 pour ce montant, constituant le plus important investissement immobilier jamais r\u00e9alis\u00e9 en Italie sur une propri\u00e9t\u00e9 unique. Le groupe a d\u00e9j\u00e0 c\u00e9d\u00e9 ses outlets italiens et des participations immobili\u00e8res \u00e0 Paris, Tokyo et New York, g\u00e9n\u00e9rant 800 millions d\u2019euros. Le CEO Jean-Marc Duplaix a annonc\u00e9 que de nouvelles cessions pourraient intervenir entre fin 2025 et d\u00e9but 2026.<\/p>\n<p>L\u2019ancien dirigeant de Renault, Luca de Meo, prendra les r\u00eanes de Kering en septembre. Il devra \u00e9galement g\u00e9rer le dossier Valentino, dont Kering d\u00e9tient 30% aux c\u00f4t\u00e9s de Mayhoola (Qatar), qui pourrait exercer d\u00e8s 2026 une option de vente sur ses 70% restants.<\/p>\n","protected":false},"excerpt":{"rendered":"Le groupe Keirin de Francois Henri Pinault s\u2019appr\u00eate \u00e0 c\u00e9der le Monte Napoleone un an apr\u00e8s avoir l\u2019acquis.&hellip;\n","protected":false},"author":2,"featured_media":292223,"comment_status":"","ping_status":"","sticky":false,"template":"","format":"standard","meta":{"footnotes":""},"categories":[6],"tags":[35,33,34,1011,27,3087],"class_list":{"0":"post-292222","1":"post","2":"type-post","3":"status-publish","4":"format-standard","5":"has-post-thumbnail","7":"category-economie","8":"tag-business","9":"tag-economie","10":"tag-economy","11":"tag-fr","12":"tag-france","13":"tag-stade-rennais"},"share_on_mastodon":{"url":"https:\/\/pubeurope.com\/@fr\/114961290609948158","error":""},"_links":{"self":[{"href":"https:\/\/www.europesays.com\/fr\/wp-json\/wp\/v2\/posts\/292222","targetHints":{"allow":["GET"]}}],"collection":[{"href":"https:\/\/www.europesays.com\/fr\/wp-json\/wp\/v2\/posts"}],"about":[{"href":"https:\/\/www.europesays.com\/fr\/wp-json\/wp\/v2\/types\/post"}],"author":[{"embeddable":true,"href":"https:\/\/www.europesays.com\/fr\/wp-json\/wp\/v2\/users\/2"}],"replies":[{"embeddable":true,"href":"https:\/\/www.europesays.com\/fr\/wp-json\/wp\/v2\/comments?post=292222"}],"version-history":[{"count":0,"href":"https:\/\/www.europesays.com\/fr\/wp-json\/wp\/v2\/posts\/292222\/revisions"}],"wp:featuredmedia":[{"embeddable":true,"href":"https:\/\/www.europesays.com\/fr\/wp-json\/wp\/v2\/media\/292223"}],"wp:attachment":[{"href":"https:\/\/www.europesays.com\/fr\/wp-json\/wp\/v2\/media?parent=292222"}],"wp:term":[{"taxonomy":"category","embeddable":true,"href":"https:\/\/www.europesays.com\/fr\/wp-json\/wp\/v2\/categories?post=292222"},{"taxonomy":"post_tag","embeddable":true,"href":"https:\/\/www.europesays.com\/fr\/wp-json\/wp\/v2\/tags?post=292222"}],"curies":[{"name":"wp","href":"https:\/\/api.w.org\/{rel}","templated":true}]}}