{"id":292226,"date":"2025-08-02T21:28:12","date_gmt":"2025-08-02T21:28:12","guid":{"rendered":"https:\/\/www.europesays.com\/fr\/292226\/"},"modified":"2025-08-02T21:28:12","modified_gmt":"2025-08-02T21:28:12","slug":"un-mari-accuse-davoir-alcoolise-son-epouse-pour-la-faire-violer","status":"publish","type":"post","link":"https:\/\/www.europesays.com\/fr\/292226\/","title":{"rendered":"Un mari accus\u00e9 d\u2019avoir alcoolis\u00e9 son \u00e9pouse pour la faire violer"},"content":{"rendered":"<p>Ce samedi, un sexag\u00e9naire a \u00e9t\u00e9 pr\u00e9sent\u00e9 \u00e0 un juge, \u00e0 <a href=\"https:\/\/www.20minutes.fr\/dossier\/dijon\" class=\"color-ultramarine c-link\" target=\"_blank\" rel=\"noopener\">Dijon<\/a>, en vue de sa possible <a href=\"https:\/\/www.20minutes.fr\/dossier\/mise_en_examen\" class=\"color-ultramarine c-link\" target=\"_blank\" rel=\"noopener\">mise en examen<\/a> pour avoir alcoolis\u00e9 son \u00e9pouse, de pr\u00e8s de vingt ans sa cadette, et <a href=\"https:\/\/www.20minutes.fr\/dossier\/viol\" class=\"color-ultramarine c-link\" target=\"_blank\" rel=\"noopener\">l\u2019avoir viol\u00e9e<\/a> et fait violer par d\u2019autres hommes, a indiqu\u00e9 le parquet de Dijon.<\/p>\n<p>Dans un communiqu\u00e9, le parquet a pr\u00e9cis\u00e9 avoir re\u00e7u le t\u00e9moignage d\u2019un homme, vendredi vers 2h50, disant sortir \u00ab\u00a0d\u2019un rendez-vous libertin \u00e0 Dijon, au cours duquel une femme lui avait pratiqu\u00e9 une fellation\u00a0\u00bb. \u00ab\u00a0Il \u00e9mettait des doutes quant \u00e0 son consentement et son discernement\u00a0\u00bb, pr\u00e9cise le <a href=\"https:\/\/www.20minutes.fr\/dossier\/procureur_de_la_republique\" class=\"color-ultramarine c-link\" target=\"_blank\" rel=\"noopener\">procureur de la R\u00e9publique<\/a> adjoint, Pascal Labonne-Collin, dans le communiqu\u00e9.<\/p>\n<p>Une information judiciaire pour \u00ab\u00a0viols\u00a0\u00bb ouverte<\/p>\n<p>Interrog\u00e9, le mari, \u00e2g\u00e9 de 62 ans, confirmait le rendez-vous libertin, tandis que son \u00e9pouse, 44 ans, indiquait \u00ab\u00a0avoir consomm\u00e9 de l\u2019alcool, et ne plus avoir de souvenir de cette nuit\u00a0\u00bb.<\/p>\n<\/p>\n<p>Interpell\u00e9, le mari \u00e9tait plac\u00e9 en garde \u00e0 vue, son \u00e9pouse d\u00e9posant plainte contre lui.<\/p>\n<p>Le sexag\u00e9naire a affirm\u00e9 que ces relations libertines \u00e9taient librement consenties par son \u00e9pouse, selon le parquet, mais il \u00e9tait d\u00e9f\u00e9r\u00e9 ce samedi \u00e0 16h30 en vue d\u2019une possible mise en examen.<\/p>\n<p>Le parquet a ouvert contre lui une information judiciaire pour \u00ab\u00a0viols\u00a0\u00bb, \u00ab\u00a0commis par plusieurs personnes, en qualit\u00e9 d\u2019auteur ou de complices, et par le conjoint de la victime\u00a0\u00bb, avec la circonstance aggravante \u00ab\u00a0d\u2019administration \u00e0 la victime, \u00e0 son insu, de substance afin d\u2019alt\u00e9rer son discernement\u00a0\u00bb, pr\u00e9cise le communiqu\u00e9.<\/p>\n<p>Ces faits sont passibles de vingt ann\u00e9es de r\u00e9clusion criminelle, selon le parquet, qui a requis le placement en d\u00e9tention provisoire du mari.<\/p>\n","protected":false},"excerpt":{"rendered":"Ce samedi, un sexag\u00e9naire a \u00e9t\u00e9 pr\u00e9sent\u00e9 \u00e0 un juge, \u00e0 Dijon, en vue de sa possible mise&hellip;\n","protected":false},"author":2,"featured_media":292227,"comment_status":"","ping_status":"","sticky":false,"template":"","format":"standard","meta":{"footnotes":""},"categories":[4],"tags":[47,11,118,1011,27,303,12,15860,1072,25,1265,7434,799],"class_list":{"0":"post-292226","1":"post","2":"type-post","3":"status-publish","4":"format-standard","5":"has-post-thumbnail","7":"category-france","8":"tag-actualite","9":"tag-actualites","10":"tag-faits-divers","11":"tag-fr","12":"tag-france","13":"tag-justice","14":"tag-news","15":"tag-parquet","16":"tag-police","17":"tag-republique-francaise","18":"tag-viol","19":"tag-violences-sexuelles-et-sexistes","20":"tag-violences-sexuelles"},"share_on_mastodon":{"url":"https:\/\/pubeurope.com\/@fr\/114961298484899704","error":""},"_links":{"self":[{"href":"https:\/\/www.europesays.com\/fr\/wp-json\/wp\/v2\/posts\/292226","targetHints":{"allow":["GET"]}}],"collection":[{"href":"https:\/\/www.europesays.com\/fr\/wp-json\/wp\/v2\/posts"}],"about":[{"href":"https:\/\/www.europesays.com\/fr\/wp-json\/wp\/v2\/types\/post"}],"author":[{"embeddable":true,"href":"https:\/\/www.europesays.com\/fr\/wp-json\/wp\/v2\/users\/2"}],"replies":[{"embeddable":true,"href":"https:\/\/www.europesays.com\/fr\/wp-json\/wp\/v2\/comments?post=292226"}],"version-history":[{"count":0,"href":"https:\/\/www.europesays.com\/fr\/wp-json\/wp\/v2\/posts\/292226\/revisions"}],"wp:featuredmedia":[{"embeddable":true,"href":"https:\/\/www.europesays.com\/fr\/wp-json\/wp\/v2\/media\/292227"}],"wp:attachment":[{"href":"https:\/\/www.europesays.com\/fr\/wp-json\/wp\/v2\/media?parent=292226"}],"wp:term":[{"taxonomy":"category","embeddable":true,"href":"https:\/\/www.europesays.com\/fr\/wp-json\/wp\/v2\/categories?post=292226"},{"taxonomy":"post_tag","embeddable":true,"href":"https:\/\/www.europesays.com\/fr\/wp-json\/wp\/v2\/tags?post=292226"}],"curies":[{"name":"wp","href":"https:\/\/api.w.org\/{rel}","templated":true}]}}