{"id":292230,"date":"2025-08-02T21:31:13","date_gmt":"2025-08-02T21:31:13","guid":{"rendered":"https:\/\/www.europesays.com\/fr\/292230\/"},"modified":"2025-08-02T21:31:13","modified_gmt":"2025-08-02T21:31:13","slug":"saint-etienne-premier-bilan-pour-le-controle-automatise-du-stationnement","status":"publish","type":"post","link":"https:\/\/www.europesays.com\/fr\/292230\/","title":{"rendered":"SAINT-\u00c9TIENNE : PREMIER BILAN POUR LE CONTR\u00d4LE AUTOMATIS\u00c9 DU STATIONNEMENT"},"content":{"rendered":"<p>                <a href=\"https:\/\/cadenceradio.fr\" target=\"_blank\" aria-label=\"Banni\u00e8re Cadence 2025\" rel=\"nofollow noopener\"><img loading=\"lazy\" decoding=\"async\" src=\"https:\/\/www.europesays.com\/fr\/wp-content\/uploads\/2025\/07\/Banniere-Cadence-2025-scaled.jpg\" alt=\"\"   width=\"2560\" height=\"738\"\/><\/a><\/p>\n<p>Ce syst\u00e8me de lecture automatique des plaques d\u2019immatriculation, famili\u00e8rement appel\u00e9 \u00ab sulfateuse \u00e0 PV \u00bb, commence \u00e0 d\u00e9montrer son efficacit\u00e9 apr\u00e8s plusieurs mois de fonctionnement, malgr\u00e9 des d\u00e9buts marqu\u00e9s par quelques incompr\u00e9hensions.<\/p>\n<p>Le dispositif repose sur un v\u00e9hicule \u00e9quip\u00e9 de cam\u00e9ras sophistiqu\u00e9es qui parcourt les rues st\u00e9phanoises pour identifier automatiquement les plaques min\u00e9ralogiques et contr\u00f4ler le respect de la r\u00e9glementation sur le stationnement payant.<\/p>\n<p>Initialement programm\u00e9 pour novembre 2024, le lancement a \u00e9t\u00e9 report\u00e9 par choix strat\u00e9gique. Marie-Jo P\u00e9rez, adjointe responsable de la tranquillit\u00e9 publique et du stationnement, justifie cette d\u00e9cision : l\u2019attente de la fin des soldes visait \u00e0 pr\u00e9server l\u2019attractivit\u00e9 commerciale du centre-ville pendant cette p\u00e9riode cruciale.<\/p>\n<p>AM\u00c9LIORATION DES CONDITIONS DE TRAVAIL DES AGENTS<\/p>\n<p>L\u2019introduction de cette technologie a g\u00e9n\u00e9r\u00e9 des b\u00e9n\u00e9fices inattendus pour le personnel municipal. L\u2019automatisation du contr\u00f4le a consid\u00e9rablement diminu\u00e9 les confrontations d\u00e9sagr\u00e9ables entre les agents et les automobilistes en infraction.<\/p>\n<p>Marie-Jo P\u00e9rez souligne cette am\u00e9lioration notable : la r\u00e9duction de l\u2019agressivit\u00e9 rencontr\u00e9e par les agents constitue un progr\u00e8s significatif, le bien-\u00eatre du personnel repr\u00e9sentant une priorit\u00e9 municipale majeure.<\/p>\n<p>MAINTIEN DE L\u2019EMPLOI ET OPTIMISATION DES PERFORMANCES<\/p>\n<p>Contrairement aux craintes initialement exprim\u00e9es, l\u2019impl\u00e9mentation du syst\u00e8me n\u2019a entra\u00een\u00e9 aucune suppression d\u2019emploi. Les 25 agents municipaux utilisent d\u00e9sormais cette technologie pour d\u00e9multiplier leur efficacit\u00e9 op\u00e9rationnelle.<\/p>\n<p>Les capacit\u00e9s de contr\u00f4le ont \u00e9t\u00e9 spectaculairement am\u00e9lior\u00e9es : le v\u00e9hicule automatis\u00e9 peut v\u00e9rifier entre 1 000 et 1 500 v\u00e9hicules par heure, comparativement aux 200 \u00e0 250 contr\u00f4les quotidiens r\u00e9alisables par un agent de surveillance traditionnel.<\/p>\n<p>Les responsables municipaux observent \u00e9galement une meilleure fluidit\u00e9 dans l\u2019occupation des emplacements payants. Le syst\u00e8me automatis\u00e9 a mis fin aux strat\u00e9gies d\u2019\u00e9vitement qui permettaient auparavant \u00e0 certains v\u00e9hicules de stationner gratuitement toute une journ\u00e9e en \u00e9chappant \u00e0 la surveillance humaine. Cette universalisation de l\u2019application de la r\u00e9glementation satisfait l\u2019\u00e9lue qui consid\u00e8re que la loi s\u2019applique d\u00e9sormais \u00e9quitablement \u00e0 tous les usagers.<\/p>\n<p>DIFFICULT\u00c9S INITIALES ET ADAPTATION DES USAGERS<\/p>\n<p>Le d\u00e9marrage du dispositif a n\u00e9anmoins \u00e9t\u00e9 perturb\u00e9 par de nombreuses r\u00e9clamations, r\u00e9v\u00e9lant un d\u00e9ficit d\u2019information aupr\u00e8s des automobilistes. Beaucoup continuaient d\u2019utiliser les anciennes m\u00e9thodes, notamment l\u2019affichage de cartes de stationnement sur le pare-brise.<\/p>\n<p>Cette confusion s\u2019est r\u00e9v\u00e9l\u00e9e particuli\u00e8rement probl\u00e9matique pour les d\u00e9tenteurs de cartes CMI (Carte Mobilit\u00e9 Inclusion) ou PMR (Personnes \u00e0 Mobilit\u00e9 R\u00e9duite), b\u00e9n\u00e9ficiaires de la gratuit\u00e9 du stationnement sous condition d\u2019enregistrement pr\u00e9alable sur le portail municipal.<\/p>\n<p>ACCOMPAGNEMENT ET COMMUNICATION RENFORC\u00c9S<\/p>\n<p>L\u2019adjointe reconna\u00eet l\u2019importance cruciale de la communication dans la r\u00e9ussite de ce projet. La municipalit\u00e9 poursuit ses efforts d\u2019accompagnement des usagers, particuli\u00e8rement \u00e0 travers la collaboration avec les associations sp\u00e9cialis\u00e9es dans l\u2019aide aux personnes en situation de handicap.<\/p>\n<p>Bien qu\u2019un bilan chiffr\u00e9 exhaustif reste \u00e0 \u00e9tablir, Marie-Jo P\u00e9rez exprime sa satisfaction quant au fonctionnement g\u00e9n\u00e9ral du syst\u00e8me. Ces premiers mois d\u2019exp\u00e9rimentation sont qualifi\u00e9s d\u2019encourageants, laissant pr\u00e9sager une p\u00e9rennisation de ce dispositif technologique dans la gestion du stationnement st\u00e9phanois.<\/p>\n","protected":false},"excerpt":{"rendered":"Ce syst\u00e8me de lecture automatique des plaques d\u2019immatriculation, famili\u00e8rement appel\u00e9 \u00ab sulfateuse \u00e0 PV \u00bb, commence \u00e0 d\u00e9montrer&hellip;\n","protected":false},"author":2,"featured_media":127604,"comment_status":"","ping_status":"","sticky":false,"template":"","format":"standard","meta":{"footnotes":""},"categories":[9653],"tags":[1111,11,2430,1777,674,1011,27,3367,12,25,4001],"class_list":{"0":"post-292230","1":"post","2":"type-post","3":"status-publish","4":"format-standard","5":"has-post-thumbnail","7":"category-saint-etienne","8":"tag-actu","9":"tag-actualites","10":"tag-auvergne-rhone-alpes","11":"tag-eu","12":"tag-europe","13":"tag-fr","14":"tag-france","15":"tag-loire","16":"tag-news","17":"tag-republique-francaise","18":"tag-saint-etienne"},"share_on_mastodon":{"url":"https:\/\/pubeurope.com\/@fr\/114961310201041625","error":""},"_links":{"self":[{"href":"https:\/\/www.europesays.com\/fr\/wp-json\/wp\/v2\/posts\/292230","targetHints":{"allow":["GET"]}}],"collection":[{"href":"https:\/\/www.europesays.com\/fr\/wp-json\/wp\/v2\/posts"}],"about":[{"href":"https:\/\/www.europesays.com\/fr\/wp-json\/wp\/v2\/types\/post"}],"author":[{"embeddable":true,"href":"https:\/\/www.europesays.com\/fr\/wp-json\/wp\/v2\/users\/2"}],"replies":[{"embeddable":true,"href":"https:\/\/www.europesays.com\/fr\/wp-json\/wp\/v2\/comments?post=292230"}],"version-history":[{"count":0,"href":"https:\/\/www.europesays.com\/fr\/wp-json\/wp\/v2\/posts\/292230\/revisions"}],"wp:featuredmedia":[{"embeddable":true,"href":"https:\/\/www.europesays.com\/fr\/wp-json\/wp\/v2\/media\/127604"}],"wp:attachment":[{"href":"https:\/\/www.europesays.com\/fr\/wp-json\/wp\/v2\/media?parent=292230"}],"wp:term":[{"taxonomy":"category","embeddable":true,"href":"https:\/\/www.europesays.com\/fr\/wp-json\/wp\/v2\/categories?post=292230"},{"taxonomy":"post_tag","embeddable":true,"href":"https:\/\/www.europesays.com\/fr\/wp-json\/wp\/v2\/tags?post=292230"}],"curies":[{"name":"wp","href":"https:\/\/api.w.org\/{rel}","templated":true}]}}