{"id":292231,"date":"2025-08-02T21:37:13","date_gmt":"2025-08-02T21:37:13","guid":{"rendered":"https:\/\/www.europesays.com\/fr\/292231\/"},"modified":"2025-08-02T21:37:13","modified_gmt":"2025-08-02T21:37:13","slug":"lambiance-est-geniale-la-3e-edition-du-festival-musical-la-kermesse-fait-le-plein-a-la-seyne","status":"publish","type":"post","link":"https:\/\/www.europesays.com\/fr\/292231\/","title":{"rendered":"\u00ab\u00a0L\u2019ambiance est g\u00e9niale\u00a0\u00bb: la 3e \u00e9dition du festival musical La Kermesse fait le plein \u00e0 La Seyne"},"content":{"rendered":"<p>Un empereur romain. La f\u00e9e clochette. Des cow-boys et des indiennes. Du maquillage et des paillettes. La Kermesse porte d\u00e9cid\u00e9ment bien son nom. <a href=\"https:\/\/www.varmatin.com\/concerts\/tout-savoir-sur-la-plus-grande-boum-de-france-996437\" target=\"_blank\" rel=\"noopener\">Plus de vingt mille festivaliers<\/a> d\u00e9filent ainsi chaque soir, dans la joie et la bonne humeur, ce week-end au Parc de la Navale. \u00c0 l\u2019heure o\u00f9 le soleil se fait moins mordant, Francky Vincent fait monter la temp\u00e9rature d\u2019un cran. La chatte \u00e0 la voisine est reprise en ch\u0153ur par un public en liesse.<\/p>\n<p>\u00ab\u00a0L\u2019ambiance est g\u00e9niale\u00a0\u00bb<\/p>\n<p>              <img ci-src=\"https:\/\/www.varmatin.com\/festivites\/protec\/DATA_ART_16014627-rGCdD9B3.jpg?vh=dbb4d6&amp;ci_seal=921e4149dd\" alt=\"\"\/><br \/>\n        Tous les styles vestimentaires et les d\u00e9guisements \u00e9taient repr\u00e9sent\u00e9s, vendredi soir.  <strong>Photos Frank Muller.<\/strong> <\/p>\n<p>              <img ci-src=\"https:\/\/www.varmatin.com\/festivites\/protec\/DATA_ART_16017243-AG8VXfkG.jpg?vh=480883&amp;ci_seal=5678b69dc1\" alt=\"\"\/><br \/>\n         <strong>Nice Matin.<\/strong> <\/p>\n<p>Pour immortaliser le moment, certains sortent des Kodak jetables, \u00e0 l&rsquo;ancienne. Un brin nostalgiques, les trentenaires et les quadrag\u00e9naires sont de sortie. Adolescents dans les ann\u00e9es 2000, ils sont devenus\u2026 de grands enfants. Et ils comptent bien en profiter. \u00ab\u00a0C\u2019est la premi\u00e8re fois qu\u2019on vient et l&rsquo;ambiance est g\u00e9niaaale!\u00a0\u00bb, crient Marion et Sophie 28 ans, et Anais 32 ans. Sla\u00ef, Amine, L5, Kenza Farah, Tribal King, Oph\u00e9lie Winter, Boney M, N\u00e8g Marrons\u2026 Les artistes d\u00e9filent sur l\u2019immense sc\u00e8ne mont\u00e9e en bord de rade et les trois Lyonnaises, qui connaissent toutes les paroles par c\u0153ur, chantent \u00e0 tue-t\u00eate: \u00ab\u00a0Au coll\u00e8ge on \u00e9coutait \u00e7a!\u00a0\u00bb<\/p>\n<p>Certains artistes ont carr\u00e9ment leurs fans. Loubia 34 ans, participe pour la 3e ann\u00e9e au festival. \u00c0 ses c\u00f4t\u00e9s, L\u00e9a, 33 ans, se d\u00e9clare fan d\u2019Oph\u00e9lie Winter. \u00ab\u00a0On vient aussi pour Fatal Bazooka ce dimanche!\u00a0\u00bb Laura et Cassandre 30 ans toutes les deux, sont venues d\u2019Avignon pour voir sur sc\u00e8ne Kayliah et Tribal King. \u00ab\u00a0On \u00e9coutait quand on avait 13 &#8211; 14 ans, c&rsquo;est super de les revoir. Et l&rsquo;ambiance est vraiment au top \u00e0 La Seyne!\u00a0\u00bb<\/p>\n<p>              <img ci-src=\"https:\/\/www.varmatin.com\/festivites\/protec\/DATA_ART_16017246-uRnBMxcO.jpg?vh=98f36a&amp;ci_seal=0e55db4eb6\" alt=\"\"\/><br \/>\n         <strong>Nice Matin.<\/strong> <\/p>\n<p>\u00c0 20h40, au coucher du soleil, le groupe L5 monte sur sc\u00e8ne. Des milliers de filles (et quelques gar\u00e7ons) hurlent comme si elles retrouvaient leurs meilleures amies des ann\u00e9es plus tard.<\/p>\n<p>Vingt-cinq ans apr\u00e8s sa formation, le girls band fran\u00e7ais le plus populaire avec 4,4 millions de disques vendus l\u2019a bien compris et lance \u00e0 son public: \u00ab\u00a0Vous n\u2019avez pas chang\u00e9!\u00a0\u00bb La magie op\u00e8re. La fum\u00e9e et les cotillons sont l\u00e2ch\u00e9s. Le tube Toutes les femmes de ta vie enflamme le dancefloor. La Seyne devient ainsi, l\u2019espace d\u2019un week-end, la plus grande discoth\u00e8que de France.<\/p>\n<p>Le programme du week-end. Apr\u00e8s une deuxi\u00e8me soir\u00e9e ce samedi avec, entre autres, Willy Denzey, Jessy Matador, Gilbert Montagn\u00e9, K.Maro ou Shy\u2019m, la grande sc\u00e8ne du festival accueillera ce dimanche, de 16h \u00e0 minuit: Matt LD &amp; DJ Fafa, Andrick Airways, Perle Lama, Factor X, Kamini, Lucenzo, PZK, Helmut Fritz, Zaho, Keen\u2019V et Fatal Bazooka.<\/p>\n<p>              <img ci-src=\"https:\/\/www.varmatin.com\/festivites\/protec\/DATA_ART_16017240-yFwpeDxX.jpg?vh=703e73&amp;ci_seal=08c76d10f7\" alt=\"\"\/><br \/>\n         <strong>Nice Matin.<\/strong> <\/p>\n","protected":false},"excerpt":{"rendered":"Un empereur romain. La f\u00e9e clochette. Des cow-boys et des indiennes. Du maquillage et des paillettes. La Kermesse&hellip;\n","protected":false},"author":2,"featured_media":292232,"comment_status":"","ping_status":"","sticky":false,"template":"","format":"standard","meta":{"footnotes":""},"categories":[9619],"tags":[1111,11,4156,1777,674,7186,1011,27,12,882,25,2310],"class_list":{"0":"post-292231","1":"post","2":"type-post","3":"status-publish","4":"format-standard","5":"has-post-thumbnail","7":"category-toulon","8":"tag-actu","9":"tag-actualites","10":"tag-concerts","11":"tag-eu","12":"tag-europe","13":"tag-festivites","14":"tag-fr","15":"tag-france","16":"tag-news","17":"tag-provence-alpes-cote-dazur","18":"tag-republique-francaise","19":"tag-toulon"},"share_on_mastodon":{"url":"https:\/\/pubeurope.com\/@fr\/114961333934983545","error":""},"_links":{"self":[{"href":"https:\/\/www.europesays.com\/fr\/wp-json\/wp\/v2\/posts\/292231","targetHints":{"allow":["GET"]}}],"collection":[{"href":"https:\/\/www.europesays.com\/fr\/wp-json\/wp\/v2\/posts"}],"about":[{"href":"https:\/\/www.europesays.com\/fr\/wp-json\/wp\/v2\/types\/post"}],"author":[{"embeddable":true,"href":"https:\/\/www.europesays.com\/fr\/wp-json\/wp\/v2\/users\/2"}],"replies":[{"embeddable":true,"href":"https:\/\/www.europesays.com\/fr\/wp-json\/wp\/v2\/comments?post=292231"}],"version-history":[{"count":0,"href":"https:\/\/www.europesays.com\/fr\/wp-json\/wp\/v2\/posts\/292231\/revisions"}],"wp:featuredmedia":[{"embeddable":true,"href":"https:\/\/www.europesays.com\/fr\/wp-json\/wp\/v2\/media\/292232"}],"wp:attachment":[{"href":"https:\/\/www.europesays.com\/fr\/wp-json\/wp\/v2\/media?parent=292231"}],"wp:term":[{"taxonomy":"category","embeddable":true,"href":"https:\/\/www.europesays.com\/fr\/wp-json\/wp\/v2\/categories?post=292231"},{"taxonomy":"post_tag","embeddable":true,"href":"https:\/\/www.europesays.com\/fr\/wp-json\/wp\/v2\/tags?post=292231"}],"curies":[{"name":"wp","href":"https:\/\/api.w.org\/{rel}","templated":true}]}}