{"id":292234,"date":"2025-08-02T21:40:13","date_gmt":"2025-08-02T21:40:13","guid":{"rendered":"https:\/\/www.europesays.com\/fr\/292234\/"},"modified":"2025-08-02T21:40:13","modified_gmt":"2025-08-02T21:40:13","slug":"un-mineur-arrete-en-flagrant-delit-de-declenchement-dun-incendie","status":"publish","type":"post","link":"https:\/\/www.europesays.com\/fr\/292234\/","title":{"rendered":"un mineur arr\u00eat\u00e9 en flagrant d\u00e9lit de d\u00e9clenchement d\u2019un incendie"},"content":{"rendered":"<p>\u00c2g\u00e9 de 17 ans, l\u2019auteur pr\u00e9sum\u00e9 a \u00e9t\u00e9 plac\u00e9 en garde \u00e0 vue samedi 2 ao\u00fbt \u00e0 Montpellier. 4700 m2 sont partis en fum\u00e9e.<\/p>\n<p class=\"fig-paragraph\">Sans l\u2019intervention d\u2019un t\u00e9moin de la sc\u00e8ne, l\u2019affaire aurait pu tourner \u00e0 la catastrophe. Samedi 2 ao\u00fbt \u00e0\u00a0<a href=\"http:\/\/www.lefigaro.fr\/voyages\/dossier\/montpellier\" data-fig-type=\"Topic\" data-gtm-custom-categorie=\"navigation\" data-gtm-custom-action=\"crossclick\" data-gtm-custom-label=\"Contextuel\" data-gtm-event=\"customEventSPE\" data-fig-domain=\"LEFIGARO\" rel=\"nofollow noopener\" target=\"_blank\">Montpellier<\/a>\u00a0dans la soir\u00e9e, un mineur de 17 ans a \u00e9t\u00e9 plac\u00e9 en garde \u00e0 vue apr\u00e8s avoir \u00e9t\u00e9 pris en flagrant d\u00e9lit de d\u00e9clenchement d&rsquo;un feu de pin\u00e8de dans le quartier des Hauts de Massane, au nord de la ville, a appris l\u2019AFP de source polici\u00e8re.<\/p>\n<p class=\"fig-paragraph\">\u00abNous avons \u00e9t\u00e9 avis\u00e9s par un t\u00e9moin des faits, au moment m\u00eame o\u00f9 le feu commen\u00e7ait \u00e0 se propager. Nous avions, heureusement, une \u00e9quipe pas loin des lieux, ce qui nous a permis de r\u00e9agir rapidement et de contacter les pompiers\u00bb, a pr\u00e9cis\u00e9 \u00e0 la Direction interd\u00e9partementale de la police nationale (DIPN). La mobilisation de trois groupes d&rsquo;intervention de lutte contre les feux de for\u00eats au sol, ainsi que d&rsquo;un h\u00e9licopt\u00e8re et d&rsquo;un\u00a0<a href=\"https:\/\/www.lefigaro.fr\/flash-actu\/2011\/11\/05\/97001-20111105FILWWW00414-la-reunionincendie-les-dash-en-action.php\" data-fig-type=\"NewsFlash\" data-gtm-custom-categorie=\"navigation\" data-gtm-custom-action=\"crossclick\" data-gtm-custom-label=\"Contextuel\" data-gtm-event=\"customEventSPE\" data-fig-domain=\"LEFIGARO\" rel=\"nofollow noopener\" target=\"_blank\">dash<\/a>, a \u00e9t\u00e9 n\u00e9cessaire pour \u00e9teindre l&rsquo;incendie dans les plus brefs d\u00e9lais. \u00abGr\u00e2ce \u00e0 une attaque massive, le feu est circonscrit, 4.700 m2 ont br\u00fbl\u00e9\u00bb, ont soulign\u00e9 les pompiers.<\/p>\n<p>                                    <a class=\"fig-a11y-skip a11y-hidden\" href=\"#fig-a11y-skip-main-inarticle\"><br \/>\n        Passer la publicit\u00e9<br \/>\n    <\/a><\/p>\n<p class=\"fig-paragraph\">Le jeune homme incendiaire, qui n&rsquo;habite pas le quartier vis\u00e9, est d\u00e9j\u00e0 connu des services de police et a fait preuve de r\u00e9bellion lors de son placement en garde \u00e0 vue. La veille, un autre incendie s&rsquo;\u00e9tait d\u00e9clench\u00e9 \u00e0 une centaine de m\u00e8tres, \u00abmais nous sommes totalement dans l&rsquo;ignorance d&rsquo;un possible lien\u00bb, a ajout\u00e9 la DIPN.<\/p>\n","protected":false},"excerpt":{"rendered":"\u00c2g\u00e9 de 17 ans, l\u2019auteur pr\u00e9sum\u00e9 a \u00e9t\u00e9 plac\u00e9 en garde \u00e0 vue samedi 2 ao\u00fbt \u00e0 Montpellier.&hellip;\n","protected":false},"author":2,"featured_media":292235,"comment_status":"","ping_status":"","sticky":false,"template":"","format":"standard","meta":{"footnotes":""},"categories":[9599],"tags":[1111,11,1777,674,1011,27,1310,2208,12,2680,25],"class_list":{"0":"post-292234","1":"post","2":"type-post","3":"status-publish","4":"format-standard","5":"has-post-thumbnail","7":"category-montpellier","8":"tag-actu","9":"tag-actualites","10":"tag-eu","11":"tag-europe","12":"tag-fr","13":"tag-france","14":"tag-incendie","15":"tag-montpellier","16":"tag-news","17":"tag-occitanie","18":"tag-republique-francaise"},"share_on_mastodon":{"url":"https:\/\/pubeurope.com\/@fr\/114961345588919232","error":""},"_links":{"self":[{"href":"https:\/\/www.europesays.com\/fr\/wp-json\/wp\/v2\/posts\/292234","targetHints":{"allow":["GET"]}}],"collection":[{"href":"https:\/\/www.europesays.com\/fr\/wp-json\/wp\/v2\/posts"}],"about":[{"href":"https:\/\/www.europesays.com\/fr\/wp-json\/wp\/v2\/types\/post"}],"author":[{"embeddable":true,"href":"https:\/\/www.europesays.com\/fr\/wp-json\/wp\/v2\/users\/2"}],"replies":[{"embeddable":true,"href":"https:\/\/www.europesays.com\/fr\/wp-json\/wp\/v2\/comments?post=292234"}],"version-history":[{"count":0,"href":"https:\/\/www.europesays.com\/fr\/wp-json\/wp\/v2\/posts\/292234\/revisions"}],"wp:featuredmedia":[{"embeddable":true,"href":"https:\/\/www.europesays.com\/fr\/wp-json\/wp\/v2\/media\/292235"}],"wp:attachment":[{"href":"https:\/\/www.europesays.com\/fr\/wp-json\/wp\/v2\/media?parent=292234"}],"wp:term":[{"taxonomy":"category","embeddable":true,"href":"https:\/\/www.europesays.com\/fr\/wp-json\/wp\/v2\/categories?post=292234"},{"taxonomy":"post_tag","embeddable":true,"href":"https:\/\/www.europesays.com\/fr\/wp-json\/wp\/v2\/tags?post=292234"}],"curies":[{"name":"wp","href":"https:\/\/api.w.org\/{rel}","templated":true}]}}