{"id":292236,"date":"2025-08-02T21:44:49","date_gmt":"2025-08-02T21:44:49","guid":{"rendered":"https:\/\/www.europesays.com\/fr\/292236\/"},"modified":"2025-08-02T21:44:49","modified_gmt":"2025-08-02T21:44:49","slug":"grenoble-visite-en-transat-des-decors-de-la-chapelle-du-musee-dauphinois-ce-dimanche","status":"publish","type":"post","link":"https:\/\/www.europesays.com\/fr\/292236\/","title":{"rendered":"Grenoble. Visite en transat des d\u00e9cors de la chapelle du Mus\u00e9e dauphinois ce dimanche"},"content":{"rendered":"<p>Dimanche 3\u00a0ao\u00fbt, de 11\u00a0h \u00e0 12\u00a0h, le Mus\u00e9e dauphinois invite le public \u00e0 une visite estivale originale. Le public pourra s\u2019installer confortablement dans un transat et se laisser guider \u00e0 la d\u00e9couverte de la chapelle baroque de l\u2019ancien couvent de Sainte-Marie-d\u2019en-Haut, devenu le Mus\u00e9e dauphinois. <\/p>\n<p>Dans la fra\u00eecheur de la chapelle, une lecture sensible de ses d\u00e9cors peints et de son retable sculpt\u00e9 sera propos\u00e9e, pour en apprendre plus sur les secrets et la richesse artistique de ce lieu unique.<\/p>\n<p class=\"note\">Cette visite s\u2019adresse \u00e0 tous les publics. Gratuit, sur inscription au 04\u00a057\u00a058\u00a089\u00a001. Mus\u00e9e dauphinois, 30 rue Maurice-Gignoux \u00e0 Grenoble. Plus d\u2019informations\u00a0: musees.isere.fr<\/p>\n","protected":false},"excerpt":{"rendered":"Dimanche 3\u00a0ao\u00fbt, de 11\u00a0h \u00e0 12\u00a0h, le Mus\u00e9e dauphinois invite le public \u00e0 une visite estivale originale. Le&hellip;\n","protected":false},"author":2,"featured_media":292237,"comment_status":"","ping_status":"","sticky":false,"template":"","format":"standard","meta":{"footnotes":""},"categories":[9566],"tags":[1111,11,2430,1687,112,1777,674,1011,27,2731,2732,12,25],"class_list":{"0":"post-292236","1":"post","2":"type-post","3":"status-publish","4":"format-standard","5":"has-post-thumbnail","7":"category-grenoble","8":"tag-actu","9":"tag-actualites","10":"tag-auvergne-rhone-alpes","11":"tag-culture-loisirs","12":"tag-edition-grenoble-agglomeration","13":"tag-eu","14":"tag-europe","15":"tag-fr","16":"tag-france","17":"tag-grenoble","18":"tag-grenoble-bassin","19":"tag-news","20":"tag-republique-francaise"},"share_on_mastodon":{"url":"https:\/\/pubeurope.com\/@fr\/114961365253260883","error":""},"_links":{"self":[{"href":"https:\/\/www.europesays.com\/fr\/wp-json\/wp\/v2\/posts\/292236","targetHints":{"allow":["GET"]}}],"collection":[{"href":"https:\/\/www.europesays.com\/fr\/wp-json\/wp\/v2\/posts"}],"about":[{"href":"https:\/\/www.europesays.com\/fr\/wp-json\/wp\/v2\/types\/post"}],"author":[{"embeddable":true,"href":"https:\/\/www.europesays.com\/fr\/wp-json\/wp\/v2\/users\/2"}],"replies":[{"embeddable":true,"href":"https:\/\/www.europesays.com\/fr\/wp-json\/wp\/v2\/comments?post=292236"}],"version-history":[{"count":0,"href":"https:\/\/www.europesays.com\/fr\/wp-json\/wp\/v2\/posts\/292236\/revisions"}],"wp:featuredmedia":[{"embeddable":true,"href":"https:\/\/www.europesays.com\/fr\/wp-json\/wp\/v2\/media\/292237"}],"wp:attachment":[{"href":"https:\/\/www.europesays.com\/fr\/wp-json\/wp\/v2\/media?parent=292236"}],"wp:term":[{"taxonomy":"category","embeddable":true,"href":"https:\/\/www.europesays.com\/fr\/wp-json\/wp\/v2\/categories?post=292236"},{"taxonomy":"post_tag","embeddable":true,"href":"https:\/\/www.europesays.com\/fr\/wp-json\/wp\/v2\/tags?post=292236"}],"curies":[{"name":"wp","href":"https:\/\/api.w.org\/{rel}","templated":true}]}}